
{"id":1448,"date":"2021-12-22T08:49:31","date_gmt":"2021-12-22T08:49:31","guid":{"rendered":"https:\/\/program.appinconf.com\/program\/?p=1448"},"modified":"2021-12-22T08:49:36","modified_gmt":"2021-12-22T08:49:36","slug":"nordiska-arkivdagarna-2022-list","status":"publish","type":"post","link":"https:\/\/program.appinconf.com\/program\/2021\/12\/22\/nordiska-arkivdagarna-2022-list\/","title":{"rendered":"Nordiska arkivdagarna 2022 &#8211; list"},"content":{"rendered":"<p>[et_pb_section fb_built=&#8221;1&#8243; _builder_version=&#8221;4.9.2&#8243; _module_preset=&#8221;default&#8221;][et_pb_row _builder_version=&#8221;4.9.2&#8243; _module_preset=&#8221;default&#8221;][et_pb_column _builder_version=&#8221;4.9.2&#8243; _module_preset=&#8221;default&#8221; type=&#8221;4_4&#8243;][et_pb_text _builder_version=&#8221;4.9.2&#8243; _module_preset=&#8221;default&#8221; hover_enabled=&#8221;0&#8243; sticky_enabled=&#8221;0&#8243;]\n<script type=\"text\/javascript\">\n    var allRooms = JSON.parse('[{\"id\":\"1ec6275b-dcb9-6ab6-b842-06740b380f04\",\"name\":\"Lokal B123 - Webbs\\u00e4nds - Plenary\",\"position\":0},{\"id\":\"1ec63105-bf66-66d6-a574-06740b380f04\",\"name\":\"Lokal C1&2 - Parallel sessions\",\"position\":1},{\"id\":\"1eced49a-525f-6e2a-b03a-020287552602\",\"name\":\"Lokal C1 - Parallel sessions\",\"position\":2},{\"id\":\"1eced49a-a7d9-6108-b599-020287552602\",\"name\":\"Lokal C2 - Parallel sessions\",\"position\":3},{\"id\":\"1ec63105-fc5b-62b2-be64-06740b380f04\",\"name\":\"Lokal C3 - Parallel sessions\",\"position\":4},{\"id\":\"1ec63106-320d-6cfc-a9c6-06740b380f04\",\"name\":\"Lokal C4 - Workshops\",\"position\":5},{\"id\":\"1ec6c818-5b77-6238-be18-06740b380f04\",\"name\":\"Konferensfoaj\\u00e9\",\"position\":6},{\"id\":\"1ec79e48-6fe7-66f8-b0a8-06740b380f04\",\"name\":\"Bankettsalen\",\"position\":7},{\"id\":\"1ed22e14-47df-69ba-a91c-020287552602\",\"name\":\"Only digital sessions\",\"position\":8}]');\n    var allCategories = JSON.parse('[{\"id\":1662,\"name\":\"Only digital\",\"color\":\"#e00063\"},{\"id\":1249,\"name\":\"Demokrati och r\\u00e4tten till arkiv\",\"color\":\"#9dcdf8\"},{\"id\":1250,\"name\":\"Gemensamt program\",\"color\":\"#c2e798\"},{\"id\":1251,\"name\":\"Effektiv informationshantering\",\"color\":\"#e0929b\"},{\"id\":1252,\"name\":\"Arkiv p\\u00e5 r\\u00e4tt s\\u00e4tt -  om legala och etiska aspekter\",\"color\":\"#fadf9f\"},{\"id\":1253,\"name\":\"Keynote\",\"color\":\"#d3ffce\"},{\"id\":1254,\"name\":\"Socialt\",\"color\":\"#dddddd\"},{\"id\":1255,\"name\":\"Workshop\",\"color\":\"#ced3ff\"}]');\n  <\/script>\n\n  <script type=\"text\/javascript\">\n    var templateUrl = 'https:\/\/program.appinconf.com\/program\/wp-content\/plugins\/wordpress_plugin_schedule\/img\/';\n  <\/script>\n\n  <input type=\"hidden\" id=\"new_cms\" value=\"1\" \/>\n  <input type=\"hidden\" id=\"spanning_color\" value=\"#164789\" \/>\n  <input type=\"hidden\" id=\"spanning_text_color\" value=\"#ffffff\" \/>\n  <input type=\"hidden\" id=\"list_as_default\" value=\"0\" \/>\n  <input type=\"hidden\" id=\"fetch_abstract\" value=\"\" \/>\n  <input type=\"hidden\" id=\"show_abs_nbr\" value=\"\" \/>\n  <input type=\"hidden\" id=\"use-auto-heights\" value=\"true\" \/>\n  <input id='base_path' type='hidden' value='https:\/\/program.appinconf.com\/program\/wp-content\/plugins\/wordpress_plugin_schedule' \/>\n  <input id='project' type='hidden' value='1ec62755-9b51-6318-9c6c-06740b380f04' \/>\n  <input id='lang' type='hidden' value='sv' \/>\n  <input id='show_link_to_abstract' type='hidden' value='1' \/>\n\n  <div id=\"plugin_main_container\" style='height: 1170px;'>\n\n    \n    <div id=\"type_filter_div\" style='display: none;'>\n      <div class=\"btn-group\" role=\"group\" aria-label=\"...\">\n        <button id=\"show_graph_schedule_button\" type=\"button\" class=\"btn btn-default selected_list_type\">\n          <i class=\"fa fa-calendar\" aria-hidden=\"true\"><\/i>\n        <\/button>\n        <button id=\"show_list_schedule_button\" type=\"button\" class=\"btn btn-default \">\n          <i class=\"fa fa-list\" aria-hidden=\"true\"><\/i>\n        <\/button>\n        <button id=\"list_program_button_print\" type=\"button\" class=\"btn btn-default\" style=\"display: none;\">\n          <i class=\"fa fa-print\" aria-hidden=\"true\"><\/i>\n        <\/button>\n      <\/div>\n      \n    <\/div>\n\n    <div id=\"personal_filter_div\" style='display: none;'>\n        <div id=\"email-input-group\" class=\"email-input-group input-group\">\n          <span class=\"input-group-addon\" id=\"sizing-addon2\">@<\/span>\n          <input id=\"list_filter_input\" type=\"email\" class=\"form-control\" placeholder=\"Ange din email eller bokningsnummer\" aria-describedby=\"sizing-addon2\">\n        <\/div>\n        <button id=\"list_filter_button\" class=\"btn btn-primary\">Visa mitt program<\/button>\n\n    <\/div>\n\n    <div id=\"personal_filter_user_information\" style=\"display: none;\">\n      <i class=\"fa fa-user fa-2x\" aria-hidden=\"true\"><\/i><span id=\"personal_information\"><\/span>\n      <button id=\"list_filter_button_print\" class=\"btn btn-success hide\"><i class=\"fa fa-print\" aria-hidden=\"true\"><\/i><\/button>\n      <button id=\"list_filter_button_reset\" class=\"btn btn-danger hide\">\u00c5terst\u00e4ll<\/button>\n    <\/div>\n\n    <div id=\"list_calendar_container\" style=''>\n\n      <div id=\"list_filter_alert_div_not_found\" class=\"alert alert-info hide\" role=\"alert\">\n          <span>\n            Anv\u00e4ndaren kunde inte hittas. Var god f\u00f6rs\u00f6k igen.          <\/span>\n      <\/div>\n\n      <div id=\"list_filter_alert_div_error\" class=\"alert alert-info hide\" role=\"alert\">\n          <span>\n            Det uppstod ett problem n\u00e4r ditt program skulle h\u00e4mtas. Var god f\u00f6rs\u00f6k igen.          <\/span>\n      <\/div>\n\n      <div id=\"list_calendar_container_inner\" style=\"height: 1000px;\">\n\n          <div class='list_header' data-day='0' style='background-color: rgba(32, 132, 196, 0.83); color: rgba(255, 255, 255, 1);'>Torsdag 1 september<\/div>\n          <div class=\"box-wrapper\"\n              data-id=\"1ec6310c-d4e0-6cd0-b67e-06740b380f04\">\n\n              <div class='time-header'>07:30<\/div>\n\n              <div class=\"box\"\n                data-id=\"1ec6310c-d4e0-6cd0-b67e-06740b380f04\"\n                data-project=\"1ec62755-9b51-6318-9c6c-06740b380f04\"\n                data-title=\"Registrering & kaffe\"\n                data-time=\"07:30-08:30\"\n                data-room=\"Konferensfoaj\u00e9\"\n                data-room-id=\"1ec6c818-5b77-6238-be18-06740b380f04\"\n                data-room-name=\"Konferensfoaj\u00e9\"\n                data-day=\"0\"\n                data-abs-nbr=\"\"\n                data-abs-path=\"\"\n                data-speaker=\"\"\n                data-speakercell=\"\"\n                data-info=\"\"\n                data-category=\"Socialt\"\n                data-category-ids=\"1254\"\n                data-span-all=\"1\"\n              >\n\n              \n\n              <div class=\"vertical_bar\" style=\"background-color: #dddddd;\"><\/div>\n              <div class=\"box_inner\">\n                                <span>Registrering & kaffe<\/span>\n               <br>\n               \n               <div class=\"room_div \">\n                 <i class=\"list-room\">Konferensfoaj\u00e9<\/i>\n               <\/div>\n\n               <div class=\"name_time_div\">\n                <i class=\"list-time\" data-time=\"07:30\">07:30-08:30 - Torsdag 1 september<\/i>\n               <\/div>\n              <\/div>\n             <\/div>\n          <\/div>\n\n          \n          <div class=\"box-wrapper\"\n              data-id=\"1ec6275c-4564-6732-8cc1-06740b380f04\">\n\n              <div class='time-header'>08:45<\/div>\n\n              <div class=\"box\"\n                data-id=\"1ec6275c-4564-6732-8cc1-06740b380f04\"\n                data-project=\"1ec62755-9b51-6318-9c6c-06740b380f04\"\n                data-title=\"\u00d6ppnande och invigning\"\n                data-time=\"08:45-09:30\"\n                data-room=\"Lokal B123 - Webbs\u00e4nds - Plenary\"\n                data-room-id=\"1ec6275b-dcb9-6ab6-b842-06740b380f04\"\n                data-room-name=\"Lokal B123 - Webbs\u00e4nds - Plenary\"\n                data-day=\"0\"\n                data-abs-nbr=\"\"\n                data-abs-path=\"\"\n                data-speaker=\"\"\n                data-speakercell=\"\"\n                data-info=\"\"\n                data-category=\"Gemensamt program\"\n                data-category-ids=\"1250\"\n                data-span-all=\"1\"\n              >\n\n              \n\n              <div class=\"vertical_bar\" style=\"background-color: #c2e798;\"><\/div>\n              <div class=\"box_inner\">\n                                <span>\u00d6ppnande och invigning<\/span>\n               <br>\n               \n               <div class=\"room_div \">\n                 <i class=\"list-room\">Lokal B123 - Webbs\u00e4nds - Plenary<\/i>\n               <\/div>\n\n               <div class=\"name_time_div\">\n                <i class=\"list-time\" data-time=\"08:45\">08:45-09:30 - Torsdag 1 september<\/i>\n               <\/div>\n              <\/div>\n             <\/div>\n          <\/div>\n\n          \n          <div class=\"box-wrapper\"\n              data-id=\"1ec63114-e54c-60da-ba6a-06740b380f04\">\n\n              <div class='time-header'>09:30<\/div>\n\n              <div class=\"box\"\n                data-id=\"1ec63114-e54c-60da-ba6a-06740b380f04\"\n                data-project=\"1ec62755-9b51-6318-9c6c-06740b380f04\"\n                data-title=\"Demokrati i historia och nutid\"\n                data-time=\"09:30-10:00\"\n                data-room=\"Lokal B123 - Webbs\u00e4nds - Plenary\"\n                data-room-id=\"1ec6275b-dcb9-6ab6-b842-06740b380f04\"\n                data-room-name=\"Lokal B123 - Webbs\u00e4nds - Plenary\"\n                data-day=\"0\"\n                data-abs-nbr=\"\"\n                data-abs-path=\"\"\n                data-speaker=\"Andreas Norl\u00e9n, Sverige\"\n                data-speakercell=\"Andreas Norl\u00e9n, Sverige\"\n                data-info=\"&lt;p&gt;Andreas Norl&amp;eacute;n, Riksdagens talman Sverige \ud83c\uddf8\ud83c\uddea&lt;\/p&gt;\n&lt;p&gt;Andreas Norl&amp;eacute;n talar &amp;ouml;ver temat Arkiv och samh&amp;auml;lle med utg&amp;aring;ngspunkt i sitt engagemang f&amp;ouml;r demokratifr&amp;aring;gor &amp;ndash; s&amp;aring;v&amp;auml;l demokratins f&amp;ouml;ruts&amp;auml;ttningar i form av &amp;ouml;ppenhet och bevarande av k&amp;auml;llor, som utmaningar och m&amp;ouml;jligheter i varje tid. Talmannen deltar via l&amp;auml;nk.&lt;\/p&gt;&lt;br&gt;&lt;br&gt;\"\n                data-category=\"Gemensamt program,Keynote\"\n                data-category-ids=\"1250,1253\"\n                data-span-all=\"1\"\n              >\n\n              \n\n              <div class=\"vertical_bar\" style=\"background-color: #c2e798;\"><\/div>\n              <div class=\"box_inner\">\n                                <span>Demokrati i historia och nutid<\/span>\n               <br>\n               <div class=\"lecturer\"><span>Andreas Norl\u00e9n, Sverige<\/span><\/div>\n               <div class=\"room_div \">\n                 <i class=\"list-room\">Lokal B123 - Webbs\u00e4nds - Plenary<\/i>\n               <\/div>\n\n               <div class=\"name_time_div\">\n                <i class=\"list-time\" data-time=\"09:30\">09:30-10:00 - Torsdag 1 september<\/i>\n               <\/div>\n              <\/div>\n             <\/div>\n          <\/div>\n\n          \n          <div class=\"box-wrapper\"\n              data-id=\"1ec63117-fe26-66de-a0e0-06740b380f04\">\n\n              <div class='time-header'>10:00<\/div>\n\n              <div class=\"box\"\n                data-id=\"1ec63117-fe26-66de-a0e0-06740b380f04\"\n                data-project=\"1ec62755-9b51-6318-9c6c-06740b380f04\"\n                data-title=\"Kaffepaus\"\n                data-time=\"10:00-10:30\"\n                data-room=\"Konferensfoaj\u00e9\"\n                data-room-id=\"1ec6c818-5b77-6238-be18-06740b380f04\"\n                data-room-name=\"Konferensfoaj\u00e9\"\n                data-day=\"0\"\n                data-abs-nbr=\"\"\n                data-abs-path=\"\"\n                data-speaker=\"\"\n                data-speakercell=\"\"\n                data-info=\"\"\n                data-category=\"Socialt\"\n                data-category-ids=\"1254\"\n                data-span-all=\"1\"\n              >\n\n              \n\n              <div class=\"vertical_bar\" style=\"background-color: #dddddd;\"><\/div>\n              <div class=\"box_inner\">\n                                <span>Kaffepaus<\/span>\n               <br>\n               \n               <div class=\"room_div \">\n                 <i class=\"list-room\">Konferensfoaj\u00e9<\/i>\n               <\/div>\n\n               <div class=\"name_time_div\">\n                <i class=\"list-time\" data-time=\"10:00\">10:00-10:30 - Torsdag 1 september<\/i>\n               <\/div>\n              <\/div>\n             <\/div>\n          <\/div>\n\n          \n          <div class=\"box-wrapper\"\n              data-id=\"1ec63119-89cb-6fda-8948-06740b380f04\">\n\n              <div class='time-header'>10:30<\/div>\n\n              <div class=\"box\"\n                data-id=\"1ec63119-89cb-6fda-8948-06740b380f04\"\n                data-project=\"1ec62755-9b51-6318-9c6c-06740b380f04\"\n                data-title=\"1.1 Digitalisering - Digitaliseringsfr\u00e5gor p\u00e5 nationell och EU-niv\u00e5\"\n                data-time=\"10:30-11:00\"\n                data-room=\"Lokal B123 - Webbs\u00e4nds - Plenary\"\n                data-room-id=\"1ec6275b-dcb9-6ab6-b842-06740b380f04\"\n                data-room-name=\"Lokal B123 - Webbs\u00e4nds - Plenary\"\n                data-day=\"0\"\n                data-abs-nbr=\"\"\n                data-abs-path=\"\"\n                data-speaker=\"Magnus Enzell, Sverige\"\n                data-speakercell=\"Magnus Enzell, Sverige\"\n                data-info=\"&lt;p&gt;Magnus Enzell, &amp;auml;mnesr&amp;aring;d p&amp;aring; Infrastrukturdepartementet \ud83c\uddf8\ud83c\uddea&lt;\/p&gt;\n&lt;p&gt;&lt;strong&gt;Digitaliseringsfr&amp;aring;gor p&amp;aring; nationell och EU-niv&amp;aring;&lt;\/strong&gt;&lt;\/p&gt;\n&lt;p&gt;Magnus Enzell talar &amp;ouml;ver temat Arkiv och samh&amp;auml;lle med utg&amp;aring;ngspunkt i digitaliseringsfr&amp;aring;gor p&amp;aring; s&amp;aring;v&amp;auml;l nationell som EU-niv&amp;aring;.&lt;\/p&gt;\n&lt;p&gt;&lt;iframe src=&quot;https:\/\/player.vimeo.com\/video\/755048183?h=ce3f88477e&quot; width=&quot;640&quot; height=&quot;564&quot; frameborder=&quot;0&quot; allowfullscreen=&quot;&quot;&gt;&lt;\/iframe&gt;&lt;\/p&gt;&lt;br&gt;&lt;br&gt;&lt;b&gt;Dokument: &lt;\/b&gt;&lt;br&gt;&lt;a href='https:\/\/beyond-production.objects.dc-sto1.glesys.net\/projects\/1ec62755-9b51-6318-9c6c-06740b380f04\/documents\/QQdzIzkZaYnj4iaTPLqBYVzNmKdB6lFdmPlselMo.pdf' target='_blank'&gt;10.30 Magnus Enzell.pdf&lt;\/a&gt;&lt;br&gt;&lt;br&gt;\"\n                data-category=\"Demokrati och r\u00e4tten till arkiv,Keynote\"\n                data-category-ids=\"1249,1253\"\n                data-span-all=\"\"\n              >\n\n              \n\n              <div class=\"vertical_bar\" style=\"background-color: #9dcdf8;\"><\/div>\n              <div class=\"box_inner\">\n                                <span>1.1 Digitalisering - Digitaliseringsfr\u00e5gor p\u00e5 nationell och EU-niv\u00e5<\/span>\n               <br>\n               <div class=\"lecturer\"><span>Magnus Enzell, Sverige<\/span><\/div>\n               <div class=\"room_div \">\n                 <i class=\"list-room\">Lokal B123 - Webbs\u00e4nds - Plenary<\/i>\n               <\/div>\n\n               <div class=\"name_time_div\">\n                <i class=\"list-time\" data-time=\"10:30\">10:30-11:00 - Torsdag 1 september<\/i>\n               <\/div>\n              <\/div>\n             <\/div>\n          <\/div>\n\n          \n          <div class=\"box-wrapper\"\n              data-id=\"1ec6311b-5d8a-6212-b97c-06740b380f04\">\n\n              <div class='time-header' style='visibility: hidden;'>10:30<\/div>\n\n              <div class=\"box\"\n                data-id=\"1ec6311b-5d8a-6212-b97c-06740b380f04\"\n                data-project=\"1ec62755-9b51-6318-9c6c-06740b380f04\"\n                data-title=\"2.1 L\u00e5ngsiktigt bevarande - Digitala format och digitalt bevarande\"\n                data-time=\"10:30-12:00\"\n                data-room=\"Lokal C1&2 - Parallel sessions\"\n                data-room-id=\"1ec63105-bf66-66d6-a574-06740b380f04\"\n                data-room-name=\"Lokal C1&2 - Parallel sessions\"\n                data-day=\"0\"\n                data-abs-nbr=\"\"\n                data-abs-path=\"\"\n                data-speaker=\"Asbj\u00f8rn Sk\u00f8dt; Mikko Er\u00e4kaski; Benjamin Yousefi; Reko Etel\u00e4vuori\"\n                data-speakercell=\"Asbj\u00f8rn Sk\u00f8dt; Mikko Er\u00e4kaski; Benjamin Yousefi; Reko Etel\u00e4vuori\"\n                data-info=\"&lt;b&gt;Moderator: &lt;\/b&gt;Magnus Geber, Sverige&lt;br&gt;&lt;br&gt;&lt;p&gt;&lt;strong&gt;Information fr&amp;aring;n moderatorn&lt;\/strong&gt;&lt;\/p&gt;\n&lt;p&gt;Here are some specifications regarding the session. And there will be some adjustments compared to the general program.&lt;\/p&gt;\n&lt;p&gt;&amp;nbsp;&lt;\/p&gt;\n&lt;p&gt;We will change the order and have:&lt;\/p&gt;\n&lt;p&gt;1. Digital archiving concept: Service for digital archiving and infrastructure, Mikko Er&amp;auml;kaski &amp;amp; Reko Etel&amp;auml;vuori, Finland&lt;\/p&gt;\n&lt;p&gt;&amp;nbsp;&lt;\/p&gt;\n&lt;p&gt;2. Ny konceptmodel for udvikling af bevaringsplaner, Asbj&amp;oslash;rn Sk&amp;oslash;dt, Danmark&lt;\/p&gt;\n&lt;p&gt;&amp;nbsp;&lt;\/p&gt;\n&lt;p&gt;3. Nytt grepp om utmaningen om elektronisk arkivering - bevarande&amp;aring;tg&amp;auml;rder f&amp;ouml;r elektroniska underskrifter och FormatE, Benjamin Yousefi, Sverige&lt;\/p&gt;\n&lt;p&gt;&amp;nbsp;&lt;\/p&gt;\n&lt;p&gt;The plan is that each presentation will be about 20 minutes. After each presentation, there will be a few minutes for short direct questions. After two presentations there will be a very short break, just to stand up. In the end, there will be about 15 minutes for discussion, with the presenters and with input from the audience. One key question will be to compare different models for handling file formats.&lt;\/p&gt;\n&lt;p&gt;&amp;nbsp;&lt;\/p&gt;\n&lt;p&gt;The presentations can be in different languages. But the questions and discussion are supposed to be in &lt;strong&gt;English&lt;\/strong&gt;.&lt;\/p&gt;\n&lt;p&gt;&amp;nbsp;&lt;\/p&gt;\n&lt;p&gt;There will be a possibility to receive the presentations in advance. I always thought it is a great advantage to be able to have a presentation before the session, to be able to prepare and easier make notes while listening. And now when some in the audience can have languages problem it may help a lot for them. So each person attending this session may contact me and I will send them the presentations by e-mail. Important to remember is that it might not be the final version, there might occur some updates at the actual session. Just write to me at magnus.geber@riksarkivet.se .&lt;\/p&gt;\n&lt;p&gt;&amp;nbsp;&lt;\/p&gt;\n&lt;p&gt;&amp;nbsp;&lt;\/p&gt;\n&lt;p&gt;&lt;strong&gt;Ursprungligt program&lt;\/strong&gt;&lt;\/p&gt;\n&lt;p&gt;10:30-11:00&lt;br \/&gt;&lt;strong&gt;Ny konceptmodel for udvikling af bevaringsplaner&lt;\/strong&gt;, Asbj&amp;oslash;rn Sk&amp;oslash;dt \ud83c\udde9\ud83c\uddf0&lt;\/p&gt;\n&lt;p&gt;Konceptmodellen er en ny metode til vurdering af filformaters egenthed til langtidsbevaring. Den bruger metoder til at kortl&amp;aelig;gge og vurdere de signifikante egenskaber i filformater, og inddrager interessenter til at validere egenskabernes betydning ift. fremtidig genanvendelse af data. Resultatet er en f&amp;aelig;rdigudviklet bevaringsplan, der foreskriver, hvilket bevaringsniveau, hvilke filformater og hvilke valideringskrav, som de p&amp;aring;g&amp;aelig;ldende data skal afleveres til arkiv efter.&lt;br \/&gt;&lt;br \/&gt;&lt;\/p&gt;\n&lt;p&gt;11:00-11:30&lt;br \/&gt;&lt;strong&gt;Digital archiving concept: Service for digital archiving and infrastructure&lt;\/strong&gt;, Mikko Er&amp;auml;kaski &amp;amp; Reko Etel&amp;auml;vuori \ud83c\uddeb\ud83c\uddee&lt;\/p&gt;\n&lt;p&gt;Riksarkivets m&amp;aring;l &amp;auml;r att bevarandet av allt digitalt material ska koncentreras till den nya SAPA-tj&amp;auml;nsten. SAPA-tj&amp;auml;nstehelheten omfattar alla de tj&amp;auml;nster f&amp;ouml;r arkivering som &amp;auml;r avsedda f&amp;ouml;r att ta emot, bevara och tillhandah&amp;aring;lla arkivmaterial p&amp;aring; ett tillf&amp;ouml;rlitligt s&amp;auml;tt. Riksarkivets vision &amp;auml;r att m&amp;ouml;jligg&amp;ouml;ra mottagande av digitalt material som har bildats p&amp;aring; olika s&amp;auml;tt, men &amp;auml;nd&amp;aring; s&amp;aring; att digital informationshantering f&amp;ouml;rverkligas enhetligt vid Riksarkivet. Tj&amp;auml;nsten omfattar material som har digitaliserats genom s.k. retroaktiv digitalisering vid Riksarkivet, producerats genom massdigitalisering eller som ursprungligen skapats i digitalt format (born-digital).&lt;\/p&gt;\n&lt;p&gt;11:30-12:00&lt;br \/&gt;&lt;strong&gt;Nytt grepp om utmaningen om elektronisk arkivering - bevarande&amp;aring;tg&amp;auml;rder f&amp;ouml;r elektroniska underskrifter och FormatE&lt;\/strong&gt;, Benjamin Yousefi \ud83c\uddf8\ud83c\uddea&lt;\/p&gt;\n&lt;p&gt;Vad h&amp;auml;nder med ett samh&amp;auml;lle d&amp;auml;r alla vill digitalisera allt? Vad h&amp;auml;nder n&amp;auml;r hela samh&amp;auml;llet &amp;auml;r &amp;rdquo;digitaliserat&amp;rdquo;? All &amp;rdquo;information&amp;rdquo; i ett s&amp;aring;dant samh&amp;auml;lle kommer att representeras av ett eller annat format. FormatE presenterar en metod f&amp;ouml;r att konsekvent kunna tolka och implementera dessa format och m&amp;auml;ta resultatet. I anslutning till FormatE har en metod tagits fram f&amp;ouml;r att st&amp;auml;lla krav p&amp;aring; underskrifter f&amp;ouml;r verksamhetens behov och krav som urskiljbarhet, sp&amp;aring;rbarhet och kontroll.&lt;\/p&gt;&lt;br&gt;&lt;br&gt;&lt;b&gt;Dokument: &lt;\/b&gt;&lt;br&gt;&lt;a href='https:\/\/beyond-production.objects.dc-sto1.glesys.net\/projects\/1ec62755-9b51-6318-9c6c-06740b380f04\/documents\/7sdObPdTPcBrFezd7SJQCzaRrhRonyytwpLWXzpW.pdf' target='_blank'&gt;10.30 Asbj\u00f8rn Sk\u00f8dt.pdf&lt;\/a&gt;&lt;br&gt;&lt;a href='https:\/\/beyond-production.objects.dc-sto1.glesys.net\/projects\/1ec62755-9b51-6318-9c6c-06740b380f04\/documents\/X2LR6MRoKjMQXYz6WXkaPwh9QdJTSM8bzimVE5Wa.pdf' target='_blank'&gt;11.00 Mikko Er\u00e4kaski &amp; Reko Etel\u00e4vuori.pdf&lt;\/a&gt;&lt;br&gt;&lt;a href='https:\/\/beyond-production.objects.dc-sto1.glesys.net\/projects\/1ec62755-9b51-6318-9c6c-06740b380f04\/documents\/jLY59EBjlSDmEaoZqQLiOGOxOKUuqpfKehTBTwfF.pdf' target='_blank'&gt;11.30 Benjamin Yousefi.pdf&lt;\/a&gt;&lt;br&gt;&lt;br&gt;1: Benjamin Yousefi, Nytt grepp om utmaningen om elektronisk arkivering - bevarande\u00e5tg\u00e4rder f\u00f6r elektroniska underskrifter och FormatE\"\n                data-category=\"Effektiv informationshantering\"\n                data-category-ids=\"1251\"\n                data-span-all=\"\"\n              >\n\n              \n\n              <div class=\"vertical_bar\" style=\"background-color: #e0929b;\"><\/div>\n              <div class=\"box_inner\">\n                                <span>2.1 L\u00e5ngsiktigt bevarande - Digitala format och digitalt bevarande<\/span>\n               <br>\n               <div class=\"lecturer\"><span>Asbj\u00f8rn Sk\u00f8dt; Mikko Er\u00e4kaski; Benjamin Yousefi; Reko Etel\u00e4vuori<\/span><\/div>\n               <div class=\"room_div \">\n                 <i class=\"list-room\">Lokal C1&2 - Parallel sessions<\/i>\n               <\/div>\n\n               <div class=\"name_time_div\">\n                <i class=\"list-time\" data-time=\"10:30\">10:30-12:00 - Torsdag 1 september<\/i>\n               <\/div>\n              <\/div>\n             <\/div>\n          <\/div>\n\n          \n          <div class=\"box-wrapper\"\n              data-id=\"1ec6311d-7158-6ee0-8071-06740b380f04\">\n\n              <div class='time-header' style='visibility: hidden;'>10:30<\/div>\n\n              <div class=\"box\"\n                data-id=\"1ec6311d-7158-6ee0-8071-06740b380f04\"\n                data-project=\"1ec62755-9b51-6318-9c6c-06740b380f04\"\n                data-title=\"3.1 F\u00f6rslag till f\u00f6r\u00e4ndringar i arkivlagstiftningen i Norden - Arkivlagstiftning i en digital tid och hantering av personuppgifter\"\n                data-time=\"10:30-12:00\"\n                data-room=\"Lokal C3 - Parallel sessions\"\n                data-room-id=\"1ec63105-fc5b-62b2-be64-06740b380f04\"\n                data-room-name=\"Lokal C3 - Parallel sessions\"\n                data-day=\"0\"\n                data-abs-nbr=\"\"\n                data-abs-path=\"\"\n                data-speaker=\"Harald Sommerstad; \u00c5ke S\u00f6derlund; Ulrika Sturesdotter; Anne B\u00e6kgaard; Allan Vestergaard; Nj\u00f6r\u00f0ur Sigur\u00f0sson, Island; Anne Aune\"\n                data-speakercell=\"Harald Sommerstad; \u00c5ke S\u00f6derlund; Ulrika Sturesdotter; Anne B\u00e6kgaard; Allan Vestergaard; Nj\u00f6r\u00f0ur Sigur\u00f0sson, Island; Anne Aune\"\n                data-info=\"&lt;b&gt;Moderator: &lt;\/b&gt;Karin Gref, Finland&lt;br&gt;&lt;br&gt;&lt;p&gt;Preliminary choices shows that this session might get full quickly.&lt;\/p&gt;\n&lt;p&gt;Be sure to plan a second option in your personal program, and we kindly ask you to respect limitations due to security policy.&lt;\/p&gt;\n&lt;p&gt;&amp;nbsp;&lt;\/p&gt;\n&lt;p&gt;10:30-11:15&lt;br \/&gt;&lt;strong&gt;Digitaliseringsvennlig regelverk&lt;\/strong&gt;, Harald Sommerstad \ud83c\uddf3\ud83c\uddf4&lt;\/p&gt;\n&lt;p&gt;Digitalisering har p&amp;aring; kort tid medf&amp;oslash;rt nye muligheter og behov, som igjen stiller krav til regelverket. Samfunnet er i endring. Digitalisering medf&amp;oslash;rer blant annet nye muligheter for deling av opplysninger p&amp;aring; smidigere m&amp;aring;ter, sammenhengende tjenester og bruk av AI. Regelverksutvikling er viktig for Arkivverkets arbeid. Arkivloven er under revisjon og det er viktig &amp;aring; identifisere handlingsrommet i regelverket.&lt;br \/&gt;&lt;br \/&gt;&lt;strong&gt;Arkivlagstiftning och e-f&amp;ouml;rvaltning p&amp;aring; &amp;Aring;land&lt;\/strong&gt;, &amp;Aring;ke S&amp;ouml;derlund \ud83c\udde6\ud83c\uddfd&lt;\/p&gt;\n&lt;p&gt;En snabb utveckling vad g&amp;auml;ller f&amp;ouml;rv&amp;auml;ntningarna inom omr&amp;aring;det e-f&amp;ouml;rvaltning st&amp;auml;ller nya krav p&amp;aring; s&amp;aring;v&amp;auml;l lagstiftning som praxis. F&amp;ouml;redragsh&amp;aring;llaren lyfter fram perspektiv och fr&amp;aring;gor som de senaste &amp;aring;ren engagerat det sj&amp;auml;lvstyrda &amp;Aring;land. Blicken riktas mot den framtid, de visioner och den vardag som kan f&amp;ouml;rnimmas p&amp;aring; &amp;Aring;land, som i &amp;aring;r firar 100 &amp;aring;r av sj&amp;auml;lvstyrelse.&lt;br \/&gt;&lt;br \/&gt;&lt;strong&gt;Arkivlagen 30 &amp;aring;r - juridiska perspektiv mot framtiden&lt;\/strong&gt;, Ulrika Sturesdotter \ud83c\uddf8\ud83c\uddea&lt;\/p&gt;\n&lt;p&gt;Sverige tog sin f&amp;ouml;rsta arkivlag i bruk f&amp;ouml;r 30 &amp;aring;r sedan, men den &amp;auml;r inte den enda lagen som p&amp;aring;verkar arkivbildningen i Sverige. F&amp;ouml;redraget ger en bild av vad arkivlagen kopplat till andra offentlighetsr&amp;auml;ttsliga principer och s&amp;auml;rregleringar betytt f&amp;ouml;r arkivv&amp;auml;sendet i Sverige.&lt;br \/&gt;&lt;br \/&gt;11:15-12:00&lt;br \/&gt;&lt;strong&gt;Egenacces - ret til adgang til oplysninger om dig selv i danske, offentlige arkiver&lt;\/strong&gt;, Anne B&amp;aelig;kgaard \ud83c\udde9\ud83c\uddf0 og Allan Vestergaard \ud83c\udde9\ud83c\uddf0&lt;\/p&gt;\n&lt;p&gt;Den 1. januar tr&amp;aring;dte en ny bestemmelse i kraft, der giver danske borgere ret til indsigt i oplysninger om dem selv, p&amp;aring; samme vis som Databeskyttelsesloven og GDPR giver dem ret i elektronisk behandlede oplysninger. Dette medf&amp;oslash;rte, at Rigsarkivet i l&amp;oslash;bet af 2021 fik ca. 30.000 henvendelser fra borgerne om indsigt i egne oplysninger. Den nye bestemmelse har b&amp;aring;de hvad ang&amp;aring;r den sagsbehandling som de mange sager har skullet gennemg&amp;aring;, og den rent praktiske organisering af arbejdet med besvarelserne af foresp&amp;oslash;rgslerne v&amp;aelig;ret en meget stor udfordring - men har ogs&amp;aring; styrket samarbejdet p&amp;aring; tv&amp;aelig;rs af Rigsarkivets enheder v&amp;aelig;sentligt og ikke mindst v&amp;aelig;ret medvirkende til at drive Rigsarkivet digitalt fremad. Men f&amp;oslash;rst og fremmest har forl&amp;oslash;bet vist, hvor relevante de mange oplysninger der gemmes p&amp;aring; arkiverne er for borgerne og samfundet, n&amp;aring;r bare adgangen til dem er tilrettelagt hensigtsm&amp;aelig;ssigt. I foredraget redeg&amp;oslash;res for forl&amp;oslash;bet og ikke mindst for de erfaringer som Rigsarkivet har opn&amp;aring;et i forbindelse med det voldsomme forl&amp;oslash;b.&lt;br \/&gt;&lt;br \/&gt;&lt;strong&gt;Preservation of public information and GDPR, &lt;\/strong&gt;Nj&amp;ouml;r&amp;eth;ur Sigur&amp;eth;sson \ud83c\uddee\ud83c\uddf8&lt;\/p&gt;\n&lt;p&gt;A heavy discussion took place on the concept of &quot;the right to be forgotten&quot; in the induction of GDPR in Iceland in 2018 and as a consequence the extent of each individual rights to have personal data deleted. In his talk, Nj&amp;ouml;r&amp;eth;ur will discuss the interplay between GDPR and the Icelandic law on preservation and access to public information.&lt;br \/&gt;&lt;br \/&gt;&lt;strong&gt;GDPR og tolkning av kriterier som skal ligge til grunn for &quot;arkivform&amp;aring;l i allmennhetens interesse&quot;,&lt;\/strong&gt; Anne Aune \ud83c\uddf3\ud83c\uddf4&lt;\/p&gt;\n&lt;p&gt;I EUs personvernforordning (GDPR) er &amp;laquo;arkivform&amp;aring;l i allmenhetens interesser&amp;raquo; som et lovregulert form&amp;aring;l for behandling av personopplysninger. Problemstillinger som vil bli behandlet: Hvordan oppfatter de ulike arkivinstitusjonene i Norden dette begrepet? Hvilke kriterier legger vi til grunn for i forst&amp;aring;elsen av begrepet? I i hvilken grad og p&amp;aring; hvilken m&amp;aring;te b&amp;oslash;r eller kan GDPR f&amp;aring; innvirkning p&amp;aring; bevarings av arkiver?&lt;\/p&gt;&lt;br&gt;&lt;br&gt;&lt;b&gt;Dokument: &lt;\/b&gt;&lt;br&gt;&lt;a href='https:\/\/beyond-production.objects.dc-sto1.glesys.net\/projects\/1ec62755-9b51-6318-9c6c-06740b380f04\/documents\/RYYbrOWcm4Iq8AVmT2pSJ7G8OZ78pXgoUWTDgVsW.pdf' target='_blank'&gt;10.30 Harald Sommerstad.pdf&lt;\/a&gt;&lt;br&gt;&lt;a href='https:\/\/beyond-production.objects.dc-sto1.glesys.net\/projects\/1ec62755-9b51-6318-9c6c-06740b380f04\/documents\/wwPkQteLoncZbtq3Yo5rkytOPFhTJ6hi8QCNhtMy.pdf' target='_blank'&gt;11.00 Ulrika Sturesdotter.pdf&lt;\/a&gt;&lt;br&gt;&lt;a href='https:\/\/beyond-production.objects.dc-sto1.glesys.net\/projects\/1ec62755-9b51-6318-9c6c-06740b380f04\/documents\/kBXXWwUnm3WUqF4M31KS4SaCDQYSJlTtyGMwZ2Vj.pdf' target='_blank'&gt;10.45 \u00c5ke S\u00f6derlund.pdf&lt;\/a&gt;&lt;br&gt;&lt;a href='https:\/\/beyond-production.objects.dc-sto1.glesys.net\/projects\/1ec62755-9b51-6318-9c6c-06740b380f04\/documents\/MCmKMLLyk2cRZEHgOV7BkWyZHB60agZbmmpyTyCU.pdf' target='_blank'&gt;11.45 Anne Aune.pdf&lt;\/a&gt;&lt;br&gt;&lt;a href='https:\/\/beyond-production.objects.dc-sto1.glesys.net\/projects\/1ec62755-9b51-6318-9c6c-06740b380f04\/documents\/Jwh1omI8uUzMkVvaxsWtiHPUIdOf4a9XQswJw2Gh.pdf' target='_blank'&gt;11.30 Nj\u00f6r\u00f0ur Sigur\u00f0sson.pdf&lt;\/a&gt;&lt;br&gt;&lt;a href='https:\/\/beyond-production.objects.dc-sto1.glesys.net\/projects\/1ec62755-9b51-6318-9c6c-06740b380f04\/documents\/O3B0QJTbXdFvGySeCUylmVgGA9xNzB5ilROmPfe1.pdf' target='_blank'&gt;11.15 Anne B\u00e6kgaard &amp; Allan Vestergaard (NY final).pdf&lt;\/a&gt;&lt;br&gt;&lt;br&gt;\"\n                data-category=\"Arkiv p\u00e5 r\u00e4tt s\u00e4tt -  om legala och etiska aspekter\"\n                data-category-ids=\"1252\"\n                data-span-all=\"\"\n              >\n\n              \n\n              <div class=\"vertical_bar\" style=\"background-color: #fadf9f;\"><\/div>\n              <div class=\"box_inner\">\n                                <span>3.1 F\u00f6rslag till f\u00f6r\u00e4ndringar i arkivlagstiftningen i Norden - Arkivlagstiftning i en digital tid och hantering av personuppgifter<\/span>\n               <br>\n               <div class=\"lecturer\"><span>Harald Sommerstad; \u00c5ke S\u00f6derlund; Ulrika Sturesdotter; Anne B\u00e6kgaard; Allan Vestergaard; Nj\u00f6r\u00f0ur Sigur\u00f0sson, Island; Anne Aune<\/span><\/div>\n               <div class=\"room_div \">\n                 <i class=\"list-room\">Lokal C3 - Parallel sessions<\/i>\n               <\/div>\n\n               <div class=\"name_time_div\">\n                <i class=\"list-time\" data-time=\"10:30\">10:30-12:00 - Torsdag 1 september<\/i>\n               <\/div>\n              <\/div>\n             <\/div>\n          <\/div>\n\n          \n          <div class=\"box-wrapper\"\n              data-id=\"1ec79e34-6528-61d6-aab3-06740b380f04\">\n\n              <div class='time-header' style='visibility: hidden;'>10:30<\/div>\n\n              <div class=\"box\"\n                data-id=\"1ec79e34-6528-61d6-aab3-06740b380f04\"\n                data-project=\"1ec62755-9b51-6318-9c6c-06740b380f04\"\n                data-title=\"Workshop - Nordiskt samarbete om samiska arkiv\"\n                data-time=\"10:30-11:15\"\n                data-room=\"Lokal C4 - Workshops\"\n                data-room-id=\"1ec63106-320d-6cfc-a9c6-06740b380f04\"\n                data-room-name=\"Lokal C4 - Workshops\"\n                data-day=\"0\"\n                data-abs-nbr=\"\"\n                data-abs-path=\"\"\n                data-speaker=\"Maria Press; Grete Gunn Bergstr\u00f8m\"\n                data-speakercell=\"Maria Press; Grete Gunn Bergstr\u00f8m\"\n                data-info=\"&lt;p&gt;&lt;strong&gt;V&amp;auml;rd:&lt;\/strong&gt; Anette Skogseth Clausen \ud83c\uddf3\ud83c\uddf4&lt;\/p&gt;\n&lt;p&gt;&lt;strong&gt;Nordiskt samarbete om samiska arkiv&lt;\/strong&gt;, Maria Press \ud83c\uddf8\ud83c\uddea, Grete Gunn Bergstr&amp;oslash;m \ud83c\uddf3\ud83c\uddf4&lt;\/p&gt;\n&lt;p&gt;De nordiska samiska arkiven och riksarkiven har etablerat en gemensam nordisk arbetsgrupp NordSam f&amp;ouml;r att st&amp;auml;rka samarbetet om samiska arkiv. Syftet &amp;auml;r att s&amp;auml;kra bevarandet av de samiska arkiven bland annat genom att &amp;ouml;ka medvetenheten och kompetensen om arkiv som skapas i det samiska samh&amp;auml;llet. Ett annat m&amp;aring;l &amp;auml;r att &amp;ouml;ka tillg&amp;auml;ngligheten till samiskt relevant arkivmaterial p&amp;aring; det samiska folkets egna premisser bland annat genom etablerandet av arkivportalen Nuohtti. Representanter fr&amp;aring;n NordSam ber&amp;auml;ttar om arbetet och bjuder in till diskussion.&lt;\/p&gt;&lt;br&gt;&lt;br&gt;&lt;b&gt;Dokument: &lt;\/b&gt;&lt;br&gt;&lt;a href='https:\/\/beyond-production.objects.dc-sto1.glesys.net\/projects\/1ec62755-9b51-6318-9c6c-06740b380f04\/documents\/VDdiuGEaUx0ONzZkoavSHhPwsjiOavYhxDOpt80j.pdf' target='_blank'&gt;10.30_MariaPress_GreteGunnBergstr\u00f8m Ole Gausdal.pdf&lt;\/a&gt;&lt;br&gt;&lt;br&gt;\"\n                data-category=\"Workshop,Arkiv p\u00e5 r\u00e4tt s\u00e4tt -  om legala och etiska aspekter\"\n                data-category-ids=\"1255,1252\"\n                data-span-all=\"\"\n              >\n\n              \n\n              <div class=\"vertical_bar\" style=\"background-color: #ced3ff;\"><\/div>\n              <div class=\"box_inner\">\n                                <span>Workshop - Nordiskt samarbete om samiska arkiv<\/span>\n               <br>\n               <div class=\"lecturer\"><span>Maria Press; Grete Gunn Bergstr\u00f8m<\/span><\/div>\n               <div class=\"room_div \">\n                 <i class=\"list-room\">Lokal C4 - Workshops<\/i>\n               <\/div>\n\n               <div class=\"name_time_div\">\n                <i class=\"list-time\" data-time=\"10:30\">10:30-11:15 - Torsdag 1 september<\/i>\n               <\/div>\n              <\/div>\n             <\/div>\n          <\/div>\n\n          \n          <div class=\"box-wrapper\"\n              data-id=\"1ed38171-0591-6390-a2bf-020211776702\">\n\n              <div class='time-header' style='visibility: hidden;'>10:30<\/div>\n\n              <div class=\"box\"\n                data-id=\"1ed38171-0591-6390-a2bf-020211776702\"\n                data-project=\"1ec62755-9b51-6318-9c6c-06740b380f04\"\n                data-title=\"Dag 1 - Svenska\"\n                data-time=\"10:30-12:00\"\n                data-room=\"Only digital sessions\"\n                data-room-id=\"1ed22e14-47df-69ba-a91c-020287552602\"\n                data-room-name=\"Only digital sessions\"\n                data-day=\"0\"\n                data-abs-nbr=\"\"\n                data-abs-path=\"\"\n                data-speaker=\"\"\n                data-speakercell=\"\"\n                data-info=\"\"\n                data-category=\"\"\n                data-category-ids=\"\"\n                data-span-all=\"\"\n              >\n\n              \n\n              <div class=\"vertical_bar\" style=\"background-color: rgba(255, 255, 255, 0);\"><\/div>\n              <div class=\"box_inner\">\n                                <span>Dag 1 - Svenska<\/span>\n               <br>\n               \n               <div class=\"room_div \">\n                 <i class=\"list-room\">Only digital sessions<\/i>\n               <\/div>\n\n               <div class=\"name_time_div\">\n                <i class=\"list-time\" data-time=\"10:30\">10:30-12:00 - Torsdag 1 september<\/i>\n               <\/div>\n              <\/div>\n             <\/div>\n          <\/div>\n\n          \n          <div class=\"box-wrapper\"\n              data-id=\"1ec7937f-c84c-6f1a-a109-06740b380f04\">\n\n              <div class='time-header'>11:00<\/div>\n\n              <div class=\"box\"\n                data-id=\"1ec7937f-c84c-6f1a-a109-06740b380f04\"\n                data-project=\"1ec62755-9b51-6318-9c6c-06740b380f04\"\n                data-title=\"1.1 Digitalisering - Life in the digital prism - Exposure and ethics in a datafied world\"\n                data-time=\"11:00-11:30\"\n                data-room=\"Lokal B123 - Webbs\u00e4nds - Plenary\"\n                data-room-id=\"1ec6275b-dcb9-6ab6-b842-06740b380f04\"\n                data-room-name=\"Lokal B123 - Webbs\u00e4nds - Plenary\"\n                data-day=\"0\"\n                data-abs-nbr=\"\"\n                data-abs-path=\"\"\n                data-speaker=\"Mikkel Flyverbom, Danmark\"\n                data-speakercell=\"Mikkel Flyverbom, Danmark\"\n                data-info=\"&lt;p&gt;Mikkel Flyverbom, professor Copenhagen Business School \ud83c\udde9\ud83c\uddf0&lt;\/p&gt;\n&lt;p&gt;&lt;strong&gt;Life in the digital prism - Exposure and ethics in a datafied world&lt;\/strong&gt;&lt;\/p&gt;&lt;br&gt;&lt;br&gt;&lt;b&gt;Dokument: &lt;\/b&gt;&lt;br&gt;&lt;a href='https:\/\/beyond-production.objects.dc-sto1.glesys.net\/projects\/1ec62755-9b51-6318-9c6c-06740b380f04\/documents\/NesvU7YEeNGVQrmclvXTFpK2bbjgrgyfSfuIvGJX.pdf' target='_blank'&gt;11.05 - Mikkel Flyverbom.pdf&lt;\/a&gt;&lt;br&gt;&lt;br&gt;\"\n                data-category=\"Demokrati och r\u00e4tten till arkiv,Keynote\"\n                data-category-ids=\"1249,1253\"\n                data-span-all=\"\"\n              >\n\n              \n\n              <div class=\"vertical_bar\" style=\"background-color: #9dcdf8;\"><\/div>\n              <div class=\"box_inner\">\n                                <span>1.1 Digitalisering - Life in the digital prism - Exposure and ethics in a datafied world<\/span>\n               <br>\n               <div class=\"lecturer\"><span>Mikkel Flyverbom, Danmark<\/span><\/div>\n               <div class=\"room_div \">\n                 <i class=\"list-room\">Lokal B123 - Webbs\u00e4nds - Plenary<\/i>\n               <\/div>\n\n               <div class=\"name_time_div\">\n                <i class=\"list-time\" data-time=\"11:00\">11:00-11:30 - Torsdag 1 september<\/i>\n               <\/div>\n              <\/div>\n             <\/div>\n          <\/div>\n\n          \n          <div class=\"box-wrapper\"\n              data-id=\"1ec79c1c-f08a-6892-bcf1-06740b380f04\">\n\n              <div class='time-header'>11:15<\/div>\n\n              <div class=\"box\"\n                data-id=\"1ec79c1c-f08a-6892-bcf1-06740b380f04\"\n                data-project=\"1ec62755-9b51-6318-9c6c-06740b380f04\"\n                data-title=\"Workshop - Nordic approach to AI-powered text recognition, transcription and searching for historical data\"\n                data-time=\"11:15-12:00\"\n                data-room=\"Lokal C4 - Workshops\"\n                data-room-id=\"1ec63106-320d-6cfc-a9c6-06740b380f04\"\n                data-room-name=\"Lokal C4 - Workshops\"\n                data-day=\"0\"\n                data-abs-nbr=\"\"\n                data-abs-path=\"\"\n                data-speaker=\"S\u00f8ren Bitsch Christensen\"\n                data-speakercell=\"S\u00f8ren Bitsch Christensen\"\n                data-info=\"&lt;p&gt;&lt;strong&gt;V&amp;auml;rd:&lt;\/strong&gt; Anette Skogseth Clausen \ud83c\uddf3\ud83c\uddf4&lt;\/p&gt;\n&lt;p&gt;&lt;strong&gt;Nordic approach to AI-powered text recognition, transcription and searching for historical data&lt;\/strong&gt;, S&amp;oslash;ren Bitsch Christensen \ud83c\udde9\ud83c\uddf0&lt;\/p&gt;\n&lt;p&gt;The Nordic countries share to a large degree language, administrative routines, archival practices, records standard and a willingness among archives to experiment, engage citizens and reach out. This is 'the perfect setting&amp;rsquo; for a Nordic cooperation about Handwritten Text Recognition whether with Transkribus or other software. At the workshop we will share experiences with the use of HTR technologies and digitization, citizens&amp;rsquo; engagement, cooperation with researchers&amp;rsquo; and among archives and other heritage organizations, outreach and publication of machine-processed documents. We will talk about the creation of models for different languages, handwriting paradigms, epochs, individual writers and creators versus general and all-encompassing models. We will discuss financial aspects of different software, and finally we will discuss prospects of future models for Nordic cooperation.&lt;\/p&gt;&lt;br&gt;&lt;br&gt;&lt;b&gt;Dokument: &lt;\/b&gt;&lt;br&gt;&lt;a href='https:\/\/beyond-production.objects.dc-sto1.glesys.net\/projects\/1ec62755-9b51-6318-9c6c-06740b380f04\/documents\/GnstThyD2BIUTXHgcJKrzV5BgeEcXhbN510as8E0.pdf' target='_blank'&gt;11.15 S\u00f8ren Bitsch Christensen.pdf&lt;\/a&gt;&lt;br&gt;&lt;br&gt;\"\n                data-category=\"Workshop,Demokrati och r\u00e4tten till arkiv\"\n                data-category-ids=\"1255,1249\"\n                data-span-all=\"\"\n              >\n\n              \n\n              <div class=\"vertical_bar\" style=\"background-color: #ced3ff;\"><\/div>\n              <div class=\"box_inner\">\n                                <span>Workshop - Nordic approach to AI-powered text recognition, transcription and searching for historical data<\/span>\n               <br>\n               <div class=\"lecturer\"><span>S\u00f8ren Bitsch Christensen<\/span><\/div>\n               <div class=\"room_div \">\n                 <i class=\"list-room\">Lokal C4 - Workshops<\/i>\n               <\/div>\n\n               <div class=\"name_time_div\">\n                <i class=\"list-time\" data-time=\"11:15\">11:15-12:00 - Torsdag 1 september<\/i>\n               <\/div>\n              <\/div>\n             <\/div>\n          <\/div>\n\n          \n          <div class=\"box-wrapper\"\n              data-id=\"1ec79380-5db3-690a-87c7-06740b380f04\">\n\n              <div class='time-header'>11:30<\/div>\n\n              <div class=\"box\"\n                data-id=\"1ec79380-5db3-690a-87c7-06740b380f04\"\n                data-project=\"1ec62755-9b51-6318-9c6c-06740b380f04\"\n                data-title=\"1.1 Digitalisering - \u00c4r digitalisering en demokratifr\u00e5ga och i s\u00e5 fall hur?\"\n                data-time=\"11:30-12:00\"\n                data-room=\"Lokal B123 - Webbs\u00e4nds - Plenary\"\n                data-room-id=\"1ec6275b-dcb9-6ab6-b842-06740b380f04\"\n                data-room-name=\"Lokal B123 - Webbs\u00e4nds - Plenary\"\n                data-day=\"0\"\n                data-abs-nbr=\"\"\n                data-abs-path=\"\"\n                data-speaker=\"Katarina Gidlund, Sverige\"\n                data-speakercell=\"Katarina Gidlund, Sverige\"\n                data-info=\"&lt;p&gt;Katarina Gidlund, professor informationsteknologi Mittuniversitetet \ud83c\uddf8\ud83c\uddea&lt;\/p&gt;\n&lt;p&gt;&lt;strong&gt;&amp;Auml;r digitalisering en demokratifr&amp;aring;ga och i s&amp;aring; fall hur?&lt;\/strong&gt;&lt;\/p&gt;\n&lt;p&gt;&lt;iframe src=&quot;https:\/\/player.vimeo.com\/video\/755347741?h=10fc3a2d9c&quot; width=&quot;640&quot; height=&quot;564&quot; frameborder=&quot;0&quot; allowfullscreen=&quot;&quot;&gt;&lt;\/iframe&gt;&lt;\/p&gt;&lt;br&gt;&lt;br&gt;&lt;b&gt;Dokument: &lt;\/b&gt;&lt;br&gt;&lt;a href='https:\/\/beyond-production.objects.dc-sto1.glesys.net\/projects\/1ec62755-9b51-6318-9c6c-06740b380f04\/documents\/N4scGGYh9XqrL0WO37t32vKFIC3ygnJGKYe42RbY.pdf' target='_blank'&gt;11.30 - Katarina Gidlund.pdf&lt;\/a&gt;&lt;br&gt;&lt;br&gt;\"\n                data-category=\"Demokrati och r\u00e4tten till arkiv,Keynote\"\n                data-category-ids=\"1249,1253\"\n                data-span-all=\"\"\n              >\n\n              \n\n              <div class=\"vertical_bar\" style=\"background-color: #9dcdf8;\"><\/div>\n              <div class=\"box_inner\">\n                                <span>1.1 Digitalisering - \u00c4r digitalisering en demokratifr\u00e5ga och i s\u00e5 fall hur?<\/span>\n               <br>\n               <div class=\"lecturer\"><span>Katarina Gidlund, Sverige<\/span><\/div>\n               <div class=\"room_div \">\n                 <i class=\"list-room\">Lokal B123 - Webbs\u00e4nds - Plenary<\/i>\n               <\/div>\n\n               <div class=\"name_time_div\">\n                <i class=\"list-time\" data-time=\"11:30\">11:30-12:00 - Torsdag 1 september<\/i>\n               <\/div>\n              <\/div>\n             <\/div>\n          <\/div>\n\n          \n          <div class=\"box-wrapper\"\n              data-id=\"1ec63099-24ed-6134-a046-06740b380f04\">\n\n              <div class='time-header'>12:00<\/div>\n\n              <div class=\"box\"\n                data-id=\"1ec63099-24ed-6134-a046-06740b380f04\"\n                data-project=\"1ec62755-9b51-6318-9c6c-06740b380f04\"\n                data-title=\"Lunch\"\n                data-time=\"12:00-13:15\"\n                data-room=\"Konferensfoaj\u00e9\"\n                data-room-id=\"1ec6c818-5b77-6238-be18-06740b380f04\"\n                data-room-name=\"Konferensfoaj\u00e9\"\n                data-day=\"0\"\n                data-abs-nbr=\"\"\n                data-abs-path=\"\"\n                data-speaker=\"\"\n                data-speakercell=\"\"\n                data-info=\"\"\n                data-category=\"Socialt\"\n                data-category-ids=\"1254\"\n                data-span-all=\"1\"\n              >\n\n              \n\n              <div class=\"vertical_bar\" style=\"background-color: #dddddd;\"><\/div>\n              <div class=\"box_inner\">\n                                <span>Lunch<\/span>\n               <br>\n               \n               <div class=\"room_div \">\n                 <i class=\"list-room\">Konferensfoaj\u00e9<\/i>\n               <\/div>\n\n               <div class=\"name_time_div\">\n                <i class=\"list-time\" data-time=\"12:00\">12:00-13:15 - Torsdag 1 september<\/i>\n               <\/div>\n              <\/div>\n             <\/div>\n          <\/div>\n\n          \n          <div class=\"box-wrapper\"\n              data-id=\"1ec63128-9595-68b6-a71d-06740b380f04\">\n\n              <div class='time-header'>13:15<\/div>\n\n              <div class=\"box\"\n                data-id=\"1ec63128-9595-68b6-a71d-06740b380f04\"\n                data-project=\"1ec62755-9b51-6318-9c6c-06740b380f04\"\n                data-title=\"2.2 Tillg\u00e4nglighet och l\u00e5ngsiktigt bevarande - Arkivenes rolle i samfunnet\"\n                data-time=\"13:15-13:45\"\n                data-room=\"Lokal B123 - Webbs\u00e4nds - Plenary\"\n                data-room-id=\"1ec6275b-dcb9-6ab6-b842-06740b380f04\"\n                data-room-name=\"Lokal B123 - Webbs\u00e4nds - Plenary\"\n                data-day=\"0\"\n                data-abs-nbr=\"\"\n                data-abs-path=\"\"\n                data-speaker=\"Guri Lande\"\n                data-speakercell=\"Guri Lande\"\n                data-info=\"&lt;p&gt;&lt;strong&gt;Arkivenes rolle i samfunnet&lt;\/strong&gt;, Guri Lande \ud83c\uddf3\ud83c\uddf4&lt;\/p&gt;\n&lt;p&gt;Arkivene skal v&amp;aelig;re en kilde til kunnskap og forskning. Arkivverket har derfor en strategi om &amp;aring; finne nye m&amp;aring;ter &amp;aring; l&amp;oslash;se v&amp;aring;re oppgaver p&amp;aring;, der vi digitaliserer og automatiserer prosessene. Vi m&amp;aring; ogs&amp;aring; tenke nytt rundt hvordan vi gj&amp;oslash;r det enkelt &amp;aring; finne frem i materialet v&amp;aring;rt. V&amp;aring;re data skal v&amp;aelig;re enkle &amp;aring; s&amp;oslash;ke i og det skal v&amp;aelig;re enkelt &amp;aring; finne den informasjonen man er ute etter. Flere kan bruke kildene v&amp;aring;re, b&amp;aring;de til &amp;aring; bygge nye verdi&amp;oslash;kende tjenester, og til forskning, undervisning og formidling. Arkivverket skal gi digital tilgang til v&amp;aring;re data og tilby digitale tjenester slik at brukerne kan betjene seg selv, eller betjenes automatisk. P&amp;aring; v&amp;aring;r portal skal brukerne kunne finne materiale fra b&amp;aring;de stat, kommune og privat sektor. Vi skal ogs&amp;aring; dele data med resten av offentlig forvaltning, slik at innbyggere som har behov for tjenester, ikke beh&amp;oslash;ver &amp;aring; oppgi samme informasjon flere ganger, eller koordinere med ulike etater.&lt;\/p&gt;\n&lt;p&gt;&lt;iframe src=&quot;https:\/\/player.vimeo.com\/video\/755218323?h=dd6770b8cb&quot; width=&quot;640&quot; height=&quot;564&quot; frameborder=&quot;0&quot; allowfullscreen=&quot;&quot;&gt;&lt;\/iframe&gt;&lt;\/p&gt;&lt;br&gt;&lt;br&gt;&lt;b&gt;Dokument: &lt;\/b&gt;&lt;br&gt;&lt;a href='https:\/\/beyond-production.objects.dc-sto1.glesys.net\/projects\/1ec62755-9b51-6318-9c6c-06740b380f04\/documents\/zZ4ZiVnpV4u8ffeqBTECTlnqqk7WpR8bzjde2iY5.pdf' target='_blank'&gt;13.15 - Guri K Lande.pdf&lt;\/a&gt;&lt;br&gt;&lt;br&gt;\"\n                data-category=\"Effektiv informationshantering\"\n                data-category-ids=\"1251\"\n                data-span-all=\"\"\n              >\n\n              \n\n              <div class=\"vertical_bar\" style=\"background-color: #e0929b;\"><\/div>\n              <div class=\"box_inner\">\n                                <span>2.2 Tillg\u00e4nglighet och l\u00e5ngsiktigt bevarande - Arkivenes rolle i samfunnet<\/span>\n               <br>\n               <div class=\"lecturer\"><span>Guri Lande<\/span><\/div>\n               <div class=\"room_div \">\n                 <i class=\"list-room\">Lokal B123 - Webbs\u00e4nds - Plenary<\/i>\n               <\/div>\n\n               <div class=\"name_time_div\">\n                <i class=\"list-time\" data-time=\"13:15\">13:15-13:45 - Torsdag 1 september<\/i>\n               <\/div>\n              <\/div>\n             <\/div>\n          <\/div>\n\n          \n          <div class=\"box-wrapper\"\n              data-id=\"1ec63124-07cd-6d8e-95ba-06740b380f04\">\n\n              <div class='time-header' style='visibility: hidden;'>13:15<\/div>\n\n              <div class=\"box\"\n                data-id=\"1ec63124-07cd-6d8e-95ba-06740b380f04\"\n                data-project=\"1ec62755-9b51-6318-9c6c-06740b380f04\"\n                data-title=\"1.2 Digitisering och digitalisering f\u00f6r samh\u00e4llets l\u00e5ngsiktiga informationsbehov - Retro- och massdigitalisering, metadata och artificiell intelligens\"\n                data-time=\"13:15-14:45\"\n                data-room=\"Lokal C1&2 - Parallel sessions\"\n                data-room-id=\"1ec63105-bf66-66d6-a574-06740b380f04\"\n                data-room-name=\"Lokal C1&2 - Parallel sessions\"\n                data-day=\"0\"\n                data-abs-nbr=\"\"\n                data-abs-path=\"\"\n                data-speaker=\"Lone Hedgaard Liljegren; \u00d8yvind \u00d8degaard; Sami Outinen\"\n                data-speakercell=\"Lone Hedgaard Liljegren; \u00d8yvind \u00d8degaard; Sami Outinen\"\n                data-info=\"&lt;b&gt;Moderator: &lt;\/b&gt;Kerstin S\u00f6derman, Sverige&lt;br&gt;&lt;br&gt;&lt;p&gt;13:15-13:45&lt;br \/&gt;&lt;strong&gt;Retrodigitalisering er som et kinder&amp;aelig;g&lt;\/strong&gt;, Lone Hedgaard Liljegren \ud83c\udde9\ud83c\uddf0&lt;\/p&gt;\n&lt;p&gt;Beskrivning: Opl&amp;aelig;gget tager udgangspunkt i Rigsarkivets retrodigitaliseringsstrategi fra 2020, herunder form&amp;aring;let med retrodigitalisering (why) samt ikke mindst, hvordan Rigsarkivet arbejder med at virkeligg&amp;oslash;re retrodigitaliseringsstrategien (how) og giver nogle eksempler p&amp;aring;, hvordan vi hele tiden bestr&amp;aelig;ber os p&amp;aring; at samt&amp;aelig;nke digital (og let) adgang til arkivalier for b&amp;aring;de eksterne og interne brugere, hurtige og effektive sagsgange i Rigsarkivet samt ikke mindst bevaring af kulturarven.&lt;\/p&gt;\n&lt;p&gt;13:45-14:15&lt;br \/&gt;&lt;strong&gt;Massedigitalisering i Norge&lt;\/strong&gt;, &amp;Oslash;yvind &amp;Oslash;degaard \ud83c\uddf3\ud83c\uddf4&lt;\/p&gt;\n&lt;p&gt;Arkivverket har digitalisert arkiver i mer enn 20 &amp;aring;r. Dette har tatt fart de siste &amp;aring;rene, med en &amp;aring;rlig &amp;oslash;kning fra 3 til 15 millioner digitaliserte sider de siste tre &amp;aring;rene. I tillegg har Norsk helsearkiv i l&amp;oslash;pet av to &amp;aring;r digitalisert 60 millioner sider med pasientjournaler fra spesialisthelsetjenesten. Ambisjonen deres er &amp;aring; digitalisere alle pasientjournaler i l&amp;oslash;pet av 30 &amp;aring;r. Digitaliseringen inneb&amp;aelig;rer at vi m&amp;aring; gj&amp;oslash;re vurderinger knyttet til utvalg, rekkef&amp;oslash;lge og sensitivitet. Sentrale sp&amp;oslash;rsm&amp;aring;l er: Hvordan skal vi sikre at brukerne finner det de leter etter? Og i et lengre perspektiv: Skal vi digitalisere alt? Hvilke konsekvenser vil det kunne f&amp;aring;&lt;\/p&gt;\n&lt;p&gt;14:15-14:45&lt;br \/&gt;&lt;strong&gt;Forskningsprojekt som skapar digital tillg&amp;aring;ng till arkivinformation inklusive crowdsourcing&lt;\/strong&gt;, Sami Outinen \ud83c\uddeb\ud83c\uddee&lt;\/p&gt;\n&lt;p&gt;F&amp;ouml;redraget handlar om den interaktiva databasen av forskningsprojektet Finl&amp;auml;ndare i Ryssland 1917-1964 (Riksarkivet, Finland). St&amp;ouml;rsta gruppen var finl&amp;auml;ndare som flyttat till Ryssland fr&amp;aring;n Storfurstend&amp;ouml;met Finland, r&amp;ouml;da flyktingar efter finska inb&amp;ouml;rdeskriget 1918, amerikafinl&amp;auml;ndare som flyttade fr&amp;aring;n Nordamerika till Sovjetkarelen och sk. avhoppare som s&amp;ouml;kte f&amp;ouml;rs&amp;ouml;rjning under 1930-talets stora depression och massarbetsl&amp;ouml;shet. Inl&amp;auml;gget presenterar databasens struktur, funktioner och inneh&amp;aring;ll. Den interaktiva delen av databasen kommer att best&amp;aring; av olika s&amp;ouml;kfunktioner, fri tillg&amp;auml;nglighet av data med beaktande av dataskydd och digitaliserade dokument. Hundratals volont&amp;auml;rer har deltagit i projektets crowdsourcingkampanj.&lt;\/p&gt;&lt;br&gt;&lt;br&gt;&lt;b&gt;Dokument: &lt;\/b&gt;&lt;br&gt;&lt;a href='https:\/\/beyond-production.objects.dc-sto1.glesys.net\/projects\/1ec62755-9b51-6318-9c6c-06740b380f04\/documents\/4S1O36qJb6EXRnrL39JYfmf5bFLjEeogcApeTAjC.pdf' target='_blank'&gt;13.15 Lone_H_Liljegren.pdf&lt;\/a&gt;&lt;br&gt;&lt;a href='https:\/\/beyond-production.objects.dc-sto1.glesys.net\/projects\/1ec62755-9b51-6318-9c6c-06740b380f04\/documents\/PGMeuwQoeSgc0bX7hhvgqR6yOVmBZ6apVah4qFDi.pdf' target='_blank'&gt;13.45 \u00d8yvind \u00d8degaard.pdf&lt;\/a&gt;&lt;br&gt;&lt;a href='https:\/\/beyond-production.objects.dc-sto1.glesys.net\/projects\/1ec62755-9b51-6318-9c6c-06740b380f04\/documents\/MYMg7LrYdZypKmPLKvVSigJ8I2v2ClTTLP9fREDS.pdf' target='_blank'&gt;14.15 Sami Outinen.pdf&lt;\/a&gt;&lt;br&gt;&lt;br&gt;\"\n                data-category=\"Demokrati och r\u00e4tten till arkiv\"\n                data-category-ids=\"1249\"\n                data-span-all=\"\"\n              >\n\n              \n\n              <div class=\"vertical_bar\" style=\"background-color: #9dcdf8;\"><\/div>\n              <div class=\"box_inner\">\n                                <span>1.2 Digitisering och digitalisering f\u00f6r samh\u00e4llets l\u00e5ngsiktiga informationsbehov - Retro- och massdigitalisering, metadata och artificiell intelligens<\/span>\n               <br>\n               <div class=\"lecturer\"><span>Lone Hedgaard Liljegren; \u00d8yvind \u00d8degaard; Sami Outinen<\/span><\/div>\n               <div class=\"room_div \">\n                 <i class=\"list-room\">Lokal C1&2 - Parallel sessions<\/i>\n               <\/div>\n\n               <div class=\"name_time_div\">\n                <i class=\"list-time\" data-time=\"13:15\">13:15-14:45 - Torsdag 1 september<\/i>\n               <\/div>\n              <\/div>\n             <\/div>\n          <\/div>\n\n          \n          <div class=\"box-wrapper\"\n              data-id=\"1ec6312d-a3cd-6da2-be92-06740b380f04\">\n\n              <div class='time-header' style='visibility: hidden;'>13:15<\/div>\n\n              <div class=\"box\"\n                data-id=\"1ec6312d-a3cd-6da2-be92-06740b380f04\"\n                data-project=\"1ec62755-9b51-6318-9c6c-06740b380f04\"\n                data-title=\"3.2 Samh\u00e4llets krishantering ur ett arkivperspektiv - Insamling av data i kriser och dokumentation om corona-pandemin\"\n                data-time=\"13:15-14:45\"\n                data-room=\"Lokal C3 - Parallel sessions\"\n                data-room-id=\"1ec63105-fc5b-62b2-be64-06740b380f04\"\n                data-room-name=\"Lokal C3 - Parallel sessions\"\n                data-day=\"0\"\n                data-abs-nbr=\"\"\n                data-abs-path=\"\"\n                data-speaker=\"Bettina Westerholm; Eva Tegnhed; Marja-Leena Jalava; Peter Sivervall; Jette H. Kjellberg; Lars Kj\u00e6r; Bente Jensen\"\n                data-speakercell=\"Bettina Westerholm; Eva Tegnhed; Marja-Leena Jalava; Peter Sivervall; Jette H. Kjellberg; Lars Kj\u00e6r; Bente Jensen\"\n                data-info=\"&lt;b&gt;Moderator: &lt;\/b&gt;Veli-Matti Pussinen, Finland&lt;br&gt;&lt;br&gt;&lt;p&gt;Korta introduktioner av talarna med efterf&amp;ouml;ljande panelsamtal.&lt;\/p&gt;\n&lt;p&gt;&lt;strong&gt;Fr&amp;aring;gelistinsamling i krissituationer&lt;\/strong&gt;, Bettina Westerholm \ud83c\uddeb\ud83c\uddee&lt;\/p&gt;\n&lt;p&gt;Kulturvetenskapliga arkivet Cultura vid &amp;Aring;bo Akademi har samlat in tv&amp;aring; kortfr&amp;aring;gelistor som respons p&amp;aring; tv&amp;aring; krissituationer: en om knivd&amp;aring;det i &amp;Aring;bo centrum i augusti 2017, och en om coronaviruset som gick ut i mars 2020. Processerna med kortfr&amp;aring;gelistorna har varit mycket l&amp;auml;rorika i fr&amp;aring;ga om bland annat samarbete, etiska och juridiska aspekter, och har ocks&amp;aring; hj&amp;auml;lpt arkivet att f&amp;ouml;rb&amp;auml;ttra andra omr&amp;aring;den av sin verksamhet. Som ett snabbt och ekonomiskt s&amp;auml;tt att samla in ett kvalitativt, men brett, material p&amp;aring; kort tid har kortfr&amp;aring;gelistorna visat sig ge ett gott forskningsmaterial.&lt;\/p&gt;\n&lt;p&gt;&lt;br \/&gt;&lt;strong&gt;Dokumentationsarbete kring coronapandemins samh&amp;auml;llsp&amp;aring;verkan&lt;\/strong&gt;, Eva Tegnhed \ud83c\uddf8\ud83c\uddea&lt;\/p&gt;\n&lt;p&gt;Svenska Arkivf&amp;ouml;rbundet startade under coronapandemin projektet #Corona f&amp;ouml;r att stimulera sina medlemsorganisationer att dokumentera pandemin. Med erfarenhet av det stora intresse som finns f&amp;ouml;r Spanska sjukan och dess konsekvenser gick f&amp;ouml;rbundet ut med ett upprop f&amp;ouml;r att f&amp;aring;nga hur den p&amp;aring;g&amp;aring;ende pandemin p&amp;aring;verkat individ, samh&amp;auml;lle och organisationer. Det visade sig att det fanns ett stort behov av handledning i just samtidsdokumentation. Utifr&amp;aring;n detta utkommer Arkivf&amp;ouml;rbundet inom kort med en handbok kring &amp;auml;mnet.&lt;br \/&gt;&lt;br \/&gt;&lt;strong&gt;Documenting the crisis&lt;\/strong&gt;, Marja-Leena Jalava \ud83c\uddeb\ud83c\uddee&lt;\/p&gt;\n&lt;p&gt;The numerous Covid-19 related research projects worldwide are a proof that memory organizations are able to react quickly when crisis hit the society. The Finnish Literature Society has a long history of documenting everyday life through theme-based collection campaigns. In just a few days in March 2020 the archives was able to plan and launch the Koronakev&amp;auml;t (Corona Spring) collection campaign. The archives receive a comprehensive collection of descriptions of life in exceptional circumstances, but the campaign turned out to be significant for the contributors, researchers - and even the archivist as well.&lt;\/p&gt;\n&lt;p&gt;&lt;br \/&gt;&lt;strong&gt;Ut&amp;ouml;kat bevarande i samband med coronapandemin&lt;\/strong&gt;, Peter Sivervall \ud83c\uddf8\ud83c\uddea&lt;\/p&gt;\n&lt;p&gt;Svenska Riksarkivet gav ut rekommendationer till statliga myndigheter om ett ut&amp;ouml;kat bevarande av corona-relaterad dokumentation\/information. N&amp;aring;gra s&amp;auml;rskilda f&amp;ouml;reskrifter utf&amp;auml;rdades inte ut&amp;ouml;ver de som redan finns (oavsett omr&amp;aring;de).&lt;br \/&gt;&lt;br \/&gt;&lt;strong&gt;Rigsarkivets corona-indsamling&lt;\/strong&gt;, Jette H. Kjellberg \ud83c\udde9\ud83c\uddf0 og Lars Kj&amp;aelig;r \ud83c\udde9\ud83c\uddf0&lt;\/p&gt;\n&lt;p&gt;To uger efter Danmark blev lukket ned i marts 2020, gik Rigsarkivet igang med at indsamle dokumentation af coronakrisen. Form&amp;aring;let var at dokumentere den globale pandemis betydning for det danske samfund, men har ogs&amp;aring; haft fokus p&amp;aring; metodeudvikling, netv&amp;aelig;rksdannelse og samarbejde med andre bevaringsinstitutioner.&lt;br \/&gt;&lt;br \/&gt;&lt;strong&gt;Unders&amp;oslash;gelse af danske kulturarvsinstitutioners dokumentation af corona-krisen&lt;\/strong&gt;, Bente Jensen \ud83c\udde9\ud83c\uddf0&lt;\/p&gt;\n&lt;p&gt;En arbejdsgruppe nedsat af det danske Privatarkivudvalg med repr&amp;aelig;sentanter fra statslige, regionale og lokale museer og arkiver mfl. har udarbejdet en evaluering af bevaringsinstitutionernes indsamling af corona-dokumentation. P&amp;aring; baggrund af en sp&amp;oslash;rgeskemaunders&amp;oslash;gelse har gruppen udarbejdet en rapport.&lt;\/p&gt;\n&lt;p&gt;Udover at give et billede af, hvad der er indsamlet, vil opl&amp;aelig;gget pr&amp;aelig;sentere rapportens konklusioner og perspektiveringer til brug for fremtidig indsamling i krisesituationer. Det g&amp;aelig;lder b&amp;aring;de i forhold til fremtidigt samarbejde mellem institutionerne, indsamlingsmetoder med udgangspunkt i f&amp;aelig;lles teknologiske, brugercentrede l&amp;oslash;sninger samt etiske og juridiske forhold.&lt;\/p&gt;&lt;br&gt;&lt;br&gt;&lt;b&gt;Dokument: &lt;\/b&gt;&lt;br&gt;&lt;a href='https:\/\/beyond-production.objects.dc-sto1.glesys.net\/projects\/1ec62755-9b51-6318-9c6c-06740b380f04\/documents\/3vcihwCFjQQz1k3iIEJa0dk0yvojq5SuS10peTyv.pdf' target='_blank'&gt;13.15_Peter Sivervall.pdf&lt;\/a&gt;&lt;br&gt;&lt;a href='https:\/\/beyond-production.objects.dc-sto1.glesys.net\/projects\/1ec62755-9b51-6318-9c6c-06740b380f04\/documents\/5GkZJXCGSaULlqJNvWTWqmfGRDF7JjTNXHhT4QGR.pdf' target='_blank'&gt;13.15_Jette H. Kjellberg &amp; Lars Kj\u00e6r.pdf&lt;\/a&gt;&lt;br&gt;&lt;a href='https:\/\/beyond-production.objects.dc-sto1.glesys.net\/projects\/1ec62755-9b51-6318-9c6c-06740b380f04\/documents\/jReqX38aOXZMLygEFQDn9b9vorzw6nw7g5UgksFP.pdf' target='_blank'&gt;13.15_Eva Tegnhed.pdf&lt;\/a&gt;&lt;br&gt;&lt;a href='https:\/\/beyond-production.objects.dc-sto1.glesys.net\/projects\/1ec62755-9b51-6318-9c6c-06740b380f04\/documents\/jnM3alWBfLsBa9yMx5NrqNPPMDArqB4ECK0UgHOA.pdf' target='_blank'&gt;13.15_Bettina Westerholm.pdf&lt;\/a&gt;&lt;br&gt;&lt;a href='https:\/\/beyond-production.objects.dc-sto1.glesys.net\/projects\/1ec62755-9b51-6318-9c6c-06740b380f04\/documents\/tU6dPsIiRfb9GY538zNIFywtz2qmjpUKe6PfiRnx.pdf' target='_blank'&gt;13.15 Marja-Leena Jalava.pdf&lt;\/a&gt;&lt;br&gt;&lt;a href='https:\/\/beyond-production.objects.dc-sto1.glesys.net\/projects\/1ec62755-9b51-6318-9c6c-06740b380f04\/documents\/sBGFipZaGLaTJLF6JeMx49eSeKo7ezOHScayqlC6.pdf' target='_blank'&gt;13.15 Bente Jensen.pdf&lt;\/a&gt;&lt;br&gt;&lt;br&gt;\"\n                data-category=\"Arkiv p\u00e5 r\u00e4tt s\u00e4tt -  om legala och etiska aspekter\"\n                data-category-ids=\"1252\"\n                data-span-all=\"\"\n              >\n\n              \n\n              <div class=\"vertical_bar\" style=\"background-color: #fadf9f;\"><\/div>\n              <div class=\"box_inner\">\n                                <span>3.2 Samh\u00e4llets krishantering ur ett arkivperspektiv - Insamling av data i kriser och dokumentation om corona-pandemin<\/span>\n               <br>\n               <div class=\"lecturer\"><span>Bettina Westerholm; Eva Tegnhed; Marja-Leena Jalava; Peter Sivervall; Jette H. Kjellberg; Lars Kj\u00e6r; Bente Jensen<\/span><\/div>\n               <div class=\"room_div \">\n                 <i class=\"list-room\">Lokal C3 - Parallel sessions<\/i>\n               <\/div>\n\n               <div class=\"name_time_div\">\n                <i class=\"list-time\" data-time=\"13:15\">13:15-14:45 - Torsdag 1 september<\/i>\n               <\/div>\n              <\/div>\n             <\/div>\n          <\/div>\n\n          \n          <div class=\"box-wrapper\"\n              data-id=\"1ec6312f-509b-6632-b08e-06740b380f04\">\n\n              <div class='time-header' style='visibility: hidden;'>13:15<\/div>\n\n              <div class=\"box\"\n                data-id=\"1ec6312f-509b-6632-b08e-06740b380f04\"\n                data-project=\"1ec62755-9b51-6318-9c6c-06740b380f04\"\n                data-title=\"Workshop - Forbedret tilgjengeliggj\u00f8ring med AI\"\n                data-time=\"13:15-14:00\"\n                data-room=\"Lokal C4 - Workshops\"\n                data-room-id=\"1ec63106-320d-6cfc-a9c6-06740b380f04\"\n                data-room-name=\"Lokal C4 - Workshops\"\n                data-day=\"0\"\n                data-abs-nbr=\"\"\n                data-abs-path=\"\"\n                data-speaker=\"Kristin Jacobsen; David Haskiya\"\n                data-speakercell=\"Kristin Jacobsen; David Haskiya\"\n                data-info=\"&lt;p&gt;&lt;strong&gt;V&amp;auml;rd:&lt;\/strong&gt; &amp;Aacute;rni J&amp;oacute;hansson \ud83c\uddee\ud83c\uddf8&lt;\/p&gt;\n&lt;p&gt;&lt;strong&gt;Forbedret tilgjengeliggj&amp;oslash;ring med AI&lt;\/strong&gt;, Kristin Jacobsen \ud83c\uddf3\ud83c\uddf4 och David Haskiya \ud83c\uddf8\ud83c\uddea&lt;\/p&gt;\n&lt;p&gt;&amp;nbsp;&lt;\/p&gt;&lt;br&gt;&lt;br&gt;\"\n                data-category=\"Workshop,Demokrati och r\u00e4tten till arkiv\"\n                data-category-ids=\"1255,1249\"\n                data-span-all=\"\"\n              >\n\n              \n\n              <div class=\"vertical_bar\" style=\"background-color: #ced3ff;\"><\/div>\n              <div class=\"box_inner\">\n                                <span>Workshop - Forbedret tilgjengeliggj\u00f8ring med AI<\/span>\n               <br>\n               <div class=\"lecturer\"><span>Kristin Jacobsen; David Haskiya<\/span><\/div>\n               <div class=\"room_div \">\n                 <i class=\"list-room\">Lokal C4 - Workshops<\/i>\n               <\/div>\n\n               <div class=\"name_time_div\">\n                <i class=\"list-time\" data-time=\"13:15\">13:15-14:00 - Torsdag 1 september<\/i>\n               <\/div>\n              <\/div>\n             <\/div>\n          <\/div>\n\n          \n          <div class=\"box-wrapper\"\n              data-id=\"1ed38171-65a3-6de6-ab5f-020211776702\">\n\n              <div class='time-header'>13:20<\/div>\n\n              <div class=\"box\"\n                data-id=\"1ed38171-65a3-6de6-ab5f-020211776702\"\n                data-project=\"1ec62755-9b51-6318-9c6c-06740b380f04\"\n                data-title=\"Day 1 - English\"\n                data-time=\"13:20-14:50\"\n                data-room=\"Only digital sessions\"\n                data-room-id=\"1ed22e14-47df-69ba-a91c-020287552602\"\n                data-room-name=\"Only digital sessions\"\n                data-day=\"0\"\n                data-abs-nbr=\"\"\n                data-abs-path=\"\"\n                data-speaker=\"\"\n                data-speakercell=\"\"\n                data-info=\"\"\n                data-category=\"\"\n                data-category-ids=\"\"\n                data-span-all=\"\"\n              >\n\n              \n\n              <div class=\"vertical_bar\" style=\"background-color: rgba(255, 255, 255, 0);\"><\/div>\n              <div class=\"box_inner\">\n                                <span>Day 1 - English<\/span>\n               <br>\n               \n               <div class=\"room_div \">\n                 <i class=\"list-room\">Only digital sessions<\/i>\n               <\/div>\n\n               <div class=\"name_time_div\">\n                <i class=\"list-time\" data-time=\"13:20\">13:20-14:50 - Torsdag 1 september<\/i>\n               <\/div>\n              <\/div>\n             <\/div>\n          <\/div>\n\n          \n          <div class=\"box-wrapper\"\n              data-id=\"1ec79e16-c425-6710-82f0-06740b380f04\">\n\n              <div class='time-header'>13:45<\/div>\n\n              <div class=\"box\"\n                data-id=\"1ec79e16-c425-6710-82f0-06740b380f04\"\n                data-project=\"1ec62755-9b51-6318-9c6c-06740b380f04\"\n                data-title=\"2.2 Tillg\u00e4nglighet och l\u00e5ngsiktigt bevarande - Hvordan bliver Rigsarkivet myndighedernes arkiv?\"\n                data-time=\"13:45-14:15\"\n                data-room=\"Lokal B123 - Webbs\u00e4nds - Plenary\"\n                data-room-id=\"1ec6275b-dcb9-6ab6-b842-06740b380f04\"\n                data-room-name=\"Lokal B123 - Webbs\u00e4nds - Plenary\"\n                data-day=\"0\"\n                data-abs-nbr=\"\"\n                data-abs-path=\"\"\n                data-speaker=\"Steen Andersen, Danmark\"\n                data-speakercell=\"Steen Andersen, Danmark\"\n                data-info=\"&lt;p&gt;&lt;strong&gt;Hvordan bliver Rigsarkivet myndighedernes arkiv?&lt;\/strong&gt; Steen Andersen \ud83c\udde9\ud83c\uddf0&lt;\/p&gt;\n&lt;p&gt;Rigsarkivet st&amp;aring;r i en formativ fase med hensyn til tilg&amp;aelig;ngeligg&amp;oslash;relse af data i relation til myndigheder. &amp;nbsp;Afd&amp;aelig;kningen af bruger&amp;oslash;nsker i forbindelse med Rigsarkivets &amp;rsquo;Tilsyn 2020&amp;rsquo; viser med al tydelighed en st&amp;oslash;rre eftersp&amp;oslash;rgsel p&amp;aring; adgang til data. Myndighederne &amp;oslash;nsker selv at kunne lave opslag i egne afleverede data, og det er tydeligt dokumenteret, at herved kunne Rigsarkivets samling bidrage til at styrke og effektivisere den data drevne myndighed.&lt;\/p&gt;\n&lt;p&gt;P&amp;aring; den formelle side er det tydeligt, at der er behov for en institutionel forandring i form af en arkivlovs&amp;aelig;ndring. En effektiv digitalisering af myndighedsservice foruds&amp;aelig;tter en eller anden form for &amp;aelig;ndring af den formelle ramme omkring myndigheders adgang til data. Der er behov for en &amp;aelig;ndring af loven, eller paraplytilladelser, som vil kunne give myndigheder det formelle grundlag for at kunne f&amp;aring; adgang til udvalgte dele af deres afleverede data i Rigsarkivet. Dette paper vil skitsere to modeller, som begge foruds&amp;aelig;tter en &amp;aelig;ndring af arkivloven. Model A vil v&amp;aelig;re en l&amp;oslash;sning, som vil v&amp;aelig;re pagt med hidtidig praksis p&amp;aring; feltet, mens Model B med sit forslag om oprettelsen af et &amp;rsquo;mellemarkiv&amp;rsquo; vil v&amp;aelig;re en nyskabelse med krav om organisatorisk nyt&amp;aelig;nkning.&lt;\/p&gt;\n&lt;p&gt;Rigsarkivet har i 2020 haft som prioriteret opgave at teste Database Preservation Toolkit (DBPTK) b&amp;aring;de internt med et arkiv fokus og eksternt med et myndighedsfokus. Denne test har vist, at DBPTK har stort potentiale i forhold til at kunne fungere som et fremtidigt tilg&amp;aelig;ngeligg&amp;oslash;relsessystem for Rigsarkivet.&lt;\/p&gt;\n&lt;p&gt;En af de helt centrale erfaringer fra den gennemf&amp;oslash;rte test var, at myndighedernes behov var anderledes end arkivarernes, men at DBPTK rummer de systemtekniske muligheder for at kunne foretage &amp;aelig;ndringer i m&amp;aring;den data bliver bearbejdet og data bliver pr&amp;aelig;senteret i v&amp;aelig;rkt&amp;oslash;jet. Det viste sig muligt efter efterkomme bruger&amp;oslash;nskerne efter dialog med myndighederne. DBPTK har vist sig som et s&amp;aelig;rdeles effektivt og brugbart system til tilg&amp;aelig;ngeligg&amp;oslash;relse af e-journaler, og det som st&amp;aring;r tilbage for Rigsarkivet er at gennemf&amp;oslash;re test af ESDH-systemer i v&amp;aelig;rkt&amp;oslash;jet.&lt;\/p&gt;\n&lt;p&gt;Selve v&amp;aelig;rkt&amp;oslash;jet er dog kun en del af l&amp;oslash;sningen, idet en mere digital myndighedsservice fordrer komponenter, som udvikles i relation til realiseringen af m&amp;aring;larkitekturen, herunder autentificering, sikker udlevering og etablering af dedikerede containere med styret adgang til data.&lt;\/p&gt;\n&lt;p&gt;&lt;iframe src=&quot;https:\/\/player.vimeo.com\/video\/755191815?h=8868a22c0d&quot; width=&quot;640&quot; height=&quot;564&quot; frameborder=&quot;0&quot; allowfullscreen=&quot;&quot;&gt;&lt;\/iframe&gt;&lt;\/p&gt;&lt;br&gt;&lt;br&gt;&lt;b&gt;Dokument: &lt;\/b&gt;&lt;br&gt;&lt;a href='https:\/\/beyond-production.objects.dc-sto1.glesys.net\/projects\/1ec62755-9b51-6318-9c6c-06740b380f04\/documents\/U5oO71crBk5vZ0ff34GpSslzG8dA9mNdaJ4ZKWvg.pdf' target='_blank'&gt;13.45 - Steen Andersen.pdf&lt;\/a&gt;&lt;br&gt;&lt;br&gt;\"\n                data-category=\"Effektiv informationshantering\"\n                data-category-ids=\"1251\"\n                data-span-all=\"\"\n              >\n\n              \n\n              <div class=\"vertical_bar\" style=\"background-color: #e0929b;\"><\/div>\n              <div class=\"box_inner\">\n                                <span>2.2 Tillg\u00e4nglighet och l\u00e5ngsiktigt bevarande - Hvordan bliver Rigsarkivet myndighedernes arkiv?<\/span>\n               <br>\n               <div class=\"lecturer\"><span>Steen Andersen, Danmark<\/span><\/div>\n               <div class=\"room_div \">\n                 <i class=\"list-room\">Lokal B123 - Webbs\u00e4nds - Plenary<\/i>\n               <\/div>\n\n               <div class=\"name_time_div\">\n                <i class=\"list-time\" data-time=\"13:45\">13:45-14:15 - Torsdag 1 september<\/i>\n               <\/div>\n              <\/div>\n             <\/div>\n          <\/div>\n\n          \n          <div class=\"box-wrapper\"\n              data-id=\"1ec6311f-9cd2-651a-b457-06740b380f04\">\n\n              <div class='time-header'>14:00<\/div>\n\n              <div class=\"box\"\n                data-id=\"1ec6311f-9cd2-651a-b457-06740b380f04\"\n                data-project=\"1ec62755-9b51-6318-9c6c-06740b380f04\"\n                data-title=\"Workshop - L\u00e5ngsiktigt digitalt bevarande av audiovisuell och elektronisk information\"\n                data-time=\"14:00-14:45\"\n                data-room=\"Lokal C4 - Workshops\"\n                data-room-id=\"1ec63106-320d-6cfc-a9c6-06740b380f04\"\n                data-room-name=\"Lokal C4 - Workshops\"\n                data-day=\"0\"\n                data-abs-nbr=\"\"\n                data-abs-path=\"\"\n                data-speaker=\"Joakim Andersson; Johan Ekdahl; Jens Kling\"\n                data-speakercell=\"Joakim Andersson; Johan Ekdahl; Jens Kling\"\n                data-info=\"&lt;p&gt;&lt;strong&gt;V&amp;auml;rd:&lt;\/strong&gt; &amp;Aacute;rni J&amp;oacute;hansson \ud83c\uddee\ud83c\uddf8&lt;\/p&gt;\n&lt;p&gt;&lt;strong&gt;L&amp;aring;ngsiktigt digitalt bevarande av audiovisuell och elektronisk information&lt;\/strong&gt;, Joakim Andersson \ud83c\uddf8\ud83c\uddea, Johan Ekdahl \ud83c\uddf8\ud83c\uddea, Jens Kling \ud83c\uddf8\ud83c\uddea&lt;\/p&gt;\n&lt;p&gt;Det l&amp;aring;ngsiktiga digitala bevarandet av audiovisuell och elektronisk information har flera utmaningar. Kulturarvet riskerar att f&amp;ouml;rst&amp;ouml;ras d&amp;aring; informationen, s&amp;aring;v&amp;auml;l analog som digital, &amp;auml;r lagrad p&amp;aring; media som inte &amp;auml;r best&amp;auml;ndig &amp;ouml;ver tid. Riksarkivet har drivit ett brett insamlingsprojekt med syfte att s&amp;auml;kra tillg&amp;aring;ngen till f&amp;ouml;r&amp;aring;ldrad uppspelningsutrustning. Teknik som &amp;auml;r avg&amp;ouml;rande f&amp;ouml;r att kunna s&amp;auml;kerst&amp;auml;lla det framtida l&amp;aring;ngtidsbevarandet och tillg&amp;aring;ngen till informationen. Att arbeta med material p&amp;aring; &amp;auml;ldre media &amp;auml;r utmanande, vilka pr&amp;ouml;vningar finns kring bevarandet?&lt;\/p&gt;&lt;br&gt;&lt;br&gt;&lt;b&gt;Dokument: &lt;\/b&gt;&lt;br&gt;&lt;a href='https:\/\/beyond-production.objects.dc-sto1.glesys.net\/projects\/1ec62755-9b51-6318-9c6c-06740b380f04\/documents\/oFS2jmEY4aEeRfZIajgrmjvtLI7madz7VEy6qgty.pdf' target='_blank'&gt;14.00 Jens Kling, Joakim Andersson och Johan Ekdahl - Digitalt bevarande.pdf&lt;\/a&gt;&lt;br&gt;&lt;br&gt;\"\n                data-category=\"Workshop,Effektiv informationshantering\"\n                data-category-ids=\"1255,1251\"\n                data-span-all=\"\"\n              >\n\n              \n\n              <div class=\"vertical_bar\" style=\"background-color: #ced3ff;\"><\/div>\n              <div class=\"box_inner\">\n                                <span>Workshop - L\u00e5ngsiktigt digitalt bevarande av audiovisuell och elektronisk information<\/span>\n               <br>\n               <div class=\"lecturer\"><span>Joakim Andersson; Johan Ekdahl; Jens Kling<\/span><\/div>\n               <div class=\"room_div \">\n                 <i class=\"list-room\">Lokal C4 - Workshops<\/i>\n               <\/div>\n\n               <div class=\"name_time_div\">\n                <i class=\"list-time\" data-time=\"14:00\">14:00-14:45 - Torsdag 1 september<\/i>\n               <\/div>\n              <\/div>\n             <\/div>\n          <\/div>\n\n          \n          <div class=\"box-wrapper\"\n              data-id=\"1ec79e18-b843-6e0e-9b09-06740b380f04\">\n\n              <div class='time-header'>14:15<\/div>\n\n              <div class=\"box\"\n                data-id=\"1ec79e18-b843-6e0e-9b09-06740b380f04\"\n                data-project=\"1ec62755-9b51-6318-9c6c-06740b380f04\"\n                data-title=\"2.2 Tillg\u00e4nglighet och l\u00e5ngsiktigt bevarande - Digital Private Archives\"\n                data-time=\"14:15-14:45\"\n                data-room=\"Lokal B123 - Webbs\u00e4nds - Plenary\"\n                data-room-id=\"1ec6275b-dcb9-6ab6-b842-06740b380f04\"\n                data-room-name=\"Lokal B123 - Webbs\u00e4nds - Plenary\"\n                data-day=\"0\"\n                data-abs-nbr=\"\"\n                data-abs-path=\"\"\n                data-speaker=\"Markus Merenmies\"\n                data-speakercell=\"Markus Merenmies\"\n                data-info=\"&lt;p&gt;&lt;strong&gt;Digital Private Archives - developing system supported ingest process&lt;\/strong&gt;, Markus Merenmies \ud83c\uddeb\ud83c\uddee&lt;\/p&gt;\n&lt;p&gt;This presentation describes how the National Archives of Finland (NAF) started to establish services and processes for the transfer and preservation of private archives in digital format. This is a description of piloting, testing and learning in connection with developing a whole new activity. At the same time, NAF is modernizing its whole collection management, preservation infrastructure and digital reading room services. The aim is to show how to we integrated a smaller project into bigger change, what opportunities we got and what challenges we faced.&lt;\/p&gt;&lt;br&gt;&lt;br&gt;&lt;b&gt;Dokument: &lt;\/b&gt;&lt;br&gt;&lt;a href='https:\/\/beyond-production.objects.dc-sto1.glesys.net\/projects\/1ec62755-9b51-6318-9c6c-06740b380f04\/documents\/BiuAEci2oJpfZQyPl1JFuU8W2iqJyP1W8c6a4v5Z.pdf' target='_blank'&gt;14.15 - Markus Merenmies.pdf&lt;\/a&gt;&lt;br&gt;&lt;br&gt;\"\n                data-category=\"Effektiv informationshantering\"\n                data-category-ids=\"1251\"\n                data-span-all=\"\"\n              >\n\n              \n\n              <div class=\"vertical_bar\" style=\"background-color: #e0929b;\"><\/div>\n              <div class=\"box_inner\">\n                                <span>2.2 Tillg\u00e4nglighet och l\u00e5ngsiktigt bevarande - Digital Private Archives<\/span>\n               <br>\n               <div class=\"lecturer\"><span>Markus Merenmies<\/span><\/div>\n               <div class=\"room_div \">\n                 <i class=\"list-room\">Lokal B123 - Webbs\u00e4nds - Plenary<\/i>\n               <\/div>\n\n               <div class=\"name_time_div\">\n                <i class=\"list-time\" data-time=\"14:15\">14:15-14:45 - Torsdag 1 september<\/i>\n               <\/div>\n              <\/div>\n             <\/div>\n          <\/div>\n\n          \n          <div class=\"box-wrapper\"\n              data-id=\"1ec63131-5a02-69a8-9f77-06740b380f04\">\n\n              <div class='time-header'>14:45<\/div>\n\n              <div class=\"box\"\n                data-id=\"1ec63131-5a02-69a8-9f77-06740b380f04\"\n                data-project=\"1ec62755-9b51-6318-9c6c-06740b380f04\"\n                data-title=\"Kaffepaus\"\n                data-time=\"14:45-15:15\"\n                data-room=\"Konferensfoaj\u00e9\"\n                data-room-id=\"1ec6c818-5b77-6238-be18-06740b380f04\"\n                data-room-name=\"Konferensfoaj\u00e9\"\n                data-day=\"0\"\n                data-abs-nbr=\"\"\n                data-abs-path=\"\"\n                data-speaker=\"\"\n                data-speakercell=\"\"\n                data-info=\"\"\n                data-category=\"Socialt\"\n                data-category-ids=\"1254\"\n                data-span-all=\"1\"\n              >\n\n              \n\n              <div class=\"vertical_bar\" style=\"background-color: #dddddd;\"><\/div>\n              <div class=\"box_inner\">\n                                <span>Kaffepaus<\/span>\n               <br>\n               \n               <div class=\"room_div \">\n                 <i class=\"list-room\">Konferensfoaj\u00e9<\/i>\n               <\/div>\n\n               <div class=\"name_time_div\">\n                <i class=\"list-time\" data-time=\"14:45\">14:45-15:15 - Torsdag 1 september<\/i>\n               <\/div>\n              <\/div>\n             <\/div>\n          <\/div>\n\n          \n          <div class=\"box-wrapper\"\n              data-id=\"1ec63134-ebc4-65aa-a2d5-06740b380f04\">\n\n              <div class='time-header'>15:15<\/div>\n\n              <div class=\"box\"\n                data-id=\"1ec63134-ebc4-65aa-a2d5-06740b380f04\"\n                data-project=\"1ec62755-9b51-6318-9c6c-06740b380f04\"\n                data-title=\"3.3 Arkiv p\u00e5 r\u00e4tt s\u00e4tt - Arkivens anv\u00e4ndning i krishantering\"\n                data-time=\"15:15-15:45\"\n                data-room=\"Lokal B123 - Webbs\u00e4nds - Plenary\"\n                data-room-id=\"1ec6275b-dcb9-6ab6-b842-06740b380f04\"\n                data-room-name=\"Lokal B123 - Webbs\u00e4nds - Plenary\"\n                data-day=\"0\"\n                data-abs-nbr=\"\"\n                data-abs-path=\"\"\n                data-speaker=\"Erik Borglund\"\n                data-speakercell=\"Erik Borglund\"\n                data-info=\"&lt;p&gt;&lt;strong&gt;Arkivens anv&amp;auml;ndning i krishantering&lt;\/strong&gt;, Erik Borglund \ud83c\uddf8\ud83c\uddea&lt;\/p&gt;\n&lt;p&gt;Arkiven &amp;auml;r en relativt oanv&amp;auml;nd k&amp;auml;lla f&amp;ouml;r kunskap kring modern krishantering. I f&amp;ouml;redraget kommer fokus att ligga p&amp;aring; hur arkiven kan bli mer anv&amp;auml;ndbara i krishantering.&lt;\/p&gt;\n&lt;p&gt;&lt;iframe src=&quot;https:\/\/player.vimeo.com\/video\/755141953?h=784a620fbe&quot; width=&quot;640&quot; height=&quot;564&quot; frameborder=&quot;0&quot; allowfullscreen=&quot;&quot;&gt;&lt;\/iframe&gt;&lt;\/p&gt;&lt;br&gt;&lt;br&gt;&lt;b&gt;Dokument: &lt;\/b&gt;&lt;br&gt;&lt;a href='https:\/\/beyond-production.objects.dc-sto1.glesys.net\/projects\/1ec62755-9b51-6318-9c6c-06740b380f04\/documents\/aw12kLFNmoYyIVG1UpxTqg7h9nQMFmybVthYPjsg.pdf' target='_blank'&gt;15.15 - Erik Borglund.pdf&lt;\/a&gt;&lt;br&gt;&lt;br&gt;\"\n                data-category=\"Arkiv p\u00e5 r\u00e4tt s\u00e4tt -  om legala och etiska aspekter\"\n                data-category-ids=\"1252\"\n                data-span-all=\"\"\n              >\n\n              \n\n              <div class=\"vertical_bar\" style=\"background-color: #fadf9f;\"><\/div>\n              <div class=\"box_inner\">\n                                <span>3.3 Arkiv p\u00e5 r\u00e4tt s\u00e4tt - Arkivens anv\u00e4ndning i krishantering<\/span>\n               <br>\n               <div class=\"lecturer\"><span>Erik Borglund<\/span><\/div>\n               <div class=\"room_div \">\n                 <i class=\"list-room\">Lokal B123 - Webbs\u00e4nds - Plenary<\/i>\n               <\/div>\n\n               <div class=\"name_time_div\">\n                <i class=\"list-time\" data-time=\"15:15\">15:15-15:45 - Torsdag 1 september<\/i>\n               <\/div>\n              <\/div>\n             <\/div>\n          <\/div>\n\n          \n          <div class=\"box-wrapper\"\n              data-id=\"1ec63138-6a09-6c50-aa6b-06740b380f04\">\n\n              <div class='time-header' style='visibility: hidden;'>15:15<\/div>\n\n              <div class=\"box\"\n                data-id=\"1ec63138-6a09-6c50-aa6b-06740b380f04\"\n                data-project=\"1ec62755-9b51-6318-9c6c-06740b380f04\"\n                data-title=\"1.3 F\u00f6rb\u00e4ttra den digitala anv\u00e4ndningen - Brukarperspektiv, historiska befolkningsregister, metadata och geotaggning\"\n                data-time=\"15:15-16:45\"\n                data-room=\"Lokal C1&2 - Parallel sessions\"\n                data-room-id=\"1ec63105-bf66-66d6-a574-06740b380f04\"\n                data-room-name=\"Lokal C1&2 - Parallel sessions\"\n                data-day=\"0\"\n                data-abs-nbr=\"\"\n                data-abs-path=\"\"\n                data-speaker=\"Kristin Br\u00f8gger Jensen; Allan Vestergaard; Mai-Brit Lauritsen; Laura Klingenbjerg Staugaard; Lars Nygaard; Kristin Jacobsen; Unnar Rafn Ingvarsson\"\n                data-speakercell=\"Kristin Br\u00f8gger Jensen; Allan Vestergaard; Mai-Brit Lauritsen; Laura Klingenbjerg Staugaard; Lars Nygaard; Kristin Jacobsen; Unnar Rafn Ingvarsson\"\n                data-info=\"&lt;b&gt;Moderator: &lt;\/b&gt;Jan Dalsten S\u00f8rensen, Danmark&lt;br&gt;&lt;br&gt;&lt;p&gt;15:15-15:45&lt;br \/&gt;&lt;strong&gt;Bedre adgang til Rigsarkivets data - En Indgang-projektet&lt;\/strong&gt;, Kristin Br&amp;oslash;gger Jensen \ud83c\udde9\ud83c\uddf0 og Allan Vestergaard \ud83c\udde9\ud83c\uddf0&lt;\/p&gt;\n&lt;p&gt;Adgang til arkiver handler ikke kun om affotografering, transskribering og metadata. Det handler ogs&amp;aring; om synlighed, overblik og overskuelighed. Og det handler om brugerrejser. Arkiverne har mange typer af brugere, med forskellige behov, forskellig kontekst og forskellig forh&amp;aring;ndsviden. Rigsarkivet i Danmark har i forbindelse med forberedelse af vores nye hjemmeside arbejdet indg&amp;aring;ende med at skabe overblik over brugertyperne og med at designe diversificerede brugerrejser for de v&amp;aelig;sentligste af disse.&lt;\/p&gt;\n&lt;p&gt;15:45-16:15&lt;br \/&gt;&lt;strong&gt;Folk i fortiden - et befolkningshistorisk danmarkskort&lt;\/strong&gt;, Mai-Brit Lauritsen \ud83c\udde9\ud83c\uddf0 og Laura Klingenbjerg Staugaard \ud83c\udde9\ud83c\uddf0&lt;\/p&gt;\n&lt;p&gt;I Danmark har vi i Rigsarkivet en ambition om at s&amp;aelig;tte data i spil til s&amp;aring; mange mennesker som muligt. Vores samlinger skal v&amp;aelig;re for alle. Det har blandt andet f&amp;oslash;rt til udviklingen af Folk i Fortiden &amp;ndash; Danmarks Befolkningshistoriske Atlas.&lt;\/p&gt;\n&lt;p&gt;Folk i Fortiden er et digitalt danmarkskort baseret p&amp;aring; oplysninger fra bl.a. folket&amp;aelig;llingerne, hvor de digitale data ikke blot anvendes til at vise forskelle i den demografiske udvikling i landet, men ogs&amp;aring; fungerer som en platform, hvorfra brugerne kan downloade data. Brugerne inviteres til at g&amp;aring; p&amp;aring; opdagelse p&amp;aring; kortet og selv unders&amp;oslash;ge, hvordan befolkningsudviklingen har v&amp;aelig;ret i et bestemt omr&amp;aring;de og m&amp;aring;ske endda selv downloade data og arbejde videre med dem.&lt;\/p&gt;\n&lt;p&gt;&lt;strong&gt;Historisk befolkningsregister&lt;\/strong&gt;, Lars Nygaard \ud83c\uddf3\ud83c\uddf4&lt;br \/&gt;Historisk befolkningsregister (HBR) er et prosjekt som i prinsippet forlenger det norske folkeregistret fra 1964 bakover i tid til 1801. Dette gj&amp;oslash;res ved &amp;aring;&amp;nbsp;&lt;em&gt;lenke&lt;\/em&gt;&amp;nbsp;sammen forekomster av identifiserbare personer i kildene til livsl&amp;oslash;p, og&amp;nbsp;&lt;em&gt;koble&lt;\/em&gt;&amp;nbsp;personene sammen i familienettverk (mor &amp;ndash; far &amp;ndash; barn). Hovedkildene til registret er kirkeb&amp;oslash;ker og folketellinger. HBR har en &amp;aring;pen del som er tilgjengelig for alle p&amp;aring; nettstedet&amp;nbsp;&lt;a href=&quot;https:\/\/url11.mailanyone.net\/v1\/?m=1nPjZC-0001BG-3y&amp;amp;i=57e1b682&amp;amp;c=2JZXtcb8w78MpajEf6HkF8p12KEntlit84GQO8ZrMeIDiotkAjjGVARjIJfq0su-nbdYGUO4ZNSXPsEUem2HKQRDS_eciWMKJCZ9rg2wx418wBqFxA8vtgxIiEIDphKMdeFYEtZ-zIjhC5QnV39ej1Hnatcupl9-5n5hIt59Bs2Drv7rNEGdsAVk-9MGbUQZvbVufQL_d7K8BXupkyLMOM-yMpIAx88MlKYy_LyV8F4&quot;&gt;histreg.no&lt;\/a&gt;. Den omfatter kun avd&amp;oslash;de personer f&amp;oslash;dt frem til ca. 1920. HBR har ogs&amp;aring; en tilgangsbegrenset del som ogs&amp;aring; omfatter n&amp;aring;levende personer og perioden fra 1920 til 1964. Den er kun tilgjengelig for forskere, fortrinnsvis i anonymisert versjon. Prosjektet er i to perioder &lt;a href=&quot;tel:20142018&quot;&gt;(2014-2018&lt;\/a&gt; og &lt;a href=&quot;tel:20222026&quot;&gt;2022-2026&lt;\/a&gt;) finansiert av Norges Forskningsr&amp;aring;ds program for forskningsinfrastruktur. Mange forskningsmilj&amp;oslash;er deltar i prosjektet.&amp;nbsp;&lt;\/p&gt;\n&lt;p&gt;16:15-16:45&lt;br \/&gt;&lt;strong&gt;Semantisk informasjonsmodell for metadata&lt;\/strong&gt;, Kristin Jacobsen \ud83c\uddf3\ud83c\uddf4&lt;\/p&gt;\n&lt;p&gt;I arbeidet rundt digitalisering, forenkling og bedre tilgang til arkiv p&amp;aring; tvers av forvaltningsniv&amp;aring; har Arkivverket satt i gang arbeid med en oppdatert tiln&amp;aelig;rming til metadata for arkiver. Et m&amp;aring;l med arbeidet er &amp;aring; kunne gi fleksibilitet for de som skal avlevere arkiver, samtidig som vi ivaretar viktige arkivfaglige krav og egenskaper. Ved en fleksibel og semantisk informasjonsmodell for metadata, som tar hensyn til ulike forvaltningsniv&amp;aring;, temaomr&amp;aring;der og formater for arkiv, vil man etablere en enhetlig m&amp;aring;te &amp;aring; beskrive arkivene.&lt;\/p&gt;\n&lt;p&gt;Brukere av arkivene har ofte ikke et forhold eller kjennskap til hvor arkivene kommer fra, hvilke format de har, eller hvilket temaomr&amp;aring;de de er etablert innen. Denne informasjonsmodellen legger ogs&amp;aring; til rette for en bedre kataloginngang med felles inngang til ulike arkiv.&lt;\/p&gt;\n&lt;p&gt;&lt;strong&gt;Geo-tagging i arkiver&lt;\/strong&gt;, Unnar Rafn \ud83c\uddee\ud83c\uddf8&lt;\/p&gt;\n&lt;p&gt;Unnar Rafn will talk about how AI technology and other modern technology has been used to combine datasets in a geoportal that various Iceland institutions have formed in cooperation. It includes geotagged names of people, farms and places since the beginning of the 20th century that have been harvested from archival material. Unnar will give insight into the project and talk about its prospects.&lt;\/p&gt;&lt;br&gt;&lt;br&gt;&lt;b&gt;Dokument: &lt;\/b&gt;&lt;br&gt;&lt;a href='https:\/\/beyond-production.objects.dc-sto1.glesys.net\/projects\/1ec62755-9b51-6318-9c6c-06740b380f04\/documents\/soxeqs1FGW42TdP6msBOBqcGvK6LGi8PBZ3PEQpQ.pdf' target='_blank'&gt;15.15 Kristin Br\u00f8gger Jensen &amp; Allan Vestergaard.pdf&lt;\/a&gt;&lt;br&gt;&lt;a href='https:\/\/beyond-production.objects.dc-sto1.glesys.net\/projects\/1ec62755-9b51-6318-9c6c-06740b380f04\/documents\/W2BjCGrXtCt17NFSy3WFaX74zfDikxhtKYoN7nct.pdf' target='_blank'&gt;15.45 Mai-Brit Lauritsen &amp; Laura Klingenbjerg Staugaard.pdf&lt;\/a&gt;&lt;br&gt;&lt;a href='https:\/\/beyond-production.objects.dc-sto1.glesys.net\/projects\/1ec62755-9b51-6318-9c6c-06740b380f04\/documents\/zOvKBOIOHEoxppATQ7HjglAMhMY9BhAl2CaXZ5vx.pdf' target='_blank'&gt;16.00 Lars_Nygaard.pdf&lt;\/a&gt;&lt;br&gt;&lt;a href='https:\/\/beyond-production.objects.dc-sto1.glesys.net\/projects\/1ec62755-9b51-6318-9c6c-06740b380f04\/documents\/rlp5vKkJO9YJxHeiAO2TgUAy8HONtG0StA67imDV.pdf' target='_blank'&gt;16.30 Unnar Rafn Ingvarsson.pdf&lt;\/a&gt;&lt;br&gt;&lt;br&gt;\"\n                data-category=\"Demokrati och r\u00e4tten till arkiv\"\n                data-category-ids=\"1249\"\n                data-span-all=\"\"\n              >\n\n              \n\n              <div class=\"vertical_bar\" style=\"background-color: #9dcdf8;\"><\/div>\n              <div class=\"box_inner\">\n                                <span>1.3 F\u00f6rb\u00e4ttra den digitala anv\u00e4ndningen - Brukarperspektiv, historiska befolkningsregister, metadata och geotaggning<\/span>\n               <br>\n               <div class=\"lecturer\"><span>Kristin Br\u00f8gger Jensen; Allan Vestergaard; Mai-Brit Lauritsen; Laura Klingenbjerg Staugaard; Lars Nygaard; Kristin Jacobsen; Unnar Rafn Ingvarsson<\/span><\/div>\n               <div class=\"room_div \">\n                 <i class=\"list-room\">Lokal C1&2 - Parallel sessions<\/i>\n               <\/div>\n\n               <div class=\"name_time_div\">\n                <i class=\"list-time\" data-time=\"15:15\">15:15-16:45 - Torsdag 1 september<\/i>\n               <\/div>\n              <\/div>\n             <\/div>\n          <\/div>\n\n          \n          <div class=\"box-wrapper\"\n              data-id=\"1ec6313a-9db8-61da-b8de-06740b380f04\">\n\n              <div class='time-header' style='visibility: hidden;'>15:15<\/div>\n\n              <div class=\"box\"\n                data-id=\"1ec6313a-9db8-61da-b8de-06740b380f04\"\n                data-project=\"1ec62755-9b51-6318-9c6c-06740b380f04\"\n                data-title=\"2.3 Arkiven bidrar och anpassas till den digitala samh\u00e4llsutvecklingen - F\u00f6rvaltning  och tillsyn i f\u00f6r\u00e4ndring; digital infrastruktur och IT-arkitektur\"\n                data-time=\"15:15-16:45\"\n                data-room=\"Lokal C3 - Parallel sessions\"\n                data-room-id=\"1ec63105-fc5b-62b2-be64-06740b380f04\"\n                data-room-name=\"Lokal C3 - Parallel sessions\"\n                data-day=\"0\"\n                data-abs-nbr=\"\"\n                data-abs-path=\"\"\n                data-speaker=\"Annica R\u00e9nud; Anna-Kristina Andersson; Helga J\u00f3na Eir\u00edksd\u00f3ttir; \u00c1rni J\u00f3hannsson; Petra Dornbusch; Kjetil Reithaug\"\n                data-speakercell=\"Annica R\u00e9nud; Anna-Kristina Andersson; Helga J\u00f3na Eir\u00edksd\u00f3ttir; \u00c1rni J\u00f3hannsson; Petra Dornbusch; Kjetil Reithaug\"\n                data-info=\"&lt;b&gt;Moderator: &lt;\/b&gt;Nj\u00f6r\u00f0ur Sigur\u00f0sson, Island&lt;br&gt;&lt;br&gt;&lt;p&gt;Preliminary choices shows that this session might get full quickly.&lt;\/p&gt;\n&lt;p&gt;Be sure to plan a second option in your personal program, and we kindly ask you to respect limitations due to security policy.&lt;\/p&gt;\n&lt;p&gt;&amp;nbsp;&lt;\/p&gt;\n&lt;p&gt;15:15-15:45&lt;br \/&gt;&lt;strong&gt;Den digitala transformationens betydelse f&amp;ouml;r samh&amp;auml;llets informationsf&amp;ouml;rs&amp;ouml;rjning&lt;\/strong&gt;, Annica R&amp;eacute;nud \ud83c\uddf8\ud83c\uddea&lt;\/p&gt;\n&lt;p&gt;R&amp;auml;tten till arkivinformation kombinerat med den digitala utvecklingen &amp;auml;r centrala delar i f&amp;ouml;redraget och med informationen i centrum belyses en rad fr&amp;aring;gest&amp;auml;llningar. Vad bestod informationslandskapet av tidigare? Vad p&amp;aring;verkar informationens ekosystem idag? Vad blir resultatet f&amp;ouml;r samh&amp;auml;llets informationsf&amp;ouml;rs&amp;ouml;rjning? Och vad inneb&amp;auml;r den digitala transformationen f&amp;ouml;r samh&amp;auml;llets informationsf&amp;ouml;rs&amp;ouml;rjning?&lt;br \/&gt;&lt;br \/&gt;&lt;strong&gt;Arkivperspektiv som en del av den digitala infrastrukturen&lt;\/strong&gt;, Anna-Kristina Andersson \ud83c\uddf8\ud83c\uddea&lt;\/p&gt;\n&lt;p&gt;Den f&amp;ouml;rvaltningsgemensamma digitala infrastrukturen f&amp;ouml;r informationsutbyte best&amp;aring;r av byggblock, nationella grunddata och en struktur f&amp;ouml;r styrning. Kompetensomr&amp;aring;de Arkiv &amp;auml;r en del av styrmodellen och ska ge st&amp;ouml;d och v&amp;auml;gledning i arkivfr&amp;aring;gor till de deltagande myndigheterna. P&amp;aring; s&amp;aring; s&amp;auml;tt kommer arkivperspektivet att beaktas i ett tidigt skede i utvecklingen av Infrastrukturen.&lt;br \/&gt;&lt;br \/&gt;&lt;\/p&gt;\n&lt;p&gt;15:45-16:45&lt;br \/&gt;&lt;strong&gt;Organized surveillance in the public sector&lt;\/strong&gt;, Helga J&amp;oacute;na Eir&amp;iacute;ksd&amp;oacute;ttir \ud83c\uddee\ud83c\uddf8, &amp;Aacute;rni J&amp;oacute;hannsson \ud83c\uddee\ud83c\uddf8&lt;\/p&gt;\n&lt;p&gt;Helga J&amp;oacute;na Eir&amp;iacute;ksd&amp;oacute;ttir and &amp;Aacute;rni J&amp;oacute;hannsson will demonstrate how NAIS systematic surveillance surveys have had positive impact on record management in Iceland in recent years. Drawing on that experience, NAIS is taking the next step to an organized surveillance to bolster compliance to laws and regulations. Helga J&amp;oacute;na and &amp;Aacute;rni will talk about the blueprint of this next step and lessons learned in the process.&lt;br \/&gt;&lt;br \/&gt;&lt;strong&gt;Hvordan jobber vi med tilsyn?&lt;\/strong&gt; Kjetil Reithaug \ud83c\uddf3\ud83c\uddf4&lt;\/p&gt;\n&lt;p&gt;I sin tilsynsvirksomhet har Arkivverket sterkt fokus p&amp;aring; at tilsynene skal v&amp;aelig;re nyttige for form&amp;aring;let &amp;ndash; nemlig bedre arkiver og dokumentasjon. Metoden videreutvikles stadig, med sm&amp;aring; justering og utpr&amp;oslash;ving underveis. Tilsynsobjekter velges &amp;aring;rlig ut ved en risikobasert og arkivfaglig vurdering for &amp;aring; avdekke s&amp;aring;rbarheter. Tilsynene har hovedfokus p&amp;aring; elektronisk dokumentasjon og systemer, herunder ogs&amp;aring; organisering, ansvarsfordeling og dokumentasjon. Vi legger vekt p&amp;aring; at rapporten med resultat av tilsynet blir forst&amp;aring;tt av tilsynsobjektet, samtidig som vi fors&amp;oslash;ker holder en klar og tydelig linje mellom tilsyn p&amp;aring; ene siden og veiledning p&amp;aring; den andre.&lt;br \/&gt;&lt;br \/&gt;&lt;strong&gt;Hur jobbar svenska Riksarkivet med utveckling av tillsyns- och leveransfr&amp;aring;gor?&lt;\/strong&gt; Petra Dornbusch \ud83c\uddf8\ud83c\uddea&lt;\/p&gt;\n&lt;p&gt;Riksarkivets tillsynsverksamhet inneh&amp;aring;ller inspektioner, r&amp;aring;dgivning och utv&amp;auml;rdering. Ett utvecklingsarbete har p&amp;aring;g&amp;aring;tt f&amp;ouml;r att tydligg&amp;ouml;ra insatser p&amp;aring; kortare och l&amp;auml;ngre sikt. Nu finns &amp;auml;ven en strategi f&amp;ouml;r leveranser och f&amp;ouml;r r&amp;aring;dgivning finns en strategi f&amp;ouml;r fr&amp;auml;mjande av informationshantering. Tillsammans skapar dessa strategier en gemensam grund f&amp;ouml;r framtida arbete.&lt;\/p&gt;&lt;br&gt;&lt;br&gt;&lt;b&gt;Dokument: &lt;\/b&gt;&lt;br&gt;&lt;a href='https:\/\/beyond-production.objects.dc-sto1.glesys.net\/projects\/1ec62755-9b51-6318-9c6c-06740b380f04\/documents\/QYVv2IuLv6UfbbzT32txnHZSXwnD85fyMPtFNt1k.pdf' target='_blank'&gt;16.15 Petra Dornbusch.pdf&lt;\/a&gt;&lt;br&gt;&lt;a href='https:\/\/beyond-production.objects.dc-sto1.glesys.net\/projects\/1ec62755-9b51-6318-9c6c-06740b380f04\/documents\/HElA6VW3yAFPYBgBCP5vbfGSokKSgLKEd2qD7eAB.pdf' target='_blank'&gt;16.00 Kjetil Reithaug.pdf&lt;\/a&gt;&lt;br&gt;&lt;a href='https:\/\/beyond-production.objects.dc-sto1.glesys.net\/projects\/1ec62755-9b51-6318-9c6c-06740b380f04\/documents\/RWJ3nGF3kl8mt5wwWFOTkw6i2VZSWHhVhLQoIsYX.pdf' target='_blank'&gt;15.45 Helga J\u00f3na Eir\u00edksd\u00f3ttir &amp; \u00c1rni J\u00f3hannsson.pdf&lt;\/a&gt;&lt;br&gt;&lt;a href='https:\/\/beyond-production.objects.dc-sto1.glesys.net\/projects\/1ec62755-9b51-6318-9c6c-06740b380f04\/documents\/5Mz0trQlqAQExW20LUwfzk4gwqw98sfw2pzsh7Xs.pdf' target='_blank'&gt;15.30 Anna-Kristina Andersson.pdf&lt;\/a&gt;&lt;br&gt;&lt;a href='https:\/\/beyond-production.objects.dc-sto1.glesys.net\/projects\/1ec62755-9b51-6318-9c6c-06740b380f04\/documents\/wzVilgeRsFE7SLUjQmfFGV3LzRrDRc2DyZprQvL2.pdf' target='_blank'&gt;15.15 Annica Renud.pdf&lt;\/a&gt;&lt;br&gt;&lt;br&gt;\"\n                data-category=\"Effektiv informationshantering\"\n                data-category-ids=\"1251\"\n                data-span-all=\"\"\n              >\n\n              \n\n              <div class=\"vertical_bar\" style=\"background-color: #e0929b;\"><\/div>\n              <div class=\"box_inner\">\n                                <span>2.3 Arkiven bidrar och anpassas till den digitala samh\u00e4llsutvecklingen - F\u00f6rvaltning  och tillsyn i f\u00f6r\u00e4ndring; digital infrastruktur och IT-arkitektur<\/span>\n               <br>\n               <div class=\"lecturer\"><span>Annica R\u00e9nud; Anna-Kristina Andersson; Helga J\u00f3na Eir\u00edksd\u00f3ttir; \u00c1rni J\u00f3hannsson; Petra Dornbusch; Kjetil Reithaug<\/span><\/div>\n               <div class=\"room_div \">\n                 <i class=\"list-room\">Lokal C3 - Parallel sessions<\/i>\n               <\/div>\n\n               <div class=\"name_time_div\">\n                <i class=\"list-time\" data-time=\"15:15\">15:15-16:45 - Torsdag 1 september<\/i>\n               <\/div>\n              <\/div>\n             <\/div>\n          <\/div>\n\n          \n          <div class=\"box-wrapper\"\n              data-id=\"1ec6313e-0f96-66f0-bf3c-06740b380f04\">\n\n              <div class='time-header' style='visibility: hidden;'>15:15<\/div>\n\n              <div class=\"box\"\n                data-id=\"1ec6313e-0f96-66f0-bf3c-06740b380f04\"\n                data-project=\"1ec62755-9b51-6318-9c6c-06740b380f04\"\n                data-title=\"Workshop - Erfaringer med crowdsourcing\"\n                data-time=\"15:15-16:00\"\n                data-room=\"Lokal C4 - Workshops\"\n                data-room-id=\"1ec63106-320d-6cfc-a9c6-06740b380f04\"\n                data-room-name=\"Lokal C4 - Workshops\"\n                data-day=\"0\"\n                data-abs-nbr=\"\"\n                data-abs-path=\"\"\n                data-speaker=\"Markus Schunck; Allan Vestergaard; Renathe Johanne W\u00e5genes\"\n                data-speakercell=\"Markus Schunck; Allan Vestergaard; Renathe Johanne W\u00e5genes\"\n                data-info=\"&lt;p&gt;&lt;strong&gt;V&amp;auml;rd:&lt;\/strong&gt; Hrafnkell L&amp;aacute;russon \ud83c\uddee\ud83c\uddf8&lt;\/p&gt;\n&lt;p&gt;&lt;strong&gt;Erfaringer med crowdsourcing. Hvor langt kan vi g&amp;aring; med brugerinddragelse? Erfaringer fra brugerinddragelsesarbejdet i det danske Rigsarkiv&lt;\/strong&gt;, Markus Schunck \ud83c\udde9\ud83c\uddf0, Allan Vestergaard \ud83c\udde9\ud83c\uddf0 og Renathe Johanne W&amp;aring;genes \ud83c\uddf3\ud83c\uddf4&lt;\/p&gt;\n&lt;p&gt;Med udgangspunkt i erfaringerne fra arbejdet i Kildeindtastningskomiteen, d.v.s. den styregruppe der siden 1990erne har tilrettelagt arbejdet med afskrivningen af folket&amp;aelig;llinger til Dansk Demografisk Database, og som best&amp;aring;r af forskere, sl&amp;aelig;gts- og lokalhistorikere og repr&amp;aelig;sentanter fra Rigsarkivet, har Rigsarkivets crowdsourcing-team udviklet konceptet om radikal brugerinddragelse. Indtastningsprojekterne p&amp;aring; cs.sa.dk og andre af de brugerinddragelsesaktiviteter som cs-teamet arbejder med, er s&amp;aring;ledes kendetegnet ved, at de altid tager udgangspunkt i dr&amp;oslash;ftelser med de grupper som t&amp;aelig;nkes at bidrage til arbejdet samt de brugere som efterf&amp;oslash;lgende t&amp;aelig;nkes at kunne anvende data. Det g&amp;aelig;lder b&amp;aring;de projekternes omfang, hvilke data der skal afskrives hvis der er tale om et indtastningsprojekt o.s.v. afhandles p&amp;aring; forh&amp;aring;nd med disse grupper, ligesom der l&amp;oslash;bende er kontakt imellem cs-teamets medarbejdere, forskere og indtastere.&lt;\/p&gt;&lt;br&gt;&lt;br&gt;&lt;b&gt;Dokument: &lt;\/b&gt;&lt;br&gt;&lt;a href='https:\/\/beyond-production.objects.dc-sto1.glesys.net\/projects\/1ec62755-9b51-6318-9c6c-06740b380f04\/documents\/flD7Mgdj7e8GiVkPhmwdWDcMSTgtJVUbxUvWjKZ2.pdf' target='_blank'&gt;15.15 Markus Schunck &amp; Allan Vestergaard - Erfaringer med crowdsourcing.pdf&lt;\/a&gt;&lt;br&gt;&lt;a href='https:\/\/beyond-production.objects.dc-sto1.glesys.net\/projects\/1ec62755-9b51-6318-9c6c-06740b380f04\/documents\/ZmFVM9MWeCdCUVbGfkP1e7BleeeqDkdniruHhD6r.pdf' target='_blank'&gt;15.15 Renathe Johanne W\u00e5genes - Erfaringer med crowdsourcing.pdf&lt;\/a&gt;&lt;br&gt;&lt;br&gt;\"\n                data-category=\"Workshop,Demokrati och r\u00e4tten till arkiv\"\n                data-category-ids=\"1255,1249\"\n                data-span-all=\"\"\n              >\n\n              \n\n              <div class=\"vertical_bar\" style=\"background-color: #ced3ff;\"><\/div>\n              <div class=\"box_inner\">\n                                <span>Workshop - Erfaringer med crowdsourcing<\/span>\n               <br>\n               <div class=\"lecturer\"><span>Markus Schunck; Allan Vestergaard; Renathe Johanne W\u00e5genes<\/span><\/div>\n               <div class=\"room_div \">\n                 <i class=\"list-room\">Lokal C4 - Workshops<\/i>\n               <\/div>\n\n               <div class=\"name_time_div\">\n                <i class=\"list-time\" data-time=\"15:15\">15:15-16:00 - Torsdag 1 september<\/i>\n               <\/div>\n              <\/div>\n             <\/div>\n          <\/div>\n\n          \n          <div class=\"box-wrapper\"\n              data-id=\"1ec79e1e-20bc-6abc-b17b-06740b380f04\">\n\n              <div class='time-header'>15:45<\/div>\n\n              <div class=\"box\"\n                data-id=\"1ec79e1e-20bc-6abc-b17b-06740b380f04\"\n                data-project=\"1ec62755-9b51-6318-9c6c-06740b380f04\"\n                data-title=\"3.3 Arkiv p\u00e5 r\u00e4tt s\u00e4tt - Etiske aspekter ved adgang til og udstilling af data\"\n                data-time=\"15:45-16:15\"\n                data-room=\"Lokal B123 - Webbs\u00e4nds - Plenary\"\n                data-room-id=\"1ec6275b-dcb9-6ab6-b842-06740b380f04\"\n                data-room-name=\"Lokal B123 - Webbs\u00e4nds - Plenary\"\n                data-day=\"0\"\n                data-abs-nbr=\"\"\n                data-abs-path=\"\"\n                data-speaker=\"Ole Magnus M\u00f8lbak Andersen, Danmark\"\n                data-speakercell=\"Ole Magnus M\u00f8lbak Andersen, Danmark\"\n                data-info=\"&lt;p&gt;&lt;strong&gt;Etiske aspekter ved adgang til og udstilling af data&lt;\/strong&gt;, Ole Magnus M&amp;oslash;lbak Andersen \ud83c\udde9\ud83c\uddf0&lt;\/p&gt;\n&lt;p&gt;De nationale arkivlove, GDPR og &amp;oslash;vrig lovgivning s&amp;aelig;tter rammer for, hvilke data arkiverne kan udlevere og under hvilke vilk&amp;aring;r, samt hvad og hvorn&amp;aring;r data kan publiceres. Dette skaber udfordringer af b&amp;aring;de praktisk og etisk karakter. I Danmark opleves et stigende fokus p&amp;aring; at beskytte f&amp;oslash;lsomme persondata parallelt med et stigende pres p&amp;aring; at give adgang til dem. Arkiverne m&amp;aring; derfor ofte v&amp;aelig;gte modsatrettede hensyn i h&amp;aring;ndteringen af sagerne. I pr&amp;aelig;sentationen beskrives en r&amp;aelig;kke dilemmaer, og der fort&amp;aelig;lles om det danske Rigsarkivs h&amp;aring;ndtering heraf.&lt;\/p&gt;\n&lt;p&gt;English version&lt;\/p&gt;\n&lt;p style=&quot;text-align: center;&quot;&gt;&lt;iframe src=&quot;https:\/\/player.vimeo.com\/video\/755094780?h=cf789ea33d&quot; width=&quot;640&quot; height=&quot;564&quot; frameborder=&quot;0&quot; allowfullscreen=&quot;&quot;&gt;&lt;\/iframe&gt;&lt;\/p&gt;&lt;br&gt;&lt;br&gt;&lt;b&gt;Dokument: &lt;\/b&gt;&lt;br&gt;&lt;a href='https:\/\/beyond-production.objects.dc-sto1.glesys.net\/projects\/1ec62755-9b51-6318-9c6c-06740b380f04\/documents\/GLn4k3lybxOosnVdvJ6QkaPST0SvaHEzskJee906.pdf' target='_blank'&gt;15.40 - Ole Magnus M\u00f8lbak Andersen.pdf&lt;\/a&gt;&lt;br&gt;&lt;br&gt;\"\n                data-category=\"Arkiv p\u00e5 r\u00e4tt s\u00e4tt -  om legala och etiska aspekter\"\n                data-category-ids=\"1252\"\n                data-span-all=\"\"\n              >\n\n              \n\n              <div class=\"vertical_bar\" style=\"background-color: #fadf9f;\"><\/div>\n              <div class=\"box_inner\">\n                                <span>3.3 Arkiv p\u00e5 r\u00e4tt s\u00e4tt - Etiske aspekter ved adgang til og udstilling af data<\/span>\n               <br>\n               <div class=\"lecturer\"><span>Ole Magnus M\u00f8lbak Andersen, Danmark<\/span><\/div>\n               <div class=\"room_div \">\n                 <i class=\"list-room\">Lokal B123 - Webbs\u00e4nds - Plenary<\/i>\n               <\/div>\n\n               <div class=\"name_time_div\">\n                <i class=\"list-time\" data-time=\"15:45\">15:45-16:15 - Torsdag 1 september<\/i>\n               <\/div>\n              <\/div>\n             <\/div>\n          <\/div>\n\n          \n          <div class=\"box-wrapper\"\n              data-id=\"1ec79e39-3a56-658e-8f33-06740b380f04\">\n\n              <div class='time-header'>16:00<\/div>\n\n              <div class=\"box\"\n                data-id=\"1ec79e39-3a56-658e-8f33-06740b380f04\"\n                data-project=\"1ec62755-9b51-6318-9c6c-06740b380f04\"\n                data-title=\"Workshop - Att g\u00f6ra podcast om arkivmaterial - att kasta sig in i podd-trenden\"\n                data-time=\"16:00-16:45\"\n                data-room=\"Lokal C4 - Workshops\"\n                data-room-id=\"1ec63106-320d-6cfc-a9c6-06740b380f04\"\n                data-room-name=\"Lokal C4 - Workshops\"\n                data-day=\"0\"\n                data-abs-nbr=\"\"\n                data-abs-path=\"\"\n                data-speaker=\"Jens Kling; Maria Press\"\n                data-speakercell=\"Jens Kling; Maria Press\"\n                data-info=\"&lt;p&gt;&lt;strong&gt;V&amp;auml;rd:&lt;\/strong&gt; Hrafnkell L&amp;aacute;russon \ud83c\uddee\ud83c\uddf8&lt;\/p&gt;\n&lt;p&gt;&lt;strong&gt;Att g&amp;ouml;ra podcast om arkivmaterial - att kasta sig in i podd-trenden&lt;\/strong&gt;, Jens Kling \ud83c\uddf8\ud83c\uddea och Maria Press \ud83c\uddf8\ud83c\uddea&lt;\/p&gt;\n&lt;p&gt;Under Corona-pandemin har det svenska Riksarkivet s&amp;ouml;kt nya v&amp;auml;gar f&amp;ouml;r att n&amp;aring; sina anv&amp;auml;ndare och startat en podcast. Podden drivs fr&amp;aring;n Riksarkivet Landsarkivet i &amp;Ouml;stersund och medarbetare runt om i organisationen har bidragit med sin kunskap. Enheten f&amp;ouml;r ljud, bild och elektroniska arkiv har medverkat med en serie podd-avsnitt om den statliga svenska filmcensuren. Hur g&amp;aring;r man tillv&amp;auml;ga? Hur n&amp;aring;r man ut? Vilka &amp;auml;r erfarenheterna? Och hur skapas dialog med anv&amp;auml;ndarna?&lt;\/p&gt;&lt;br&gt;&lt;br&gt;&lt;b&gt;Dokument: &lt;\/b&gt;&lt;br&gt;&lt;a href='https:\/\/beyond-production.objects.dc-sto1.glesys.net\/projects\/1ec62755-9b51-6318-9c6c-06740b380f04\/documents\/ZJ5X54K2VS2FMmLnV1rYEbcHdPXABNyOZQxFTvpP.pdf' target='_blank'&gt;16.00 Jens Kling &amp; Maria Press - Att g\u00f6ra podcast om arkivmaterial.pdf&lt;\/a&gt;&lt;br&gt;&lt;br&gt;\"\n                data-category=\"Workshop,Demokrati och r\u00e4tten till arkiv\"\n                data-category-ids=\"1255,1249\"\n                data-span-all=\"\"\n              >\n\n              \n\n              <div class=\"vertical_bar\" style=\"background-color: #ced3ff;\"><\/div>\n              <div class=\"box_inner\">\n                                <span>Workshop - Att g\u00f6ra podcast om arkivmaterial - att kasta sig in i podd-trenden<\/span>\n               <br>\n               <div class=\"lecturer\"><span>Jens Kling; Maria Press<\/span><\/div>\n               <div class=\"room_div \">\n                 <i class=\"list-room\">Lokal C4 - Workshops<\/i>\n               <\/div>\n\n               <div class=\"name_time_div\">\n                <i class=\"list-time\" data-time=\"16:00\">16:00-16:45 - Torsdag 1 september<\/i>\n               <\/div>\n              <\/div>\n             <\/div>\n          <\/div>\n\n          \n          <div class=\"box-wrapper\"\n              data-id=\"1ec79e1e-95d7-6194-97b5-06740b380f04\">\n\n              <div class='time-header'>16:15<\/div>\n\n              <div class=\"box\"\n                data-id=\"1ec79e1e-95d7-6194-97b5-06740b380f04\"\n                data-project=\"1ec62755-9b51-6318-9c6c-06740b380f04\"\n                data-title=\"UTG\u00c5R: 3.3 Arkiv p\u00e5 r\u00e4tt s\u00e4tt - Demokrati och retten til arkiv\"\n                data-time=\"16:15-16:45\"\n                data-room=\"Lokal B123 - Webbs\u00e4nds - Plenary\"\n                data-room-id=\"1ec6275b-dcb9-6ab6-b842-06740b380f04\"\n                data-room-name=\"Lokal B123 - Webbs\u00e4nds - Plenary\"\n                data-day=\"0\"\n                data-abs-nbr=\"\"\n                data-abs-path=\"\"\n                data-speaker=\"Inga Marja Steinfjell\"\n                data-speakercell=\"Inga Marja Steinfjell\"\n                data-info=\"&lt;p&gt;&lt;strong&gt;&lt;span style=&quot;text-decoration: underline;&quot;&gt;UTG&amp;Aring;R:&lt;\/span&gt; Demokrati och retten til arkiv&lt;\/strong&gt;, Inga Marja Steinfjell \ud83c\uddf3\ud83c\uddf4&lt;\/p&gt;&lt;br&gt;&lt;br&gt;\"\n                data-category=\"Arkiv p\u00e5 r\u00e4tt s\u00e4tt -  om legala och etiska aspekter\"\n                data-category-ids=\"1252\"\n                data-span-all=\"\"\n              >\n\n              \n\n              <div class=\"vertical_bar\" style=\"background-color: #fadf9f;\"><\/div>\n              <div class=\"box_inner\">\n                                <span>UTG\u00c5R: 3.3 Arkiv p\u00e5 r\u00e4tt s\u00e4tt - Demokrati och retten til arkiv<\/span>\n               <br>\n               <div class=\"lecturer\"><span>Inga Marja Steinfjell<\/span><\/div>\n               <div class=\"room_div \">\n                 <i class=\"list-room\">Lokal B123 - Webbs\u00e4nds - Plenary<\/i>\n               <\/div>\n\n               <div class=\"name_time_div\">\n                <i class=\"list-time\" data-time=\"16:15\">16:15-16:45 - Torsdag 1 september<\/i>\n               <\/div>\n              <\/div>\n             <\/div>\n          <\/div>\n\n          \n          <div class=\"box-wrapper\"\n              data-id=\"1ed1d3bf-e745-66da-a2ba-020287552602\">\n\n              <div class='time-header'>18:30<\/div>\n\n              <div class=\"box\"\n                data-id=\"1ed1d3bf-e745-66da-a2ba-020287552602\"\n                data-project=\"1ec62755-9b51-6318-9c6c-06740b380f04\"\n                data-title=\"Mingel\"\n                data-time=\"18:30-19:00\"\n                data-room=\"Konferensfoaj\u00e9\"\n                data-room-id=\"1ec6c818-5b77-6238-be18-06740b380f04\"\n                data-room-name=\"Konferensfoaj\u00e9\"\n                data-day=\"0\"\n                data-abs-nbr=\"\"\n                data-abs-path=\"\"\n                data-speaker=\"\"\n                data-speakercell=\"\"\n                data-info=\"&lt;p&gt;F&amp;ouml;rdrink i konferesfoaj&amp;eacute;n, nedre plan.&lt;\/p&gt;&lt;br&gt;&lt;br&gt;\"\n                data-category=\"Socialt\"\n                data-category-ids=\"1254\"\n                data-span-all=\"1\"\n              >\n\n              \n\n              <div class=\"vertical_bar\" style=\"background-color: #dddddd;\"><\/div>\n              <div class=\"box_inner\">\n                                <span>Mingel<\/span>\n               <br>\n               \n               <div class=\"room_div \">\n                 <i class=\"list-room\">Konferensfoaj\u00e9<\/i>\n               <\/div>\n\n               <div class=\"name_time_div\">\n                <i class=\"list-time\" data-time=\"18:30\">18:30-19:00 - Torsdag 1 september<\/i>\n               <\/div>\n              <\/div>\n             <\/div>\n          <\/div>\n\n          \n          <div class=\"box-wrapper\"\n              data-id=\"1ec6313f-a306-62d6-91e1-06740b380f04\">\n\n              <div class='time-header'>19:00<\/div>\n\n              <div class=\"box\"\n                data-id=\"1ec6313f-a306-62d6-91e1-06740b380f04\"\n                data-project=\"1ec62755-9b51-6318-9c6c-06740b380f04\"\n                data-title=\"Festmiddag\"\n                data-time=\"19:00-22:00\"\n                data-room=\"Bankettsalen\"\n                data-room-id=\"1ec79e48-6fe7-66f8-b0a8-06740b380f04\"\n                data-room-name=\"Bankettsalen\"\n                data-day=\"0\"\n                data-abs-nbr=\"\"\n                data-abs-path=\"\"\n                data-speaker=\"\"\n                data-speakercell=\"\"\n                data-info=\"&lt;p&gt;Clarion Hotel Sign&lt;\/p&gt;&lt;br&gt;&lt;br&gt;\"\n                data-category=\"Socialt\"\n                data-category-ids=\"1254\"\n                data-span-all=\"1\"\n              >\n\n              \n\n              <div class=\"vertical_bar\" style=\"background-color: #dddddd;\"><\/div>\n              <div class=\"box_inner\">\n                                <span>Festmiddag<\/span>\n               <br>\n               \n               <div class=\"room_div \">\n                 <i class=\"list-room\">Bankettsalen<\/i>\n               <\/div>\n\n               <div class=\"name_time_div\">\n                <i class=\"list-time\" data-time=\"19:00\">19:00-22:00 - Torsdag 1 september<\/i>\n               <\/div>\n              <\/div>\n             <\/div>\n          <\/div>\n\n          \n          <div class=\"box-wrapper\"\n              data-id=\"1ed1d3c1-8d62-65bc-832a-020287552602\">\n\n              <div class='time-header'>22:00<\/div>\n\n              <div class=\"box\"\n                data-id=\"1ed1d3c1-8d62-65bc-832a-020287552602\"\n                data-project=\"1ec62755-9b51-6318-9c6c-06740b380f04\"\n                data-title=\"Archive Dance Party\"\n                data-time=\"22:00-00:00\"\n                data-room=\"Bankettsalen\"\n                data-room-id=\"1ec79e48-6fe7-66f8-b0a8-06740b380f04\"\n                data-room-name=\"Bankettsalen\"\n                data-day=\"0\"\n                data-abs-nbr=\"\"\n                data-abs-path=\"\"\n                data-speaker=\"\"\n                data-speakercell=\"\"\n                data-info=\"\"\n                data-category=\"Socialt\"\n                data-category-ids=\"1254\"\n                data-span-all=\"1\"\n              >\n\n              \n\n              <div class=\"vertical_bar\" style=\"background-color: #dddddd;\"><\/div>\n              <div class=\"box_inner\">\n                                <span>Archive Dance Party<\/span>\n               <br>\n               \n               <div class=\"room_div \">\n                 <i class=\"list-room\">Bankettsalen<\/i>\n               <\/div>\n\n               <div class=\"name_time_div\">\n                <i class=\"list-time\" data-time=\"22:00\">22:00-00:00 - Torsdag 1 september<\/i>\n               <\/div>\n              <\/div>\n             <\/div>\n          <\/div>\n\n          <div class='list_header' data-day='1' style='background-color: rgba(32, 132, 196, 0.83); color: rgba(255, 255, 255, 1);'>Fredag 2 september<\/div>\n          <div class=\"box-wrapper\"\n              data-id=\"1ec63160-1a84-6310-b980-06740b380f04\">\n\n              <div class='time-header'>08:45<\/div>\n\n              <div class=\"box\"\n                data-id=\"1ec63160-1a84-6310-b980-06740b380f04\"\n                data-project=\"1ec62755-9b51-6318-9c6c-06740b380f04\"\n                data-title=\"Andra konferensdagen \u00f6ppnar\"\n                data-time=\"08:45-09:00\"\n                data-room=\"Lokal B123 - Webbs\u00e4nds - Plenary\"\n                data-room-id=\"1ec6275b-dcb9-6ab6-b842-06740b380f04\"\n                data-room-name=\"Lokal B123 - Webbs\u00e4nds - Plenary\"\n                data-day=\"1\"\n                data-abs-nbr=\"\"\n                data-abs-path=\"\"\n                data-speaker=\"\"\n                data-speakercell=\"\"\n                data-info=\"\"\n                data-category=\"Gemensamt program\"\n                data-category-ids=\"1250\"\n                data-span-all=\"1\"\n              >\n\n              \n\n              <div class=\"vertical_bar\" style=\"background-color: #c2e798;\"><\/div>\n              <div class=\"box_inner\">\n                                <span>Andra konferensdagen \u00f6ppnar<\/span>\n               <br>\n               \n               <div class=\"room_div \">\n                 <i class=\"list-room\">Lokal B123 - Webbs\u00e4nds - Plenary<\/i>\n               <\/div>\n\n               <div class=\"name_time_div\">\n                <i class=\"list-time\" data-time=\"08:45\">08:45-09:00 - Fredag 2 september<\/i>\n               <\/div>\n              <\/div>\n             <\/div>\n          <\/div>\n\n          \n          <div class=\"box-wrapper\"\n              data-id=\"1ec63164-8375-6a46-aec3-06740b380f04\">\n\n              <div class='time-header'>09:00<\/div>\n\n              <div class=\"box\"\n                data-id=\"1ec63164-8375-6a46-aec3-06740b380f04\"\n                data-project=\"1ec62755-9b51-6318-9c6c-06740b380f04\"\n                data-title=\"V\u00e4rldens b\u00e4sta offentliga f\u00f6rvaltning\"\n                data-time=\"09:00-09:30\"\n                data-room=\"Lokal B123 - Webbs\u00e4nds - Plenary\"\n                data-room-id=\"1ec6275b-dcb9-6ab6-b842-06740b380f04\"\n                data-room-name=\"Lokal B123 - Webbs\u00e4nds - Plenary\"\n                data-day=\"1\"\n                data-abs-nbr=\"\"\n                data-abs-path=\"\"\n                data-speaker=\"Eeva Kaunismaa, Finland\"\n                data-speakercell=\"Eeva Kaunismaa, Finland\"\n                data-info=\"&lt;p&gt;Eeva Kaunismaa, projektledare f&amp;ouml;r strategin f&amp;ouml;r reformering av offentlig f&amp;ouml;rvaltning, finansministeriet, \ud83c\uddeb\ud83c\uddee&lt;\/p&gt;\n&lt;p&gt;&amp;Auml;mnet f&amp;ouml;r presentationen &amp;auml;r strategin f&amp;ouml;r den offentliga f&amp;ouml;rvaltningen och hur den styr och st&amp;ouml;der reformeringen av hela den offentliga f&amp;ouml;rvaltningen under 2020-talet.&lt;\/p&gt;\n&lt;p&gt;En fungerande offentlig f&amp;ouml;rvaltning &amp;auml;r en v&amp;auml;sentlig del av en fungerande demokrati och ett blomstrande v&amp;auml;lf&amp;auml;rdssamh&amp;auml;lle. Den systematiska och m&amp;aring;lmedvetna reformeringen av f&amp;ouml;rvaltningen som beskrivs i strategin leder till smidigare vardagsservice, b&amp;auml;ttre r&amp;auml;ttss&amp;auml;kerhet i samh&amp;auml;llet och nya m&amp;ouml;jligheter f&amp;ouml;r f&amp;ouml;retag och sammanslutningar. En av m&amp;aring;ls&amp;auml;ttningarna i reformeringen av den offentliga f&amp;ouml;rvaltningen &amp;auml;r att verksamheten grundar sig p&amp;aring; information. Ett genomg&amp;aring;ende tema i riktlinjerna &amp;auml;r digitalisering som f&amp;ouml;r&amp;auml;ndringsmedel och en av de sju riktlinjerna heter &amp;rdquo;&amp;nbsp;Vi utnyttjar och erbjuder information p&amp;aring; ett f&amp;ouml;rutseende och m&amp;aring;ngsidigt s&amp;auml;tt&amp;rdquo;.&lt;\/p&gt;\n&lt;p&gt;&lt;iframe src=&quot;https:\/\/player.vimeo.com\/video\/755338679?h=0cb3e7aca6&quot; width=&quot;640&quot; height=&quot;564&quot; frameborder=&quot;0&quot; allowfullscreen=&quot;&quot;&gt;&lt;\/iframe&gt;&lt;\/p&gt;&lt;br&gt;&lt;br&gt;\"\n                data-category=\"Gemensamt program,Keynote\"\n                data-category-ids=\"1250,1253\"\n                data-span-all=\"1\"\n              >\n\n              \n\n              <div class=\"vertical_bar\" style=\"background-color: #c2e798;\"><\/div>\n              <div class=\"box_inner\">\n                                <span>V\u00e4rldens b\u00e4sta offentliga f\u00f6rvaltning<\/span>\n               <br>\n               <div class=\"lecturer\"><span>Eeva Kaunismaa, Finland<\/span><\/div>\n               <div class=\"room_div \">\n                 <i class=\"list-room\">Lokal B123 - Webbs\u00e4nds - Plenary<\/i>\n               <\/div>\n\n               <div class=\"name_time_div\">\n                <i class=\"list-time\" data-time=\"09:00\">09:00-09:30 - Fredag 2 september<\/i>\n               <\/div>\n              <\/div>\n             <\/div>\n          <\/div>\n\n          \n          <div class=\"box-wrapper\"\n              data-id=\"1ec63167-feaf-6f4c-9583-06740b380f04\">\n\n              <div class='time-header'>09:30<\/div>\n\n              <div class=\"box\"\n                data-id=\"1ec63167-feaf-6f4c-9583-06740b380f04\"\n                data-project=\"1ec62755-9b51-6318-9c6c-06740b380f04\"\n                data-title=\"Digitalisering av offentlige tjenester\"\n                data-time=\"09:30-10:00\"\n                data-room=\"Lokal B123 - Webbs\u00e4nds - Plenary\"\n                data-room-id=\"1ec6275b-dcb9-6ab6-b842-06740b380f04\"\n                data-room-name=\"Lokal B123 - Webbs\u00e4nds - Plenary\"\n                data-day=\"1\"\n                data-abs-nbr=\"\"\n                data-abs-path=\"\"\n                data-speaker=\"Knut Bj\u00f8rgaas, Norge\"\n                data-speakercell=\"Knut Bj\u00f8rgaas, Norge\"\n                data-info=\"&lt;p&gt;Knut Bj&amp;oslash;rgaas, avdelingsdirekt&amp;oslash;r med ansvar for digital strategi og samhandling i Digdir \ud83c\uddf3\ud83c\uddf4&lt;\/p&gt;\n&lt;p&gt;Norge har en digitaliseringsstrategi, &amp;eacute;n digital offentlig sektor. Foredraget vil handle om strategien og hvordan det g&amp;aring;r med implementeringen av den. Et sentralt element i strategien er felles &amp;oslash;kosystem, eller det digitale fundamentet som offentlige digitale tjenester hviler p&amp;aring;. Hvordan f&amp;aring;r vi arkiv til &amp;aring; passe godt inn i v&amp;aring;rt felles &amp;oslash;kosystem, og hvordan kan vi bruke arkiv til &amp;aring; bygge digitale tjenester for innbyggere, n&amp;aelig;ringsliv og frivillig sektor? Foredraget vil inneholde konkrete eksempler som illustrerer sp&amp;oslash;rsm&amp;aring;lene.&lt;\/p&gt;\n&lt;p&gt;&lt;iframe src=&quot;https:\/\/player.vimeo.com\/video\/755330770?h=fd50e6d698&quot; width=&quot;640&quot; height=&quot;564&quot; frameborder=&quot;0&quot; allowfullscreen=&quot;&quot;&gt;&lt;\/iframe&gt;&lt;\/p&gt;&lt;br&gt;&lt;br&gt;&lt;b&gt;Dokument: &lt;\/b&gt;&lt;br&gt;&lt;a href='https:\/\/beyond-production.objects.dc-sto1.glesys.net\/projects\/1ec62755-9b51-6318-9c6c-06740b380f04\/documents\/rPGJJMRXIZ697IIo79k9QzjNNAFWHvnC82aVlgOJ.pdf' target='_blank'&gt;09.30 - Knut Bj\u00f8rgaas.pdf&lt;\/a&gt;&lt;br&gt;&lt;br&gt;\"\n                data-category=\"Gemensamt program,Keynote\"\n                data-category-ids=\"1250,1253\"\n                data-span-all=\"1\"\n              >\n\n              \n\n              <div class=\"vertical_bar\" style=\"background-color: #c2e798;\"><\/div>\n              <div class=\"box_inner\">\n                                <span>Digitalisering av offentlige tjenester<\/span>\n               <br>\n               <div class=\"lecturer\"><span>Knut Bj\u00f8rgaas, Norge<\/span><\/div>\n               <div class=\"room_div \">\n                 <i class=\"list-room\">Lokal B123 - Webbs\u00e4nds - Plenary<\/i>\n               <\/div>\n\n               <div class=\"name_time_div\">\n                <i class=\"list-time\" data-time=\"09:30\">09:30-10:00 - Fredag 2 september<\/i>\n               <\/div>\n              <\/div>\n             <\/div>\n          <\/div>\n\n          \n          <div class=\"box-wrapper\"\n              data-id=\"1ec63169-a388-6586-b32e-06740b380f04\">\n\n              <div class='time-header'>10:00<\/div>\n\n              <div class=\"box\"\n                data-id=\"1ec63169-a388-6586-b32e-06740b380f04\"\n                data-project=\"1ec62755-9b51-6318-9c6c-06740b380f04\"\n                data-title=\"Kaffepaus\"\n                data-time=\"10:00-10:30\"\n                data-room=\"Konferensfoaj\u00e9\"\n                data-room-id=\"1ec6c818-5b77-6238-be18-06740b380f04\"\n                data-room-name=\"Konferensfoaj\u00e9\"\n                data-day=\"1\"\n                data-abs-nbr=\"\"\n                data-abs-path=\"\"\n                data-speaker=\"\"\n                data-speakercell=\"\"\n                data-info=\"\"\n                data-category=\"Socialt\"\n                data-category-ids=\"1254\"\n                data-span-all=\"1\"\n              >\n\n              \n\n              <div class=\"vertical_bar\" style=\"background-color: #dddddd;\"><\/div>\n              <div class=\"box_inner\">\n                                <span>Kaffepaus<\/span>\n               <br>\n               \n               <div class=\"room_div \">\n                 <i class=\"list-room\">Konferensfoaj\u00e9<\/i>\n               <\/div>\n\n               <div class=\"name_time_div\">\n                <i class=\"list-time\" data-time=\"10:00\">10:00-10:30 - Fredag 2 september<\/i>\n               <\/div>\n              <\/div>\n             <\/div>\n          <\/div>\n\n          \n          <div class=\"box-wrapper\"\n              data-id=\"1eced4a1-b678-641e-b850-020287552602\">\n\n              <div class='time-header'>10:30<\/div>\n\n              <div class=\"box\"\n                data-id=\"1eced4a1-b678-641e-b850-020287552602\"\n                data-project=\"1ec62755-9b51-6318-9c6c-06740b380f04\"\n                data-title=\"Ukraina\"\n                data-time=\"10:30-12:00\"\n                data-room=\"Lokal B123 - Webbs\u00e4nds - Plenary\"\n                data-room-id=\"1ec6275b-dcb9-6ab6-b842-06740b380f04\"\n                data-room-name=\"Lokal B123 - Webbs\u00e4nds - Plenary\"\n                data-day=\"1\"\n                data-abs-nbr=\"\"\n                data-abs-path=\"\"\n                data-speaker=\"Marina Trattner; Anna-Karin Johansson; Maryna Paliienko\"\n                data-speakercell=\"Marina Trattner; Anna-Karin Johansson; Maryna Paliienko\"\n                data-info=\"&lt;p&gt;&lt;strong&gt;Riksarkivets roll i Ukrainas kamp f&amp;ouml;r sanningen, &lt;\/strong&gt;Marina Trattner \ud83c\uddf8\ud83c\uddea&lt;\/p&gt;\n&lt;p&gt;Ukrainska bibliotek och arkiv br&amp;auml;ndes ner av fiender och landets historia skrevs om i omg&amp;aring;ngar sedan 1169 n&amp;auml;r Kiev attackerades och plundrades av Andrej Bogoljubskij m.fl. En stor del av ukrainska historiker som p&amp;aring; ett eller annat s&amp;auml;tt aktivt f&amp;ouml;rs&amp;ouml;kt bevara landets historia f&amp;auml;ngslades eller m&amp;ouml;rdades.&lt;\/p&gt;\n&lt;p&gt;Kriget mellan moskoviterna och ukrainare har p&amp;aring;g&amp;aring;tt i m&amp;aring;nga hundra &amp;aring;r i olika former. Moskoviterna skrev om Ukrainas historia s&amp;aring; att den skulle passa deras aktuella politik. I dag vill Ryssland utrota allt ukrainskt &amp;rdquo;f&amp;ouml;r att l&amp;ouml;sa den ukrainska fr&amp;aring;gan&amp;rdquo; f&amp;ouml;r alltid. Den ryska arm&amp;eacute;n bombar ukrainska bibliotek, museum och arkiv. Historikerna m&amp;ouml;rdas eller tvingas att f&amp;ouml;rmedla rysk propaganda i skolor och p&amp;aring; universitet. Historien skrivs om igen, men i dag f&amp;aring;ngas ryssarnas medeltida grymhet momentant p&amp;aring; bild tack vare dagens tillg&amp;auml;ngliga teknik och bevisen blir omots&amp;auml;gliga. Att motarbeta rysk propaganda p&amp;aring; &lt;a href=&quot;tel:16001700&quot;&gt;1600-1700&lt;\/a&gt;-talet var betydligt sv&amp;aring;rare, men Sverige arbetade aktivt med detta och det finns gott om bevis bevarade p&amp;aring; Riksarkivet. Dessa handlingar hj&amp;auml;lper ukrainare att &amp;aring;terskapa sin historia.&lt;\/p&gt;\n&lt;p&gt;Marina Trattners m&amp;aring;l &amp;auml;r att hitta, &amp;ouml;vers&amp;auml;tta och publicera de dokument som talar om viktiga h&amp;auml;ndelser i Ukrainas historia och ber&amp;auml;tta sanningen om dem f&amp;ouml;r ukrainare och omv&amp;auml;rlden. Alla har r&amp;auml;tt att k&amp;auml;nna till sitt lands sanna historia, l&amp;auml;ra sig av tidigare fel och undvika dem i framtiden.&lt;\/p&gt;\n&lt;p&gt;Marina Trattner har samarbetat med Riksarkivet sedan ett &amp;aring;r tillbaka, unders&amp;ouml;kt svensk-ukrainska relationer, &amp;ouml;versatt diplomatisk korrespondens, rapporter, r&amp;aring;dsprotokoll och ber&amp;auml;ttelser fr&amp;aring;n svenska till ukrainska och publicerat dem i Ukraina. Tillsammans med svenska och ukrainska historiker, jurister och konstn&amp;auml;rer har hon skrivit en bok &amp;rdquo;Svenska arkivs skatter. Dokument om Ukrainas historia&amp;rdquo; d&amp;auml;r hon publicerar en rad k&amp;auml;llor fr&amp;aring;n slutet av 1500-talet till b&amp;ouml;rjan av 1900-talet. Boken inneh&amp;aring;ller bilder p&amp;aring; diplomatisk korrespondens, kartor, avskrifter p&amp;aring; originalspr&amp;aring;k och &amp;ouml;vers&amp;auml;ttningar till ukrainska.&lt;br \/&gt;&lt;br \/&gt;&lt;\/p&gt;\n&lt;p&gt;&lt;strong&gt;Kulturarvet i Ukraina under attack &amp;ndash; hur arbetar Unesco?, &lt;\/strong&gt;Anna-Karin Johansson \ud83c\uddf8\ud83c\uddea&lt;\/p&gt;\n&lt;p&gt;Kulturarvet i Ukraina har drabbats h&amp;aring;rt efter Rysslands anfall. Fram till juli fanns uppgifter om att omkring 170 bibliotek, monument, byggnader och museer hade skadats eller f&amp;ouml;rst&amp;ouml;rts. Unesco arbetar aktivt f&amp;ouml;r dokumentera det som sker och bidra till att skydda och &amp;aring;terst&amp;auml;lla det skadade. Det &amp;auml;r ett omfattande och l&amp;aring;ngsiktigt arbete som v&amp;auml;ntar&lt;\/p&gt;\n&lt;p&gt;&lt;br \/&gt;&lt;strong&gt;The Ukrainian archives during Russian military aggression: Mission of preserving cultural and historical heritage, &lt;\/strong&gt;Maryna Pallienko&lt;\/p&gt;\n&lt;p&gt;Archival institutions are extremely important factors in the existence of the state, functioning of public institutions, and the development of civil society. They take an active part in the processes of state formation; contribute to the successful performance of important managerial and administrative functions, the economic development, and implementation of significant scientific and cultural projects.&lt;\/p&gt;\n&lt;p&gt;The Ukrainian archives preserve a valuable documentary heritage, which can be used for research the political, economic, and socio-cultural development of the country since the Middle Ages to nowadays. In the process of evolving the independent Ukrainian statehood during the last thirty years, archives transformed into open democratic institutions. They demonstrate leading tendencies of Ukrainian societal development in their activity, participating in democratization and decommunization processes, as well as providing an important source base for scientific investigations.&lt;\/p&gt;\n&lt;p&gt;Regretfully, Russian destructive military aggression against Ukraine&amp;rsquo;s territorial integrity and sovereignty created the threat for our national cultural and archival heritage preservation. During the full-scale war and hybrid information confrontation, the importance of Ukrainian archives and the role of Ukrainian archivists have been significantly increased.&lt;\/p&gt;\n&lt;p&gt;Among the main challenges facing archival institutions, we should emphasize the threats to national security, the destruction of cultural objects as a result of military operations, the risk of documents&amp;rsquo; seizure by invaders. Mass bombardment of Ukrainian cities threatens to damage the buildings that house archival institutions and destroy the documents themselves.&lt;\/p&gt;\n&lt;p&gt;Nowadays, among the prior objectives that lie ahead the Ukrainian archivists, we should highlight preservation of the National Archival Fond of Ukraine as well as creation of the new archival collections that would accumulate documentary evidence of the Ukrainian nation&amp;rsquo;s heroic struggle against the Russian aggressor, thus, establishing the source base for scientific research of war events and contributing to the preservation of collective memory and national identity. An important area of activity should be the participation of Ukrainian scientists and archivists in international projects for the preservation, digitization and representation of archival and documentary resources. Today, the world supports Ukraine in the war for democratic values, and we must demonstrate to the world our readiness to defend our own national interests, &lt;span style=&quot;text-decoration: line-through;&quot;&gt;to&lt;\/span&gt; and respond to the challenges of war not only with weapons in our hands, but also in the information&lt;span style=&quot;text-decoration: line-through;&quot;&gt;al&lt;\/span&gt;, archival and scientific field.&lt;\/p&gt;\n&lt;p&gt;&amp;nbsp;&lt;\/p&gt;\n&lt;p&gt;&lt;strong&gt;Ukrainian archives during wartime,&lt;\/strong&gt; Anatolij Khromov&lt;\/p&gt;\n&lt;p&gt;&lt;iframe src=&quot;https:\/\/player.vimeo.com\/video\/755322694?h=a83cbc88d0&quot; width=&quot;640&quot; height=&quot;564&quot; frameborder=&quot;0&quot; allowfullscreen=&quot;&quot;&gt;&lt;\/iframe&gt; &lt;iframe src=&quot;https:\/\/player.vimeo.com\/video\/755314101?h=e954f57a5b&quot; width=&quot;640&quot; height=&quot;564&quot; frameborder=&quot;0&quot; allowfullscreen=&quot;&quot;&gt;&lt;\/iframe&gt; &lt;iframe src=&quot;https:\/\/player.vimeo.com\/video\/755307019?h=4e04d61920&quot; width=&quot;640&quot; height=&quot;564&quot; frameborder=&quot;0&quot; allowfullscreen=&quot;&quot;&gt;&lt;\/iframe&gt;&lt;\/p&gt;\n&lt;p&gt;&lt;iframe src=&quot;https:\/\/player.vimeo.com\/video\/755299893?h=158685f671&quot; width=&quot;640&quot; height=&quot;564&quot; frameborder=&quot;0&quot; allowfullscreen=&quot;&quot;&gt;&lt;\/iframe&gt;&lt;\/p&gt;&lt;br&gt;&lt;br&gt;&lt;b&gt;Dokument: &lt;\/b&gt;&lt;br&gt;&lt;a href='https:\/\/beyond-production.objects.dc-sto1.glesys.net\/projects\/1ec62755-9b51-6318-9c6c-06740b380f04\/documents\/52X30MM5ylYxU5zfEgWzl12oOmh8Fa2IEkbndtgS.pdf' target='_blank'&gt;Anatolij Khromov, Ukrainian archives during wartime.pdf&lt;\/a&gt;&lt;br&gt;&lt;a href='https:\/\/beyond-production.objects.dc-sto1.glesys.net\/projects\/1ec62755-9b51-6318-9c6c-06740b380f04\/documents\/S3TkV7igCCBbDAszljRbwRLlgWJG81fmbq8UGEKQ.pdf' target='_blank'&gt;11.00 - Anna-Karin Johansson.pdf&lt;\/a&gt;&lt;br&gt;&lt;a href='https:\/\/beyond-production.objects.dc-sto1.glesys.net\/projects\/1ec62755-9b51-6318-9c6c-06740b380f04\/documents\/FXYDBEzznzPfwpDUv3r79ooewnh7ZjoNzw4DpXMt.pdf' target='_blank'&gt;10.55 - Marina Trattner.pdf&lt;\/a&gt;&lt;br&gt;&lt;a href='https:\/\/beyond-production.objects.dc-sto1.glesys.net\/projects\/1ec62755-9b51-6318-9c6c-06740b380f04\/documents\/Ebvy0nemkkUV1s3Wov4F2A2wIAxnqhz3Si0EXf3f.pdf' target='_blank'&gt;10.30 - Karin \u00c5str\u00f6m Iko - Ukraina.pdf&lt;\/a&gt;&lt;br&gt;&lt;br&gt;10:30-10:52: Karin \u00c5str\u00f6m &amp; Marina trattner&lt;br&gt;&lt;br\/&gt;10:52-11:14: Anna-Carin Johansson&lt;br&gt;&lt;br\/&gt;11:14-11:36: Maryna Palilenko&lt;br&gt;&lt;br\/&gt;11:36-12:00: Anatoli Khromov\"\n                data-category=\"Demokrati och r\u00e4tten till arkiv\"\n                data-category-ids=\"1249\"\n                data-span-all=\"\"\n              >\n\n              \n\n              <div class=\"vertical_bar\" style=\"background-color: #9dcdf8;\"><\/div>\n              <div class=\"box_inner\">\n                                <span>Ukraina<\/span>\n               <br>\n               <div class=\"lecturer\"><span>Marina Trattner; Anna-Karin Johansson; Maryna Paliienko<\/span><\/div>\n               <div class=\"room_div \">\n                 <i class=\"list-room\">Lokal B123 - Webbs\u00e4nds - Plenary<\/i>\n               <\/div>\n\n               <div class=\"name_time_div\">\n                <i class=\"list-time\" data-time=\"10:30\">10:30-12:00 - Fredag 2 september<\/i>\n               <\/div>\n              <\/div>\n             <\/div>\n          <\/div>\n\n          \n          <div class=\"box-wrapper\"\n              data-id=\"1ec631d5-ce43-6214-bb18-06740b380f04\">\n\n              <div class='time-header' style='visibility: hidden;'>10:30<\/div>\n\n              <div class=\"box\"\n                data-id=\"1ec631d5-ce43-6214-bb18-06740b380f04\"\n                data-project=\"1ec62755-9b51-6318-9c6c-06740b380f04\"\n                data-title=\"1.4 Tillg\u00e5ng till arkiv - gemensamma l\u00f6sningar, digitala s\u00f6ktj\u00e4nster och processf\u00f6rb\u00e4ttringar\"\n                data-time=\"10:30-12:00\"\n                data-room=\"Lokal C1 - Parallel sessions\"\n                data-room-id=\"1eced49a-525f-6e2a-b03a-020287552602\"\n                data-room-name=\"Lokal C1 - Parallel sessions\"\n                data-day=\"1\"\n                data-abs-nbr=\"\"\n                data-abs-path=\"\"\n                data-speaker=\"Hilde Uthaug; Maria Kallio-Hirvonen; Asbj\u00f8rn Romvig Thomsen; Jeppe Klok Due; Monica Strand\"\n                data-speakercell=\"Hilde Uthaug; Maria Kallio-Hirvonen; Asbj\u00f8rn Romvig Thomsen; Jeppe Klok Due; Monica Strand\"\n                data-info=\"&lt;b&gt;Moderator: &lt;\/b&gt;Magnus Geber, Sverige&lt;br&gt;&lt;br&gt;&lt;p&gt;Preliminary choices shows that this session might get full quickly.&lt;\/p&gt;\n&lt;p&gt;Be sure to plan a second option in your personal program, and we kindly ask you to respect limitations due to security policy.&lt;\/p&gt;\n&lt;p&gt;&amp;nbsp;&lt;\/p&gt;\n&lt;p&gt;&lt;strong&gt;Information from the moderator&lt;\/strong&gt;&lt;\/p&gt;\n&lt;p&gt;Here are some remarks regarding the session.&lt;\/p&gt;\n&lt;p&gt;The presentations will come as in the program, but there might be some minor adjustments of the time. Normally after each presentation, there will be some minutes for questions.&lt;\/p&gt;\n&lt;p&gt;The presentations can be in different languages. But the questions and discussion are supposed to be in English.&lt;\/p&gt;\n&lt;p&gt;There will be a possibility to receive the presentations in advance. I always thought it is a great advantage to be able to have a presentation before the session, to be able to prepare and easier make notes while listening. And now when some in the audience can have languages problem it may help a lot for them. So each person attending this session may contact me and I will send them the presentations by e-mail. Important to remember is that it might not be the final version, there may occur some updates at the actual session. Write to me at magnus.geber@riksarkivet.se .&lt;\/p&gt;\n&lt;p&gt;&amp;nbsp;&lt;\/p&gt;\n&lt;p&gt;&lt;strong&gt;Program&lt;\/strong&gt;&lt;\/p&gt;\n&lt;p&gt;10:30-11:00&lt;strong&gt;&lt;br \/&gt;Digitalarkivet som en nasjonal ressurs&lt;\/strong&gt;, Hilde Uthaug \ud83c\uddf3\ud83c\uddf4&lt;\/p&gt;\n&lt;p&gt;Digitalarkivet skal bli en fellesl&amp;oslash;sning for mottak, bevaring og publisering av historiske data fra hele arkivfeltet, for statlige, kommunale og bevaringsinstitusjoner for private arkiv. L&amp;oslash;sningen vil gi en vesentlig forenkling og forbedring av verdikjeden fra mottak og bevaring, til publisering. Sentrale sp&amp;oslash;rsm&amp;aring;l er: Hvordan jobber man med &amp;aring; utvikle Digitalarkivet for hele arkivsektoren? Hvordan tenker man n&amp;aring;r man utvikler kjernen i et &amp;oslash;kosystem?&lt;\/p&gt;\n&lt;p&gt;&lt;strong&gt;Digitala domb&amp;ouml;cker&lt;\/strong&gt;, Maria Kallio-Hirvonen \ud83c\uddeb\ud83c\uddee&lt;\/p&gt;\n&lt;p&gt;Presentationen beskriver ett fler&amp;aring;rigt projekt d&amp;auml;r miljontals sidor digitaliserades och bearbetades till en helt digital version av 1800-talets domb&amp;ouml;cker. I Riksarkivets Dombokss&amp;ouml;kning kan kunderna l&amp;auml;sa och s&amp;ouml;ka direkt ur handskrivet material p&amp;aring; basis av automatiskt producerade transkriberingar. Dessutom har man med tanke p&amp;aring; forskningen gjort ett gr&amp;auml;nssnitt f&amp;ouml;r tj&amp;auml;nsten. Med hj&amp;auml;lp av gr&amp;auml;nssnittet kan man utifr&amp;aring;n materialet bilda omfattande datapaket av forskningsmaterial och analysera stora m&amp;auml;ngder material med hj&amp;auml;lp av digitala verktyg.&lt;\/p&gt;\n&lt;p&gt;11:00-11:30&lt;strong&gt;&lt;br \/&gt;Linked lives&lt;\/strong&gt;, Asbj&amp;oslash;rn Romvig Thomsen \ud83c\udde9\ud83c\uddf0&lt;\/p&gt;\n&lt;p&gt;Link-Lives er et tv&amp;aelig;rfagligt samarbejdsprojekt mellem Rigsarkivet, K&amp;oslash;benhavns Stadsarkiv og K&amp;oslash;benhavns Universitet, som er finansieret af Innovationsfonden og Carlsberg-Fondet i perioden 2019-2024. Projektets m&amp;aring;l er at foretage maskinel linkning af transskriberede folket&amp;aelig;llinger og kirkeb&amp;oslash;ger, s&amp;aring; der skabes nationale big data om danskernes livsl&amp;oslash;b fra den f&amp;oslash;rste folket&amp;aelig;lling i 1787 frem til det centrale personregisters indf&amp;oslash;relse i 1968. I opl&amp;aelig;gget vil vi for det f&amp;oslash;rste vise, hvilke metodiske udfordringer det giver, n&amp;aring;r mennesker og algoritmer linker menneskeskabte data, og for det andet vise, hvordan et s&amp;aring;dant projekt kan give data tilbage til brugerne &amp;ndash; hvad enten det er de sl&amp;aelig;gtsforskere, der har transskriberet grundmaterialet, eller forskere, som har brug for data til andre projekter.&lt;\/p&gt;\n&lt;p&gt;&lt;strong&gt;Multigenerationsregisteret&lt;\/strong&gt;, Jeppe Klok Due \ud83c\udde9\ud83c\uddf0&lt;\/p&gt;\n&lt;p&gt;Multigenerationsregistret (MGR) etablerer familierelationer for hele den danske befolkning fra 1920 frem til det Centrale Person Register i 1968. MGR dannes ved en digitalisering af kirkeb&amp;oslash;gerne ved hj&amp;aelig;lp af kunstig intelligens, hvorefter information fra kirkeb&amp;oslash;gerne linkes til CPR-registret.&lt;\/p&gt;\n&lt;p&gt;Form&amp;aring;let med MGR at etablere en infrastruktur, der g&amp;oslash;r det muligt at koble data fra eksisterende registre og biobanker i l&amp;aelig;ngden over 3-4 generationer og i bredden mellem f&amp;aelig;tre og kusiner. Dette vil bidraget il en bedre forst&amp;aring;else af v&amp;aelig;sentlige samfundsproblemer vedr&amp;oslash;rende sundhed, sygdom og sociale forhold.&lt;\/p&gt;\n&lt;p&gt;MGR er et unikt samarbejde mellem f&amp;oslash;rende eksperter inden for kunstig intelligens fra K&amp;oslash;benhavns Universitet, registerforskning fra Aarhus Universitet og historiske data fra Rigsarkivet. MGR er finansieret af Novo Nordisk Fonden.&lt;\/p&gt;\n&lt;p&gt;Projektet vil ydermere unders&amp;oslash;ge perspektiverne ved at udnytte teknologien til at &amp;aring;bne andre analoge data for forskning, herunder mulighederne for at danne historiske fx et nationalt landspatientregister, medicinsk f&amp;oslash;dselsregister, kriminalitetsregister.&lt;\/p&gt;\n&lt;p&gt;11:30-12:00&lt;strong&gt;&lt;br \/&gt;Prosessforbedringer p&amp;aring; publikumsomr&amp;aring;det&lt;\/strong&gt;, Monica Strand \ud83c\uddf3\ud83c\uddf4&lt;\/p&gt;\n&lt;p&gt;Monica skal presentere Arkivverkets arbeid med prosessforbedringer knyttet til brukerbetjening. Den digitale samfunnsutviklingen f&amp;oslash;rer til at publikum forventer bedre og smidigere tilgang til informasjonen i arkivene. De &amp;oslash;kte forventningene b&amp;oslash;r m&amp;oslash;tes med mer agil prosessforbedring og tverrfaglig samarbeid. En viktig utfordring er hvordan automatisering og robotisering skal m&amp;oslash;te publikums behov og forventninger p&amp;aring; en bedre m&amp;aring;te enn dagens personlige saksbehandling og selvbetjente l&amp;oslash;sninger.&lt;\/p&gt;&lt;br&gt;&lt;br&gt;&lt;b&gt;Dokument: &lt;\/b&gt;&lt;br&gt;&lt;a href='https:\/\/beyond-production.objects.dc-sto1.glesys.net\/projects\/1ec62755-9b51-6318-9c6c-06740b380f04\/documents\/UqKLCjnUD4uw2tREYUz66tUcq8XgdFLWcZmAHQGv.pdf' target='_blank'&gt;11.30 Monica Strand.pdf&lt;\/a&gt;&lt;br&gt;&lt;a href='https:\/\/beyond-production.objects.dc-sto1.glesys.net\/projects\/1ec62755-9b51-6318-9c6c-06740b380f04\/documents\/mBoe6h8PfZ71ZAC4QRb9FF5vb7Z0P2ztnGHNQxOJ.pdf' target='_blank'&gt;11.15 Jeppe Klok Due.pdf&lt;\/a&gt;&lt;br&gt;&lt;a href='https:\/\/beyond-production.objects.dc-sto1.glesys.net\/projects\/1ec62755-9b51-6318-9c6c-06740b380f04\/documents\/IVIX69R07Be47nADOTN5DzbdsFUCK43e2uR2irEU.pdf' target='_blank'&gt;11.00 Asbj\u00f8rn Romvig Thomsen.pdf&lt;\/a&gt;&lt;br&gt;&lt;a href='https:\/\/beyond-production.objects.dc-sto1.glesys.net\/projects\/1ec62755-9b51-6318-9c6c-06740b380f04\/documents\/zFPUwxSD2UDfTIXwECiq613XubVhbwz1l2dvtXXH.pdf' target='_blank'&gt;10.45 Maria Kallio-Hirvonen.pdf&lt;\/a&gt;&lt;br&gt;&lt;a href='https:\/\/beyond-production.objects.dc-sto1.glesys.net\/projects\/1ec62755-9b51-6318-9c6c-06740b380f04\/documents\/mRk14W9ZKJcDZtb5bs0rogLNoHs5vtWlHrxBtZsc.pdf' target='_blank'&gt;10.30_Hilde Uthaug.pdf&lt;\/a&gt;&lt;br&gt;&lt;br&gt;\"\n                data-category=\"Demokrati och r\u00e4tten till arkiv\"\n                data-category-ids=\"1249\"\n                data-span-all=\"\"\n              >\n\n              \n\n              <div class=\"vertical_bar\" style=\"background-color: #9dcdf8;\"><\/div>\n              <div class=\"box_inner\">\n                                <span>1.4 Tillg\u00e5ng till arkiv - gemensamma l\u00f6sningar, digitala s\u00f6ktj\u00e4nster och processf\u00f6rb\u00e4ttringar<\/span>\n               <br>\n               <div class=\"lecturer\"><span>Hilde Uthaug; Maria Kallio-Hirvonen; Asbj\u00f8rn Romvig Thomsen; Jeppe Klok Due; Monica Strand<\/span><\/div>\n               <div class=\"room_div \">\n                 <i class=\"list-room\">Lokal C1 - Parallel sessions<\/i>\n               <\/div>\n\n               <div class=\"name_time_div\">\n                <i class=\"list-time\" data-time=\"10:30\">10:30-12:00 - Fredag 2 september<\/i>\n               <\/div>\n              <\/div>\n             <\/div>\n          <\/div>\n\n          \n          <div class=\"box-wrapper\"\n              data-id=\"1ec6c7fc-c0af-6b58-bdb2-06740b380f04\">\n\n              <div class='time-header' style='visibility: hidden;'>10:30<\/div>\n\n              <div class=\"box\"\n                data-id=\"1ec6c7fc-c0af-6b58-bdb2-06740b380f04\"\n                data-project=\"1ec62755-9b51-6318-9c6c-06740b380f04\"\n                data-title=\"3.4 Samarbete, samverkan och skydd av k\u00e4nslig information - Integritet, informationss\u00e4kerhet, samverkan f\u00f6r r\u00e4tten till arkiv och kulturarv\"\n                data-time=\"10:30-12:00\"\n                data-room=\"Lokal C2 - Parallel sessions\"\n                data-room-id=\"1eced49a-a7d9-6108-b599-020287552602\"\n                data-room-name=\"Lokal C2 - Parallel sessions\"\n                data-day=\"1\"\n                data-abs-nbr=\"\"\n                data-abs-path=\"\"\n                data-speaker=\"Benedikt Ey\u00fe\u00f3rsson; Marie Lennersand; Nj\u00f6r\u00f0ur Sigur\u00f0sson, Island; Grete Gunn Bergstr\u00f8m; Hans Nikolai Nissen; Outi Hupaniittu\"\n                data-speakercell=\"Benedikt Ey\u00fe\u00f3rsson; Marie Lennersand; Nj\u00f6r\u00f0ur Sigur\u00f0sson, Island; Grete Gunn Bergstr\u00f8m; Hans Nikolai Nissen; Outi Hupaniittu\"\n                data-info=\"&lt;b&gt;Moderator: &lt;\/b&gt;Ole Magnus M\u00f8lbak Andersen, Danmark&lt;br&gt;&lt;br&gt;&lt;p&gt;Preliminary choices shows that this session might get full quickly.&lt;\/p&gt;\n&lt;p&gt;Be sure to plan a second option in your personal program, and we kindly ask you to respect limitations due to security policy.&lt;\/p&gt;\n&lt;p&gt;&amp;nbsp;&lt;\/p&gt;\n&lt;p&gt;10:30-11:00&lt;br \/&gt;&lt;strong&gt;&lt;span style=&quot;text-decoration: underline;&quot;&gt;UTG&amp;Aring;R&lt;\/span&gt; - Moral issues in the past and present&lt;\/strong&gt;, Benedikt Ey&amp;thorn;&amp;oacute;rsson \ud83c\uddee\ud83c\uddf8&lt;\/p&gt;\n&lt;p&gt;Benedikt Ey&amp;thorn;&amp;oacute;rsson discusses moral challenges that have risen due to opening of archives of various documents from WW2 in Iceland. These are mainly documents concerning the so called &amp;rdquo;Situation&amp;rdquo;, a historical label on the interaction between Allied soldiers and and Icelandic women. Benedikt will talk about the legal framework concerning these types of documents and the moral questions that have come about.&lt;br \/&gt;&lt;br \/&gt;&lt;strong&gt;Riksarkivets arbete med informationss&amp;auml;kerhet&lt;\/strong&gt;, Marie Lennersand \ud83c\uddf8\ud83c\uddea&lt;\/p&gt;\n&lt;p&gt;Personalen vid svenska Riksarkivet f&amp;aring;r sedan 2019 fortl&amp;ouml;pande utbildning inom informationss&amp;auml;kerhet och s&amp;auml;kerhetsskydd via webbs&amp;auml;nda seminarier. Bakgrunden &amp;auml;r nya lagar och f&amp;ouml;reskrifter inom dessa omr&amp;aring;den. Alla som arbetar med informationshantering ska ha tillr&amp;auml;ckliga kunskaper inom s&amp;auml;kerhetsomr&amp;aring;det alltifr&amp;aring;n cybers&amp;auml;kerhet till hantering av sekretess och personuppgifter. Seminarierna h&amp;aring;lls i egen regi f&amp;ouml;r att vara anpassad till den egna verksamheten.&lt;\/p&gt;\n&lt;p&gt;11:00-11:30&lt;br \/&gt;&lt;strong&gt;Shared Archival Heritage in the Nordic&lt;\/strong&gt;, Nj&amp;ouml;r&amp;eth;ur Sigur&amp;eth;sson \ud83c\uddee\ud83c\uddf8&lt;\/p&gt;\n&lt;p&gt;The Nordic region has a history of shared archival heritage, and disputed archival claims. The session will outline the results of recent Nordic expertseminar on the issue and further discuss number of questions on the matter: What examples do we have of shared archival heritage in the Nordic? How have archival claims been solved and are there unsolved cases? How can the Nordic archival community work together to make these records accessible in a way that allows all people to connect with their archival heritage?&lt;br \/&gt;&lt;br \/&gt;&lt;\/p&gt;\n&lt;p&gt;11:30-12:00&lt;br \/&gt;&lt;strong&gt;Doalli - digitale stier til ny samisk kunnskaps-utvikling&lt;\/strong&gt;, Grete Gunn Bergstr&amp;oslash;m \ud83c\uddf3\ud83c\uddf4 og Hans Nikolai Nissen&amp;nbsp; \ud83c\uddf3\ud83c\uddf4&lt;\/p&gt;\n&lt;p&gt;Doalli &amp;ndash; digitale stier til ny samisk kunnskapsutvikling &amp;ndash; handler om utfordringene som urfolk og minoriteter opplever for &amp;aring; benytte seg av sin rett til tilgang til viktige kilder til egen kultur, historie, spr&amp;aring;k og rettsutvikling. Den digitale utviklinga gir oss bedre muligheter til &amp;aring; ut&amp;oslash;ve denne retten. Foredraget vil vise eksempler p&amp;aring; hvordan hittil ukjente kilder kan bidra til ny kunnskapsutvikling for det samiske samfunn og muligens utfordre tradisjonelle oppfatninger.&lt;br \/&gt;&lt;br \/&gt;&lt;strong&gt;Encouraging people to own the cultural heritage&lt;\/strong&gt;, Outi Hupaniittu \ud83c\uddeb\ud83c\uddee&lt;\/p&gt;\n&lt;p&gt;In 2013, archival theorist Terry Cook wrote about four shifting paradigms that can be seen in archival thinking. Evidence, memory, identity, and community can also be seen as perspectives towards the profession and as tools in strategic planning. When assessed with the Cook&amp;rsquo;s terms, the major Finnish museums have reached the community paradigm, where the organisation invites citizens to partake in the cultural heritage. Simultaneously, strategies of the archives focus on their high standards of professionalism, on acquisition and preservation, research infrastructures and co-operation with the academic researchers. Whereas museums seem to highlight the societal aspects of cultural heritage, archives appear to focus on their own role as professionals of the past.&lt;\/p&gt;&lt;br&gt;&lt;br&gt;&lt;b&gt;Dokument: &lt;\/b&gt;&lt;br&gt;&lt;a href='https:\/\/beyond-production.objects.dc-sto1.glesys.net\/projects\/1ec62755-9b51-6318-9c6c-06740b380f04\/documents\/fhe7ejpbvFvKpK7enb3OAHlQX5xt0PsFFRSdUmEA.pdf' target='_blank'&gt;11.45 Outi Hupaniittu.pdf&lt;\/a&gt;&lt;br&gt;&lt;a href='https:\/\/beyond-production.objects.dc-sto1.glesys.net\/projects\/1ec62755-9b51-6318-9c6c-06740b380f04\/documents\/fnuq0leTjd7SAdVvALuREp4V5IX8L0MEnQouDdVz.pdf' target='_blank'&gt;11.30 Grete Gunn Bergstr\u00f8m &amp; Hans Nicolai Nissen.pdf&lt;\/a&gt;&lt;br&gt;&lt;a href='https:\/\/beyond-production.objects.dc-sto1.glesys.net\/projects\/1ec62755-9b51-6318-9c6c-06740b380f04\/documents\/SFkSAAmgsUtWOfauzAtaZcgaJxcPpGhlGroo7HJz.pdf' target='_blank'&gt;11.00 Nj\u00f6r\u00f0ur Sigur\u00f0sson.pdf&lt;\/a&gt;&lt;br&gt;&lt;a href='https:\/\/beyond-production.objects.dc-sto1.glesys.net\/projects\/1ec62755-9b51-6318-9c6c-06740b380f04\/documents\/i1ZDF0CuOdMQAaXVZ45ZRBq3xraPhGQmMI68lZKs.pdf' target='_blank'&gt;10.45 Marie Lennersand.pdf&lt;\/a&gt;&lt;br&gt;&lt;br&gt;\"\n                data-category=\"Arkiv p\u00e5 r\u00e4tt s\u00e4tt -  om legala och etiska aspekter\"\n                data-category-ids=\"1252\"\n                data-span-all=\"\"\n              >\n\n              \n\n              <div class=\"vertical_bar\" style=\"background-color: #fadf9f;\"><\/div>\n              <div class=\"box_inner\">\n                                <span>3.4 Samarbete, samverkan och skydd av k\u00e4nslig information - Integritet, informationss\u00e4kerhet, samverkan f\u00f6r r\u00e4tten till arkiv och kulturarv<\/span>\n               <br>\n               <div class=\"lecturer\"><span>Benedikt Ey\u00fe\u00f3rsson; Marie Lennersand; Nj\u00f6r\u00f0ur Sigur\u00f0sson, Island; Grete Gunn Bergstr\u00f8m; Hans Nikolai Nissen; Outi Hupaniittu<\/span><\/div>\n               <div class=\"room_div \">\n                 <i class=\"list-room\">Lokal C2 - Parallel sessions<\/i>\n               <\/div>\n\n               <div class=\"name_time_div\">\n                <i class=\"list-time\" data-time=\"10:30\">10:30-12:00 - Fredag 2 september<\/i>\n               <\/div>\n              <\/div>\n             <\/div>\n          <\/div>\n\n          \n          <div class=\"box-wrapper\"\n              data-id=\"1ec631e0-fef6-6306-80d0-06740b380f04\">\n\n              <div class='time-header' style='visibility: hidden;'>10:30<\/div>\n\n              <div class=\"box\"\n                data-id=\"1ec631e0-fef6-6306-80d0-06740b380f04\"\n                data-project=\"1ec62755-9b51-6318-9c6c-06740b380f04\"\n                data-title=\"2.4 Enskilda arkivens betydelse f\u00f6r det gemensamma kulturarvet och det demokratiska samtalet\"\n                data-time=\"10:30-12:00\"\n                data-room=\"Lokal C3 - Parallel sessions\"\n                data-room-id=\"1ec63105-fc5b-62b2-be64-06740b380f04\"\n                data-room-name=\"Lokal C3 - Parallel sessions\"\n                data-day=\"1\"\n                data-abs-nbr=\"\"\n                data-abs-path=\"\"\n                data-speaker=\"Maud Almstr\u00f6m Blom; Jette H. Kjellberg; Mette Hall-Andersen; Katri Kivilaakso; Maiju Korte; Meeri Siukonen\"\n                data-speakercell=\"Maud Almstr\u00f6m Blom; Jette H. Kjellberg; Mette Hall-Andersen; Katri Kivilaakso; Maiju Korte; Meeri Siukonen\"\n                data-info=\"&lt;b&gt;Moderator: &lt;\/b&gt;Arja Rantanen, Finland&lt;br&gt;&lt;br&gt;&lt;p&gt;Preliminary choices shows that this session might get full quickly.&lt;\/p&gt;\n&lt;p&gt;Be sure to plan a second option in your personal program, and we kindly ask you to respect limitations due to security policy.&lt;\/p&gt;\n&lt;p&gt;&amp;nbsp;&lt;\/p&gt;\n&lt;p&gt;10:30-11:00&lt;br \/&gt;&lt;strong&gt;Bevara enskilda arkiv i en svensk kontext&lt;\/strong&gt;, Maud Almstr&amp;ouml;m Blom \ud83c\uddf8\ud83c\uddea&lt;\/p&gt;\n&lt;p&gt;Privatarkiven &amp;auml;r sparsamt reglerade i svensk lagstiftning. De flesta av Riksarkivets uppgifter n&amp;auml;r det g&amp;auml;ller privatarkiv &amp;auml;r uttryckta s&amp;aring; att myndigheten &lt;u&gt;f&amp;aring;r&lt;\/u&gt; g&amp;ouml;ra det, inte ska. Det inneb&amp;auml;r att dessa uppgifter riskerar att f&amp;aring; st&amp;aring; tillbaka vid prioriteringar inom myndigheten till f&amp;ouml;rm&amp;aring;n f&amp;ouml;r de tvingande uppgifter som Riksarkivet ska g&amp;ouml;ra. &amp;Auml;r det viktigt med en f&amp;ouml;r&amp;auml;ndring av regelverket n&amp;auml;r det finns verksamheter utanf&amp;ouml;r myndigheten som garanterar bevarandet av privata arkiv?&lt;br \/&gt;&lt;br \/&gt;&lt;\/p&gt;\n&lt;p&gt;11:00-11:30&lt;br \/&gt;&lt;strong&gt;Towards More Inclusive Collecting of Written Memories&lt;\/strong&gt;, Katri Kivilaakso \ud83c\uddeb\ud83c\uddee&lt;\/p&gt;\n&lt;p&gt;Using our collection campaign &quot;Refugee Journeys&quot; as an example, I will discuss the premises of more inclusive collecting of written memories. Though topics and themes of the collections vary, the audience we manage to invite to take part and write, pretty much stays the same from one collection campaign to another. How can we challenge our own practices in order to carry out more inclusive politics of collecting? I want to point out and discuss the difficulties we faced when trying to reach out for a wider, mainly non-finnish-speaking but multilingual audience.&lt;br \/&gt;&lt;br \/&gt;&lt;strong&gt;Increasing the diversity and inclusiveness of cultural heritage&lt;\/strong&gt;, Maiju Korte \ud83c\uddeb\ud83c\uddee og Meeri Siukonen \ud83c\uddeb\ud83c\uddee&lt;\/p&gt;\n&lt;p&gt;In recent years, the Archives of the Finnish Literature Society has taken an active role in increasing the diversity and inclusiveness of Finnish cultural heritage by responding to initiatives arising from within minorities or larger societal discussion. This has been realized first and foremost in two large-scale projects, The Ingria and Ingrians &amp;ndash; recording histories, preserving memories &amp;ndash;project (2018-2020) and Memories of the Stalinist repression -project (2020-2021) The projects have produced a great number of oral history interviews. The Ingrian project also released an online educational resource about Ingrian history and culture.&lt;\/p&gt;\n&lt;p&gt;&lt;br \/&gt;11:30-12:00&lt;\/p&gt;\n&lt;p&gt;&lt;strong&gt;Indsamling af private digitale arkivalier&lt;\/strong&gt;, Jette H. Kjellberg \ud83c\udde9\ud83c\uddf0 og Mette Hall-Andersen \ud83c\udde9\ud83c\uddf0&lt;\/p&gt;\n&lt;p&gt;Den danske arkivlov giver Rigsarkivet mulighed for at indsamle private arkivalier og tr&amp;aelig;ffe s&amp;aelig;rlige aftaler med private arkivskabere. I arkivets strategi for indsamling er det pointeret, at de arkivalier, som indsamles skal v&amp;aelig;re af national betydning. Dette g&amp;aelig;lder ogs&amp;aring; digitale arkivalier, som arkivet gennem de sidste godt 10 &amp;aring;r har gjort sig erfaringer med.&lt;\/p&gt;\n&lt;p&gt;I opl&amp;aelig;gget vil vi komme ind p&amp;aring; Rigsarkivets lovhjemmel i forhold private digitale arkivalier, organiseringen af arbejdet, forskellige metoder til at samle digitale arkivalier ind p&amp;aring;, hvilket &amp;oslash;konomiske omkostninger og udfordringer, der er forbundet med digital arkivering og ikke mindst hvilke erfaringer vi har gjort os indtil videre.&lt;\/p&gt;&lt;br&gt;&lt;br&gt;&lt;b&gt;Dokument: &lt;\/b&gt;&lt;br&gt;&lt;a href='https:\/\/beyond-production.objects.dc-sto1.glesys.net\/projects\/1ec62755-9b51-6318-9c6c-06740b380f04\/documents\/56dXOY29U0cSF3DbVsSbBuVN2nwIKO6acCqliyuD.pdf' target='_blank'&gt;11.30 Jette Kjellberg &amp; Mette Hall-Andersen.pdf&lt;\/a&gt;&lt;br&gt;&lt;a href='https:\/\/beyond-production.objects.dc-sto1.glesys.net\/projects\/1ec62755-9b51-6318-9c6c-06740b380f04\/documents\/kfg8gSTQMimFQEpFUqyGnVB3lAt3VsdnUQRNjMZI.pdf' target='_blank'&gt;11.15 Maiju Korte &amp; Meeri Siukonen.pdf&lt;\/a&gt;&lt;br&gt;&lt;a href='https:\/\/beyond-production.objects.dc-sto1.glesys.net\/projects\/1ec62755-9b51-6318-9c6c-06740b380f04\/documents\/1Te98Hci54SmPlfcEQr4pPo15qqx4iqb1JLKMPhE.pdf' target='_blank'&gt;11.00 Katri Kivilaakso.pdf&lt;\/a&gt;&lt;br&gt;&lt;a href='https:\/\/beyond-production.objects.dc-sto1.glesys.net\/projects\/1ec62755-9b51-6318-9c6c-06740b380f04\/documents\/z2me755dG5P8oFwC0nqNwsPFlbHGOQBoDQcEKHJ2.pdf' target='_blank'&gt;10.30 Maud Almstr\u00f6m Blom.pdf&lt;\/a&gt;&lt;br&gt;&lt;br&gt;\"\n                data-category=\"Effektiv informationshantering\"\n                data-category-ids=\"1251\"\n                data-span-all=\"\"\n              >\n\n              \n\n              <div class=\"vertical_bar\" style=\"background-color: #e0929b;\"><\/div>\n              <div class=\"box_inner\">\n                                <span>2.4 Enskilda arkivens betydelse f\u00f6r det gemensamma kulturarvet och det demokratiska samtalet<\/span>\n               <br>\n               <div class=\"lecturer\"><span>Maud Almstr\u00f6m Blom; Jette H. Kjellberg; Mette Hall-Andersen; Katri Kivilaakso; Maiju Korte; Meeri Siukonen<\/span><\/div>\n               <div class=\"room_div \">\n                 <i class=\"list-room\">Lokal C3 - Parallel sessions<\/i>\n               <\/div>\n\n               <div class=\"name_time_div\">\n                <i class=\"list-time\" data-time=\"10:30\">10:30-12:00 - Fredag 2 september<\/i>\n               <\/div>\n              <\/div>\n             <\/div>\n          <\/div>\n\n          \n          <div class=\"box-wrapper\"\n              data-id=\"1ec6c802-ec88-6d78-836c-06740b380f04\">\n\n              <div class='time-header' style='visibility: hidden;'>10:30<\/div>\n\n              <div class=\"box\"\n                data-id=\"1ec6c802-ec88-6d78-836c-06740b380f04\"\n                data-project=\"1ec62755-9b51-6318-9c6c-06740b380f04\"\n                data-title=\"Workshop - Archiving by Design Workshop - nytenking rundt offentlige virksomheter arkivering i en digital tid\"\n                data-time=\"10:30-12:00\"\n                data-room=\"Lokal C4 - Workshops\"\n                data-room-id=\"1ec63106-320d-6cfc-a9c6-06740b380f04\"\n                data-room-name=\"Lokal C4 - Workshops\"\n                data-day=\"1\"\n                data-abs-nbr=\"\"\n                data-abs-path=\"\"\n                data-speaker=\"Espen Sj\u00f8voll; Cathrin Blitzner M\u00f8ller\"\n                data-speakercell=\"Espen Sj\u00f8voll; Cathrin Blitzner M\u00f8ller\"\n                data-info=\"&lt;p&gt;&lt;strong&gt;V&amp;auml;rd:&lt;\/strong&gt; Espen Sj&amp;oslash;voll \ud83c\uddf3\ud83c\uddf4&lt;\/p&gt;\n&lt;p&gt;&lt;strong&gt;Archiving by Design Workshop - nytenking rundt offentlige virksomheter arkivering i en digital tid&lt;\/strong&gt;, Espen Sj&amp;oslash;voll \ud83c\uddf3\ud83c\uddf4 og Cathrin Blitzner M&amp;oslash;ller \ud83c\uddf3\ud83c\uddf4&lt;\/p&gt;\n&lt;p&gt;I workshopen vil Arkivverket presentere ett av sine to hovedsatsningsomr&amp;aring;der; innebygd arkivering. Satsningen har som m&amp;aring;l &amp;aring; bidra til at offentlig ansatte ikke skal beh&amp;oslash;ve &amp;aring; bruke un&amp;oslash;dig tid p&amp;aring; arkivering, og at oppgavel&amp;oslash;sningen p&amp;aring; omr&amp;aring;det skjer s&amp;aring; enkelt og innebygd i eksisterende arbeidsprosesser og -verkt&amp;oslash;y som mulig. Tiden er overmoden for at forvaltningen tenker nytt rundt hvordan offentlige virksomheter tar vare p&amp;aring; arkivverdig dokumentasjon. Under workshopen vil vi g&amp;aring; inn i hvordan vi kan re-tenke arkiv i en digital tid n&amp;aring;r verkt&amp;oslash;y, arbeidsprosesser og teknologi er i stor endring.&lt;\/p&gt;&lt;br&gt;&lt;br&gt;&lt;b&gt;Dokument: &lt;\/b&gt;&lt;br&gt;&lt;a href='https:\/\/beyond-production.objects.dc-sto1.glesys.net\/projects\/1ec62755-9b51-6318-9c6c-06740b380f04\/documents\/znqT7KDzC7WPUScwZ1KCCBXPHH9ZRnmikO89MB4m.pdf' target='_blank'&gt;10.30 Espen Sj\u00f8voll &amp; Cathrin Blitzner M\u00f8ller .pdf&lt;\/a&gt;&lt;br&gt;&lt;br&gt;\"\n                data-category=\"Workshop,Effektiv informationshantering\"\n                data-category-ids=\"1255,1251\"\n                data-span-all=\"\"\n              >\n\n              \n\n              <div class=\"vertical_bar\" style=\"background-color: #ced3ff;\"><\/div>\n              <div class=\"box_inner\">\n                                <span>Workshop - Archiving by Design Workshop - nytenking rundt offentlige virksomheter arkivering i en digital tid<\/span>\n               <br>\n               <div class=\"lecturer\"><span>Espen Sj\u00f8voll; Cathrin Blitzner M\u00f8ller<\/span><\/div>\n               <div class=\"room_div \">\n                 <i class=\"list-room\">Lokal C4 - Workshops<\/i>\n               <\/div>\n\n               <div class=\"name_time_div\">\n                <i class=\"list-time\" data-time=\"10:30\">10:30-12:00 - Fredag 2 september<\/i>\n               <\/div>\n              <\/div>\n             <\/div>\n          <\/div>\n\n          \n          <div class=\"box-wrapper\"\n              data-id=\"1ed38171-d90f-642e-b8ec-020211776702\">\n\n              <div class='time-header' style='visibility: hidden;'>10:30<\/div>\n\n              <div class=\"box\"\n                data-id=\"1ed38171-d90f-642e-b8ec-020211776702\"\n                data-project=\"1ec62755-9b51-6318-9c6c-06740b380f04\"\n                data-title=\"Dag 2 - Svenska\"\n                data-time=\"10:30-12:00\"\n                data-room=\"Only digital sessions\"\n                data-room-id=\"1ed22e14-47df-69ba-a91c-020287552602\"\n                data-room-name=\"Only digital sessions\"\n                data-day=\"1\"\n                data-abs-nbr=\"\"\n                data-abs-path=\"\"\n                data-speaker=\"\"\n                data-speakercell=\"\"\n                data-info=\"\"\n                data-category=\"\"\n                data-category-ids=\"\"\n                data-span-all=\"\"\n              >\n\n              \n\n              <div class=\"vertical_bar\" style=\"background-color: rgba(255, 255, 255, 0);\"><\/div>\n              <div class=\"box_inner\">\n                                <span>Dag 2 - Svenska<\/span>\n               <br>\n               \n               <div class=\"room_div \">\n                 <i class=\"list-room\">Only digital sessions<\/i>\n               <\/div>\n\n               <div class=\"name_time_div\">\n                <i class=\"list-time\" data-time=\"10:30\">10:30-12:00 - Fredag 2 september<\/i>\n               <\/div>\n              <\/div>\n             <\/div>\n          <\/div>\n\n          \n          <div class=\"box-wrapper\"\n              data-id=\"1ec6275c-d7a5-69e8-be2b-06740b380f04\">\n\n              <div class='time-header'>12:00<\/div>\n\n              <div class=\"box\"\n                data-id=\"1ec6275c-d7a5-69e8-be2b-06740b380f04\"\n                data-project=\"1ec62755-9b51-6318-9c6c-06740b380f04\"\n                data-title=\"Lunch\"\n                data-time=\"12:00-13:15\"\n                data-room=\"Konferensfoaj\u00e9\"\n                data-room-id=\"1ec6c818-5b77-6238-be18-06740b380f04\"\n                data-room-name=\"Konferensfoaj\u00e9\"\n                data-day=\"1\"\n                data-abs-nbr=\"\"\n                data-abs-path=\"\"\n                data-speaker=\"\"\n                data-speakercell=\"\"\n                data-info=\"\"\n                data-category=\"Socialt\"\n                data-category-ids=\"1254\"\n                data-span-all=\"1\"\n              >\n\n              \n\n              <div class=\"vertical_bar\" style=\"background-color: #dddddd;\"><\/div>\n              <div class=\"box_inner\">\n                                <span>Lunch<\/span>\n               <br>\n               \n               <div class=\"room_div \">\n                 <i class=\"list-room\">Konferensfoaj\u00e9<\/i>\n               <\/div>\n\n               <div class=\"name_time_div\">\n                <i class=\"list-time\" data-time=\"12:00\">12:00-13:15 - Fredag 2 september<\/i>\n               <\/div>\n              <\/div>\n             <\/div>\n          <\/div>\n\n          \n          <div class=\"box-wrapper\"\n              data-id=\"1ec6c806-e181-6bec-adba-06740b380f04\">\n\n              <div class='time-header'>13:15<\/div>\n\n              <div class=\"box\"\n                data-id=\"1ec6c806-e181-6bec-adba-06740b380f04\"\n                data-project=\"1ec62755-9b51-6318-9c6c-06740b380f04\"\n                data-title=\"2.5 Vetenskapliga perspektiv - Norsk helsearkiv og helsearkivregisteret\"\n                data-time=\"13:15-13:45\"\n                data-room=\"Lokal B123 - Webbs\u00e4nds - Plenary\"\n                data-room-id=\"1ec6275b-dcb9-6ab6-b842-06740b380f04\"\n                data-room-name=\"Lokal B123 - Webbs\u00e4nds - Plenary\"\n                data-day=\"1\"\n                data-abs-nbr=\"\"\n                data-abs-path=\"\"\n                data-speaker=\"Bj\u00f8rn B\u00f8rresen\"\n                data-speakercell=\"Bj\u00f8rn B\u00f8rresen\"\n                data-info=\"&lt;p&gt;&lt;strong&gt;Norsk helsearkiv og helsearkivregisteret&lt;\/strong&gt;, Bj&amp;oslash;rn B&amp;oslash;rresen \ud83c\uddf3\ud83c\uddf4&lt;\/p&gt;\n&lt;p&gt;Norsk helsearkiv (NHA) er et nytt, nasjonalt helseregister for forskning. NHA digitaliserer pasientarkivene fra offentlige og private sykehus i Norge, samt mottar uttrekk fra elektroniske journalsystemer. Oppgavene best&amp;aring;r i langtidsbevaring og tilrettelegging av historisk pasientinformasjon, samt &amp;aring; tilby dette som data for helsefaglig forskning over en felles plattform for helsedata.&lt;\/p&gt;\n&lt;p&gt;&amp;nbsp;&lt;\/p&gt;\n&lt;p&gt;&lt;iframe src=&quot;https:\/\/player.vimeo.com\/video\/755289570?h=4a8e77ac83&quot; width=&quot;640&quot; height=&quot;564&quot; frameborder=&quot;0&quot; allowfullscreen=&quot;&quot;&gt;&lt;\/iframe&gt;&lt;\/p&gt;&lt;br&gt;&lt;br&gt;&lt;b&gt;Dokument: &lt;\/b&gt;&lt;br&gt;&lt;a href='https:\/\/beyond-production.objects.dc-sto1.glesys.net\/projects\/1ec62755-9b51-6318-9c6c-06740b380f04\/documents\/yGc9xp09gg7ZMiK3JvInRDSKNPk4TsnnCbmW2Tbc.pdf' target='_blank'&gt;13.15 - Bj\u00f8rn B\u00f8rresen.pdf&lt;\/a&gt;&lt;br&gt;&lt;br&gt;\"\n                data-category=\"Effektiv informationshantering\"\n                data-category-ids=\"1251\"\n                data-span-all=\"\"\n              >\n\n              \n\n              <div class=\"vertical_bar\" style=\"background-color: #e0929b;\"><\/div>\n              <div class=\"box_inner\">\n                                <span>2.5 Vetenskapliga perspektiv - Norsk helsearkiv og helsearkivregisteret<\/span>\n               <br>\n               <div class=\"lecturer\"><span>Bj\u00f8rn B\u00f8rresen<\/span><\/div>\n               <div class=\"room_div \">\n                 <i class=\"list-room\">Lokal B123 - Webbs\u00e4nds - Plenary<\/i>\n               <\/div>\n\n               <div class=\"name_time_div\">\n                <i class=\"list-time\" data-time=\"13:15\">13:15-13:45 - Fredag 2 september<\/i>\n               <\/div>\n              <\/div>\n             <\/div>\n          <\/div>\n\n          \n          <div class=\"box-wrapper\"\n              data-id=\"1ec6c80a-7461-670c-938a-06740b380f04\">\n\n              <div class='time-header' style='visibility: hidden;'>13:15<\/div>\n\n              <div class=\"box\"\n                data-id=\"1ec6c80a-7461-670c-938a-06740b380f04\"\n                data-project=\"1ec62755-9b51-6318-9c6c-06740b380f04\"\n                data-title=\"1.5 A Processerna att ta emot, bevara, tillg\u00e4ngligg\u00f6ra och sprida - Arbetss\u00e4tt i f\u00f6r\u00e4ndring, att flytta arkiv, gallring efter skanning\"\n                data-time=\"13:15-14:45\"\n                data-room=\"Lokal C1 - Parallel sessions\"\n                data-room-id=\"1eced49a-525f-6e2a-b03a-020287552602\"\n                data-room-name=\"Lokal C1 - Parallel sessions\"\n                data-day=\"1\"\n                data-abs-nbr=\"\"\n                data-abs-path=\"\"\n                data-speaker=\"Niko M\u00e4kinen; Morgan Svedlund; Jan Dahlstr\u00f6m; Stian Norli; Monika Jansson\"\n                data-speakercell=\"Niko M\u00e4kinen; Morgan Svedlund; Jan Dahlstr\u00f6m; Stian Norli; Monika Jansson\"\n                data-info=\"&lt;b&gt;Moderator: &lt;\/b&gt;Synne Stavheim&lt;br&gt;&lt;br&gt;&lt;p&gt;Preliminary choices shows that this session might get full quickly.&lt;\/p&gt;\n&lt;p&gt;Be sure to plan a second option in your personal program, and we kindly ask you to respect limitations due to security policy.&lt;\/p&gt;\n&lt;p&gt;&amp;nbsp;&lt;\/p&gt;\n&lt;p&gt;The&lt;strong&gt; Central Archives in Mikkeli&lt;\/strong&gt;, Niko M&amp;auml;kinen \ud83c\uddeb\ud83c\uddee&lt;\/p&gt;\n&lt;p&gt;In 2018 the National Archives of Finland opened its new archives repository in Mikkeli in the eastern part of Finland. This meant transfers of analog materials on a large scale, the biggest logistic operation in our history. Today one strategic goal of the National Archives is that no new archives repositories are built for analog materials. This goal can be achieved by receiving materials in digital format. Only materials with cultural-historical and scientific value will still be archived permanently in the analog format. Analog material management and effective logistics will support these processes and purposeful operating methods.&lt;\/p&gt;\n&lt;p&gt;&lt;br \/&gt;&lt;strong&gt;Att flytta en hel arkivinstitution&lt;\/strong&gt;, Morgan Svedlund \ud83c\uddf8\ud83c\uddea och Jan Dahlstr&amp;ouml;m \ud83c\uddf8\ud83c\uddea&lt;\/p&gt;\n&lt;p&gt;&amp;Aring;ren 2020-2021 flyttades Krigsarkivets samlade best&amp;aring;nd fr&amp;aring;n Stockholm till T&amp;auml;by. Ett tio&amp;aring;rigt projekt r&amp;ouml;rande Riksarkivets lokaler i Stockholmsomr&amp;aring;det kunde d&amp;aring; avslutas med syftet att uppn&amp;aring; s&amp;auml;ker f&amp;ouml;rvaring av kulturarvet och lokaler b&amp;auml;ttre anpassade till dagens krav p&amp;aring; en rationell arkivverksamhet. Vilka &amp;auml;r erfarenheterna som kan vara till nytta i framtiden?&lt;br \/&gt;&lt;br \/&gt;&lt;strong&gt;Mediekonvertering &amp;ndash; digitalisering for kassasjon i Norge&lt;\/strong&gt;, Stian Norli \ud83c\uddf3\ud83c\uddf4&lt;\/p&gt;\n&lt;p&gt;Den norske forvaltningen har fortsatt n&amp;aelig;rmere &lt;a href=&quot;tel:200000&quot;&gt;200.000&lt;\/a&gt; hm med papirarkiver mens Arkivverket kun har plass til &amp;aring; ta imot 70.000 hm. Lavere priser p&amp;aring; digitalisering og digital lagring har f&amp;oslash;rt til at mediekonvertering (digitalisering for kassasjon) har blitt det viktigste verkt&amp;oslash;yet for &amp;aring; m&amp;oslash;te denne utfordringen. Men dette er ikke alltid f&amp;oslash;rstevalget for de &amp;laquo;papirtunge&amp;raquo; virksomhetene. Arkivverket har derfor tatt i bruk andre virkemidler og incitamenter for &amp;aring; f&amp;aring; staten til &amp;aring; levere digitalt.&lt;br \/&gt;&lt;br \/&gt;&lt;strong&gt;Gallring av pappershandlingar efter skanning&lt;\/strong&gt;, Monika Jansson \ud83c\uddf8\ud83c\uddea&lt;\/p&gt;\n&lt;p&gt;Svenska Riksarkivet gav under &amp;aring;r 2021 ut generella f&amp;ouml;reskrifter som till&amp;aring;ter statliga myndigheter att gallra pappershandlingar efter att de har skannats. Syftet &amp;auml;r att skapa en effektiv f&amp;ouml;rvaltning utan on&amp;ouml;diga kostnader f&amp;ouml;r en dubbel hantering av handlingar p&amp;aring; olika medier ifall det inte beh&amp;ouml;vs. De generella f&amp;ouml;reskrifterna ska underl&amp;auml;tta b&amp;aring;de f&amp;ouml;r Riksarkivet och f&amp;ouml;r andra statliga myndigheter.&lt;\/p&gt;\n&lt;p&gt;&amp;nbsp;&lt;\/p&gt;&lt;br&gt;&lt;br&gt;&lt;b&gt;Dokument: &lt;\/b&gt;&lt;br&gt;&lt;a href='https:\/\/beyond-production.objects.dc-sto1.glesys.net\/projects\/1ec62755-9b51-6318-9c6c-06740b380f04\/documents\/dvQLrqiAqf97c44KrqXtrYfYP19X1ouDaOdm69Io.pdf' target='_blank'&gt;Jan Dalstr\u00f6m_Bilaga 2. Flytt av storformat fr\u00e5n kartsal.pdf&lt;\/a&gt;&lt;br&gt;&lt;a href='https:\/\/beyond-production.objects.dc-sto1.glesys.net\/projects\/1ec62755-9b51-6318-9c6c-06740b380f04\/documents\/wNcEJ8d0urWqVabFjUra6foDchzcR4v6thCVTIrU.pdf' target='_blank'&gt;Jan Dalstr\u00f6m_Bilaga 3. Teknisk kravspecifikation.pdf&lt;\/a&gt;&lt;br&gt;&lt;a href='https:\/\/beyond-production.objects.dc-sto1.glesys.net\/projects\/1ec62755-9b51-6318-9c6c-06740b380f04\/documents\/npoH2RU8q4tHh8hbRQwV1SFsiB1ropK6clpklt0K.pdf' target='_blank'&gt;Jan Dalstr\u00f6m_RA KS 2021-00098 Bilaga.pdf&lt;\/a&gt;&lt;br&gt;&lt;a href='https:\/\/beyond-production.objects.dc-sto1.glesys.net\/projects\/1ec62755-9b51-6318-9c6c-06740b380f04\/documents\/YWlzEg0pVStKC2DWYDEMNaB8r27EmadNtzeDYlu4.pdf' target='_blank'&gt;Jan Dalstr\u00f6m_RA KS 2021-00098 Slutrapport.pdf&lt;\/a&gt;&lt;br&gt;&lt;a href='https:\/\/beyond-production.objects.dc-sto1.glesys.net\/projects\/1ec62755-9b51-6318-9c6c-06740b380f04\/documents\/eLC5w0YNGnxxABZfN4TfvxQkvreRtAv8EVQKRMQ3.pdf' target='_blank'&gt;Jan Dalstr\u00f6m_RA KS 2021-00098 Utv\u00e4rdering.pdf&lt;\/a&gt;&lt;br&gt;&lt;a href='https:\/\/beyond-production.objects.dc-sto1.glesys.net\/projects\/1ec62755-9b51-6318-9c6c-06740b380f04\/documents\/HF0o1v840rwZLDqQDA6v8dE1Y1rNhhx4ekzJtoYM.pdf' target='_blank'&gt;Jan Dalstr\u00f6m_RA-KS 2021-01522 BEKO rapport.pdf&lt;\/a&gt;&lt;br&gt;&lt;a href='https:\/\/beyond-production.objects.dc-sto1.glesys.net\/projects\/1ec62755-9b51-6318-9c6c-06740b380f04\/documents\/p3qbPfAqwruax65SfVmQG6mNKpb0Fz2pSs3S7uhs.pdf' target='_blank'&gt;13.15 Stian Norli.pdf&lt;\/a&gt;&lt;br&gt;&lt;a href='https:\/\/beyond-production.objects.dc-sto1.glesys.net\/projects\/1ec62755-9b51-6318-9c6c-06740b380f04\/documents\/dWZWE3u87eitk8eWf65Yxrf0a6VhIyXsgtsBrDmm.pdf' target='_blank'&gt;13.15 Niko M\u00e4kinen.pdf&lt;\/a&gt;&lt;br&gt;&lt;a href='https:\/\/beyond-production.objects.dc-sto1.glesys.net\/projects\/1ec62755-9b51-6318-9c6c-06740b380f04\/documents\/xIWxBhP3bpKOpPZ1PftSoi4AjrIlSRhS1Ksdrjra.pdf' target='_blank'&gt;13.15 Monika Jansson.pdf&lt;\/a&gt;&lt;br&gt;&lt;a href='https:\/\/beyond-production.objects.dc-sto1.glesys.net\/projects\/1ec62755-9b51-6318-9c6c-06740b380f04\/documents\/DKwctM52l0rlnAxekKX2uHv0bOifBVzwV3uucxrl.pdf' target='_blank'&gt;13.15 Jan Dahlstr\u00f6m &amp; Morgan Svedlund.pdf&lt;\/a&gt;&lt;br&gt;&lt;br&gt;\"\n                data-category=\"Demokrati och r\u00e4tten till arkiv\"\n                data-category-ids=\"1249\"\n                data-span-all=\"\"\n              >\n\n              \n\n              <div class=\"vertical_bar\" style=\"background-color: #9dcdf8;\"><\/div>\n              <div class=\"box_inner\">\n                                <span>1.5 A Processerna att ta emot, bevara, tillg\u00e4ngligg\u00f6ra och sprida - Arbetss\u00e4tt i f\u00f6r\u00e4ndring, att flytta arkiv, gallring efter skanning<\/span>\n               <br>\n               <div class=\"lecturer\"><span>Niko M\u00e4kinen; Morgan Svedlund; Jan Dahlstr\u00f6m; Stian Norli; Monika Jansson<\/span><\/div>\n               <div class=\"room_div \">\n                 <i class=\"list-room\">Lokal C1 - Parallel sessions<\/i>\n               <\/div>\n\n               <div class=\"name_time_div\">\n                <i class=\"list-time\" data-time=\"13:15\">13:15-14:45 - Fredag 2 september<\/i>\n               <\/div>\n              <\/div>\n             <\/div>\n          <\/div>\n\n          \n          <div class=\"box-wrapper\"\n              data-id=\"1eced4a7-faf0-673a-993e-020287552602\">\n\n              <div class='time-header' style='visibility: hidden;'>13:15<\/div>\n\n              <div class=\"box\"\n                data-id=\"1eced4a7-faf0-673a-993e-020287552602\"\n                data-project=\"1ec62755-9b51-6318-9c6c-06740b380f04\"\n                data-title=\"1.5 B Processerna att ta emot, bevara, tillg\u00e4ngligg\u00f6ra och sprida - Arbetss\u00e4tt i f\u00f6r\u00e4ndring, bevarandeutmaningar\"\n                data-time=\"13:15-14:45\"\n                data-room=\"Lokal C2 - Parallel sessions\"\n                data-room-id=\"1eced49a-a7d9-6108-b599-020287552602\"\n                data-room-name=\"Lokal C2 - Parallel sessions\"\n                data-day=\"1\"\n                data-abs-nbr=\"\"\n                data-abs-path=\"\"\n                data-speaker=\"Leif Pettersson; Magdalena Sj\u00f6dahl; Roger Broberg; Celine Orman; Johanna Fries Markiewicz; Istvan Kesckemeti\"\n                data-speakercell=\"Leif Pettersson; Magdalena Sj\u00f6dahl; Roger Broberg; Celine Orman; Johanna Fries Markiewicz; Istvan Kesckemeti\"\n                data-info=\"&lt;b&gt;Moderator: &lt;\/b&gt;Maria Larsson \u00d6stergren&lt;br&gt;&lt;br&gt;&lt;p&gt;13:15-14:00&lt;br \/&gt;&lt;strong&gt;N&amp;auml;r informationen riskeras: skadade arkivhandlingar och utl&amp;auml;mnande&lt;\/strong&gt;, Johanna Fries Markiewicz \ud83c\uddf8\ud83c\uddea and Istvan Kesckemeti \ud83c\uddeb\ud83c\uddee&lt;\/p&gt;\n&lt;p&gt;Med utg&amp;aring;ngspunkt fr&amp;aring;n en dom i H&amp;ouml;gsta F&amp;ouml;rvaltningsdomstolen d&amp;auml;r svenska Riksarkivet fick r&amp;auml;tt att avsl&amp;aring; ett utl&amp;auml;mnande och en digitalisering av arkivhandlingar p&amp;aring; grund av dess mycket d&amp;aring;liga skick diskuteras avv&amp;auml;gningen mellan tillg&amp;auml;ngligg&amp;ouml;rande idag och bevarande f&amp;ouml;r framtiden. Vad inneb&amp;auml;r denna dom n&amp;auml;r vi ska besluta om l&amp;aring;ngsiktiga strategier f&amp;ouml;r nedbrutna och trasiga arkivhandlingar? Hur ser m&amp;ouml;tet mellan juridik och praktik ut, utifr&amp;aring;n en mycket skadad handlings horisont?&lt;\/p&gt;\n&lt;p&gt;Finska Riksarkivets uppdrag &amp;auml;r att s&amp;auml;kerst&amp;auml;lla att myndighetshandlingar som h&amp;ouml;r till det nationella kulturarvet ska f&amp;ouml;rvaras och finnas tillg&amp;auml;ngliga. Beslutsberedningen i fr&amp;aring;ga om material som ska arkiveras baserar sig p&amp;aring; bevarande- och gallringspolicyn samt p&amp;aring; kriterierna f&amp;ouml;r fastst&amp;auml;llande av kulturhistoriskt v&amp;auml;rde. Handlingar som &amp;auml;r kulturhistoriskt v&amp;auml;rdefulla till sitt analoga bevarandeformat ska bevaras analogt. Tv&amp;aring; av de viktigaste kriterierna f&amp;ouml;r kulturhistoriskt v&amp;auml;rde &amp;auml;r handlingens skick och &amp;aring;lder. Riksarkivets konserveringsresurser kommer att inriktas p&amp;aring; konditionsbed&amp;ouml;mningar av samlingar, d&amp;auml;r vi vet att sj&amp;auml;lvdestruktiva eller annars d&amp;aring;ligt h&amp;aring;llbara analogiska handlingar finns.&lt;br \/&gt;&lt;br \/&gt;14:00-14:45&lt;br \/&gt;&lt;strong&gt;Varf&amp;ouml;r ska vi bevara sociala medier?&lt;\/strong&gt; Leif Pettersson \ud83c\uddf8\ud83c\uddea, Magdalena Sj&amp;ouml;dahl \ud83c\uddf8\ud83c\uddea, Roger Broberg \ud83c\uddf8\ud83c\uddea&lt;\/p&gt;\n&lt;p&gt;Sociala medier har m&amp;ouml;jliggjort en ut&amp;ouml;kad dialog i det offentliga rummet. Nyheter sprids snabbare &amp;auml;n n&amp;aring;gonsin, makthavare kan kommunicera direkt med sina v&amp;auml;ljare och alla kan bli opinionsbildare eller influensers. F&amp;ouml;r arkiven skapar detta nya utmaningar och fr&amp;aring;gest&amp;auml;llningar. Hur bevarar vi det som sker p&amp;aring; sociala medier och hur hanterar vi &amp;auml;gandeskap, gr&amp;auml;ns mellan det offentliga och privata, regelverk och lagar f&amp;ouml;r insamling? F&amp;ouml;rel&amp;auml;sning utg&amp;aring;r fr&amp;aring;n fr&amp;aring;gest&amp;auml;llningen: Vad &amp;auml;r syftet med arkiveringen?&lt;br \/&gt;&lt;br \/&gt;&lt;strong&gt;Bevara R&amp;ouml;relse&lt;\/strong&gt;, Celine Orman \ud83c\uddf8\ud83c\uddea&lt;\/p&gt;\n&lt;p&gt;Bevara R&amp;ouml;relse &amp;auml;r ett forsknings- och insamlingsprojekt mellan Sk&amp;aring;nes Dansteater och Celine Orman som dokumenterar m&amp;auml;nniskors upplevelse av dans. Orman vill utmana och utveckla arkivarierollen och hur vi arkiverar och bevarar danskonsten. Dans &amp;auml;r i sin natur flyktig, r&amp;ouml;relsen f&amp;ouml;rsvinner i samma stund som den uppst&amp;aring;r. Bevara R&amp;ouml;relse intervjuar publik, dansare och konstn&amp;auml;rligt team f&amp;ouml;r att samla in upplevelse, id&amp;eacute; och intention bakom ett dansverk. Kan bevarandemetoden anv&amp;auml;ndas i andra sammanhang f&amp;ouml;r att berika arkiven med subjektiva ber&amp;auml;ttelser?&lt;br \/&gt;&lt;br \/&gt;&lt;\/p&gt;&lt;br&gt;&lt;br&gt;&lt;b&gt;Dokument: &lt;\/b&gt;&lt;br&gt;&lt;a href='https:\/\/beyond-production.objects.dc-sto1.glesys.net\/projects\/1ec62755-9b51-6318-9c6c-06740b380f04\/documents\/V6YKro59azyhBXLXXKA8CclrpCtmk0ptBaV64p8k.pdf' target='_blank'&gt;14.00 Leif Pettersson &amp; Magdalena Sj\u00f6dahl &amp; Roger Broberg.pdf&lt;\/a&gt;&lt;br&gt;&lt;a href='https:\/\/beyond-production.objects.dc-sto1.glesys.net\/projects\/1ec62755-9b51-6318-9c6c-06740b380f04\/documents\/lNnNp6g2dxbka0aOeuWlfhbrl1Q1FCa69YYOljn9.pdf' target='_blank'&gt;13.15 Johanna Fries Markiewicz.pdf&lt;\/a&gt;&lt;br&gt;&lt;a href='https:\/\/beyond-production.objects.dc-sto1.glesys.net\/projects\/1ec62755-9b51-6318-9c6c-06740b380f04\/documents\/8ybZ0pjzoK40N7ahVZSSh2XIg8qBgIaLabmuqGnm.pdf' target='_blank'&gt;13.15 Istvan Kecskemeti.pdf&lt;\/a&gt;&lt;br&gt;&lt;br&gt;\"\n                data-category=\"Demokrati och r\u00e4tten till arkiv\"\n                data-category-ids=\"1249\"\n                data-span-all=\"\"\n              >\n\n              \n\n              <div class=\"vertical_bar\" style=\"background-color: #9dcdf8;\"><\/div>\n              <div class=\"box_inner\">\n                                <span>1.5 B Processerna att ta emot, bevara, tillg\u00e4ngligg\u00f6ra och sprida - Arbetss\u00e4tt i f\u00f6r\u00e4ndring, bevarandeutmaningar<\/span>\n               <br>\n               <div class=\"lecturer\"><span>Leif Pettersson; Magdalena Sj\u00f6dahl; Roger Broberg; Celine Orman; Johanna Fries Markiewicz; Istvan Kesckemeti<\/span><\/div>\n               <div class=\"room_div \">\n                 <i class=\"list-room\">Lokal C2 - Parallel sessions<\/i>\n               <\/div>\n\n               <div class=\"name_time_div\">\n                <i class=\"list-time\" data-time=\"13:15\">13:15-14:45 - Fredag 2 september<\/i>\n               <\/div>\n              <\/div>\n             <\/div>\n          <\/div>\n\n          \n          <div class=\"box-wrapper\"\n              data-id=\"1ec6c80d-3b5e-642a-97ac-06740b380f04\">\n\n              <div class='time-header' style='visibility: hidden;'>13:15<\/div>\n\n              <div class=\"box\"\n                data-id=\"1ec6c80d-3b5e-642a-97ac-06740b380f04\"\n                data-project=\"1ec62755-9b51-6318-9c6c-06740b380f04\"\n                data-title=\"3.5 Framtiden - en fr\u00e5ga om h\u00e5llbarhet - Politiska ambitioner och milj\u00f6fr\u00e5gor\"\n                data-time=\"13:15-14:45\"\n                data-room=\"Lokal C3 - Parallel sessions\"\n                data-room-id=\"1ec63105-fc5b-62b2-be64-06740b380f04\"\n                data-room-name=\"Lokal C3 - Parallel sessions\"\n                data-day=\"1\"\n                data-abs-nbr=\"\"\n                data-abs-path=\"\"\n                data-speaker=\"Kjetil Landrog; Mette Fransiska M. Seidelin; Kristiina Laine\"\n                data-speakercell=\"Kjetil Landrog; Mette Fransiska M. Seidelin; Kristiina Laine\"\n                data-info=\"&lt;b&gt;Moderator: &lt;\/b&gt;Steen Andersen, Danmark&lt;br&gt;&lt;br&gt;&lt;p&gt;13:15-13:45&lt;br \/&gt;&lt;strong&gt;Politisk p&amp;aring;virkningsarbeid&lt;\/strong&gt;, Kjetil Landrog \ud83c\uddf3\ud83c\uddf4&lt;\/p&gt;\n&lt;p&gt;Presentasjonen vil gi informasjon om Arkivforbundets erfaringer fra politisk p&amp;aring;virkningsarbeid. Arkivforbundet er en landsdekkende interesseorganisasjon som jobber for &amp;aring; fremme bevaring og formidling av kommunale og private arkiver. Foredraget vil gi innsikt i hvordan de som en liten interesseorganisasjon de siste &amp;aring;rene i sterke grad har rettet sitt arbeid mot politisk kontakt og innflytelse. Det har skjedd gjennom samtaler med politikere og myndigheter, budsjettinnspill, h&amp;oslash;ringsarbeid m.m.&lt;\/p&gt;\n&lt;p&gt;13:45-14:15&lt;br \/&gt;&lt;strong&gt;Arkivernes rolle i opg&amp;oslash;r med fortiden - om historisk udredningsarbejde&lt;\/strong&gt;, Mette Fransiska M. Seidelin \ud83c\udde9\ud83c\uddf0&lt;\/p&gt;\n&lt;p&gt;I nyere tid har der rundt omkring i verden &amp;ndash; og ikke mindst i Norden &amp;ndash; v&amp;aelig;ret rejst en r&amp;aelig;kke krav om at g&amp;oslash;re op med fortiden, n&amp;aring;r det g&amp;aelig;lder svigt og overgreb p&amp;aring; b&amp;oslash;rn og unge, der var anbragt p&amp;aring; b&amp;oslash;rnehjem i statens varet&amp;aelig;gt. I Danmark gav statsminister Mette Frederiksen i 2019 en undskyldning til tidligere b&amp;oslash;rnehjemsb&amp;oslash;rn, og senest har Socialministeriet nedsat en videnskabelig arbejdsgruppe, der skal unders&amp;oslash;ge, om der er sket svigt og overgreb i s&amp;aelig;rforsorgen i perioden 1933-1980. I opg&amp;oslash;ret med fortiden spiller arkiverne en central rolle, idet fortidens synder skal dokumenteres via deres samlinger.&lt;\/p&gt;\n&lt;p&gt;14:15-14:45&lt;br \/&gt;&lt;strong&gt;Riksarkivets m&amp;aring;ls&amp;auml;ttningar f&amp;ouml;r h&amp;aring;llbar utveckling&lt;\/strong&gt;, Kristiina Laine \ud83c\uddeb\ud83c\uddee&lt;\/p&gt;\n&lt;p&gt;H&amp;aring;llbar utveckling &amp;auml;r en central del av Riksarkivets strategi, och m&amp;aring;ls&amp;auml;ttningarna i F&amp;ouml;renta nationernas Agenda2030 beaktas i all v&amp;aring;r verksamhet. Vi har redan skissat upp v&amp;aring;r egen agenda och nu arbetar vi med hur m&amp;aring;ls&amp;auml;ttningarna ska implementeras. Riksarkivet vill fr&amp;auml;mja &amp;aring;tg&amp;auml;rder som &amp;auml;r etiska och st&amp;ouml;der h&amp;aring;llbar utveckling och vi kommer att m&amp;auml;ta och utv&amp;auml;rdera &amp;aring;tg&amp;auml;rderna regelbundet. V&amp;aring;rt servicel&amp;ouml;fte &amp;auml;r att vi utvecklar och utnyttjar nya s&amp;auml;tt att anv&amp;auml;nda och arkivera offentlig information p&amp;aring; ett h&amp;aring;llbart och kostnadseffektivt s&amp;auml;tt. Arbetet g&amp;ouml;rs i samarbete med bl.a. &amp;nbsp;andra kulturorganisationer.&lt;\/p&gt;\n&lt;p&gt;&amp;nbsp;&lt;\/p&gt;&lt;br&gt;&lt;br&gt;&lt;b&gt;Dokument: &lt;\/b&gt;&lt;br&gt;&lt;a href='https:\/\/beyond-production.objects.dc-sto1.glesys.net\/projects\/1ec62755-9b51-6318-9c6c-06740b380f04\/documents\/TFI98j2zc4mcDkvK6DznKl0REYHQcI8bCI5rADSx.pdf' target='_blank'&gt;14.15 Kristiina Laine.pdf&lt;\/a&gt;&lt;br&gt;&lt;a href='https:\/\/beyond-production.objects.dc-sto1.glesys.net\/projects\/1ec62755-9b51-6318-9c6c-06740b380f04\/documents\/q4wt1whFA7trEQoGRFwZY7RAqcd7lvVhCP0SPIVA.pdf' target='_blank'&gt;13.45 Mette Seidelin &amp; Annemarie Borregaard.pdf&lt;\/a&gt;&lt;br&gt;&lt;a href='https:\/\/beyond-production.objects.dc-sto1.glesys.net\/projects\/1ec62755-9b51-6318-9c6c-06740b380f04\/documents\/xukw7Ke6a5jOMD9gY4jx2jGBjZYFOMPOFIXxY18m.pdf' target='_blank'&gt;13.15 Kjetil Landrog.pdf&lt;\/a&gt;&lt;br&gt;&lt;br&gt;\"\n                data-category=\"Arkiv p\u00e5 r\u00e4tt s\u00e4tt -  om legala och etiska aspekter\"\n                data-category-ids=\"1252\"\n                data-span-all=\"\"\n              >\n\n              \n\n              <div class=\"vertical_bar\" style=\"background-color: #fadf9f;\"><\/div>\n              <div class=\"box_inner\">\n                                <span>3.5 Framtiden - en fr\u00e5ga om h\u00e5llbarhet - Politiska ambitioner och milj\u00f6fr\u00e5gor<\/span>\n               <br>\n               <div class=\"lecturer\"><span>Kjetil Landrog; Mette Fransiska M. Seidelin; Kristiina Laine<\/span><\/div>\n               <div class=\"room_div \">\n                 <i class=\"list-room\">Lokal C3 - Parallel sessions<\/i>\n               <\/div>\n\n               <div class=\"name_time_div\">\n                <i class=\"list-time\" data-time=\"13:15\">13:15-14:45 - Fredag 2 september<\/i>\n               <\/div>\n              <\/div>\n             <\/div>\n          <\/div>\n\n          \n          <div class=\"box-wrapper\"\n              data-id=\"1ec6c810-3cca-6054-b6f4-06740b380f04\">\n\n              <div class='time-header' style='visibility: hidden;'>13:15<\/div>\n\n              <div class=\"box\"\n                data-id=\"1ec6c810-3cca-6054-b6f4-06740b380f04\"\n                data-project=\"1ec62755-9b51-6318-9c6c-06740b380f04\"\n                data-title=\"Workshop - Tv\u00e5filig motorv\u00e4g till Riksarkivet\"\n                data-time=\"13:15-13:45\"\n                data-room=\"Lokal C4 - Workshops\"\n                data-room-id=\"1ec63106-320d-6cfc-a9c6-06740b380f04\"\n                data-room-name=\"Lokal C4 - Workshops\"\n                data-day=\"1\"\n                data-abs-nbr=\"\"\n                data-abs-path=\"\"\n                data-speaker=\"Susanne Blomqvist; Elin Lindstr\u00f6m\"\n                data-speakercell=\"Susanne Blomqvist; Elin Lindstr\u00f6m\"\n                data-info=\"&lt;p&gt;&lt;strong&gt;V&amp;auml;rd:&lt;\/strong&gt; Hei&amp;eth;ar Lind Hansson \ud83c\uddee\ud83c\uddf8&lt;\/p&gt;\n&lt;p&gt;&lt;strong&gt;Tv&amp;aring;filig motorv&amp;auml;g till Riksarkivet&lt;\/strong&gt;, Susanne Blomqvist \ud83c\uddf8\ud83c\uddea och Elin Lindstr&amp;ouml;m \ud83c\uddf8\ud83c\uddea&lt;\/p&gt;\n&lt;p&gt;Idag kan Riksarkivets anv&amp;auml;ndare best&amp;auml;lla uppgifter och kopior genom best&amp;auml;llningsformul&amp;auml;r p&amp;aring; Riksarkivets hemsida. Bes&amp;ouml;kare kan best&amp;auml;lla material till l&amp;auml;sesal inf&amp;ouml;r ett planerat bes&amp;ouml;k. Best&amp;auml;llningar kan g&amp;ouml;ras dygnet runt och tj&amp;auml;nsterna ger f&amp;ouml;rdelar f&amp;ouml;r v&amp;aring;ra anv&amp;auml;ndare och bidrar samtidigt till en effektivare handl&amp;auml;ggning. M&amp;aring;let &amp;auml;r att Riksarkivet ska vara tillg&amp;auml;ngligt f&amp;ouml;r alla, f&amp;ouml;r myndigheter, forskare och eng&amp;aring;ngsanv&amp;auml;ndare. Ett samtal om anv&amp;auml;ndare och hur olika tj&amp;auml;nster kan anpassas p&amp;aring; b&amp;auml;sta s&amp;auml;tt f&amp;ouml;r olika behov.&lt;\/p&gt;&lt;br&gt;&lt;br&gt;&lt;b&gt;Dokument: &lt;\/b&gt;&lt;br&gt;&lt;a href='https:\/\/beyond-production.objects.dc-sto1.glesys.net\/projects\/1ec62755-9b51-6318-9c6c-06740b380f04\/documents\/lFw4mTmciH1dDII1PLyexSneYLvvx2vzvJvaz2rT.pdf' target='_blank'&gt;13.15 Susanne Blomqvist &amp; Elin Lindstr\u00f6m.pdf&lt;\/a&gt;&lt;br&gt;&lt;br&gt;1: F\u00f6rinspelad film - L\u00e4sesalsbest\u00e4llning&lt;br&gt;&lt;br\/&gt;2: F\u00f6rinspelad film - Riksarkivets webbformul\u00e4r\"\n                data-category=\"Workshop,Effektiv informationshantering\"\n                data-category-ids=\"1255,1251\"\n                data-span-all=\"\"\n              >\n\n              \n\n              <div class=\"vertical_bar\" style=\"background-color: #ced3ff;\"><\/div>\n              <div class=\"box_inner\">\n                                <span>Workshop - Tv\u00e5filig motorv\u00e4g till Riksarkivet<\/span>\n               <br>\n               <div class=\"lecturer\"><span>Susanne Blomqvist; Elin Lindstr\u00f6m<\/span><\/div>\n               <div class=\"room_div \">\n                 <i class=\"list-room\">Lokal C4 - Workshops<\/i>\n               <\/div>\n\n               <div class=\"name_time_div\">\n                <i class=\"list-time\" data-time=\"13:15\">13:15-13:45 - Fredag 2 september<\/i>\n               <\/div>\n              <\/div>\n             <\/div>\n          <\/div>\n\n          \n          <div class=\"box-wrapper\"\n              data-id=\"1ed38172-2612-6136-ba0b-020211776702\">\n\n              <div class='time-header'>13:20<\/div>\n\n              <div class=\"box\"\n                data-id=\"1ed38172-2612-6136-ba0b-020211776702\"\n                data-project=\"1ec62755-9b51-6318-9c6c-06740b380f04\"\n                data-title=\"Day 2 - English\"\n                data-time=\"13:20-14:50\"\n                data-room=\"Only digital sessions\"\n                data-room-id=\"1ed22e14-47df-69ba-a91c-020287552602\"\n                data-room-name=\"Only digital sessions\"\n                data-day=\"1\"\n                data-abs-nbr=\"\"\n                data-abs-path=\"\"\n                data-speaker=\"\"\n                data-speakercell=\"\"\n                data-info=\"\"\n                data-category=\"\"\n                data-category-ids=\"\"\n                data-span-all=\"\"\n              >\n\n              \n\n              <div class=\"vertical_bar\" style=\"background-color: rgba(255, 255, 255, 0);\"><\/div>\n              <div class=\"box_inner\">\n                                <span>Day 2 - English<\/span>\n               <br>\n               \n               <div class=\"room_div \">\n                 <i class=\"list-room\">Only digital sessions<\/i>\n               <\/div>\n\n               <div class=\"name_time_div\">\n                <i class=\"list-time\" data-time=\"13:20\">13:20-14:50 - Fredag 2 september<\/i>\n               <\/div>\n              <\/div>\n             <\/div>\n          <\/div>\n\n          \n          <div class=\"box-wrapper\"\n              data-id=\"1ec79e22-b2bc-610c-b0c1-06740b380f04\">\n\n              <div class='time-header'>13:45<\/div>\n\n              <div class=\"box\"\n                data-id=\"1ec79e22-b2bc-610c-b0c1-06740b380f04\"\n                data-project=\"1ec62755-9b51-6318-9c6c-06740b380f04\"\n                data-title=\"2.5 Vetenskapliga perspektiv - \u00d6kad tillg\u00e5ng till forskningsdata\"\n                data-time=\"13:45-14:15\"\n                data-room=\"Lokal B123 - Webbs\u00e4nds - Plenary\"\n                data-room-id=\"1ec6275b-dcb9-6ab6-b842-06740b380f04\"\n                data-room-name=\"Lokal B123 - Webbs\u00e4nds - Plenary\"\n                data-day=\"1\"\n                data-abs-nbr=\"\"\n                data-abs-path=\"\"\n                data-speaker=\"Elisabeth Strandhagen\"\n                data-speakercell=\"Elisabeth Strandhagen\"\n                data-info=\"&lt;p&gt;&lt;strong&gt;&amp;Ouml;kad tillg&amp;aring;ng till forskningsdata - presentation av SND och SND:s arbete&lt;\/strong&gt;, Elisabeth Strandhagen \ud83c\uddf8\ud83c\uddea&lt;\/p&gt;\n&lt;p&gt;Svensk nationell datatj&amp;auml;nst (SND) &amp;auml;r en forskningsinfrastruktur med uppdrag att skapa m&amp;ouml;jligheter f&amp;ouml;r forskare att beskriva, dela och &amp;aring;teranv&amp;auml;nda forskningsdata. SND &amp;auml;r ett konsortium best&amp;aring;ende av nio av Sveriges st&amp;ouml;rsta l&amp;auml;ros&amp;auml;ten med G&amp;ouml;teborgs universitet som v&amp;auml;rduniversitet.&lt;\/p&gt;\n&lt;p&gt;&lt;iframe src=&quot;https:\/\/player.vimeo.com\/video\/755275405?h=8d1d4b787a&quot; width=&quot;640&quot; height=&quot;564&quot; frameborder=&quot;0&quot; allowfullscreen=&quot;&quot;&gt;&lt;\/iframe&gt;&lt;\/p&gt;&lt;br&gt;&lt;br&gt;&lt;b&gt;Dokument: &lt;\/b&gt;&lt;br&gt;&lt;a href='https:\/\/beyond-production.objects.dc-sto1.glesys.net\/projects\/1ec62755-9b51-6318-9c6c-06740b380f04\/documents\/ki43y7dPoUBd27SStY0HjJrKSbFB7xXJs9byzehF.pdf' target='_blank'&gt;13.45 - Elisabeth Strandhagen.pdf&lt;\/a&gt;&lt;br&gt;&lt;br&gt;\"\n                data-category=\"Effektiv informationshantering\"\n                data-category-ids=\"1251\"\n                data-span-all=\"\"\n              >\n\n              \n\n              <div class=\"vertical_bar\" style=\"background-color: #e0929b;\"><\/div>\n              <div class=\"box_inner\">\n                                <span>2.5 Vetenskapliga perspektiv - \u00d6kad tillg\u00e5ng till forskningsdata<\/span>\n               <br>\n               <div class=\"lecturer\"><span>Elisabeth Strandhagen<\/span><\/div>\n               <div class=\"room_div \">\n                 <i class=\"list-room\">Lokal B123 - Webbs\u00e4nds - Plenary<\/i>\n               <\/div>\n\n               <div class=\"name_time_div\">\n                <i class=\"list-time\" data-time=\"13:45\">13:45-14:15 - Fredag 2 september<\/i>\n               <\/div>\n              <\/div>\n             <\/div>\n          <\/div>\n\n          \n          <div class=\"box-wrapper\"\n              data-id=\"1ec79e42-8215-61b4-abaf-06740b380f04\">\n\n              <div class='time-header' style='visibility: hidden;'>13:45<\/div>\n\n              <div class=\"box\"\n                data-id=\"1ec79e42-8215-61b4-abaf-06740b380f04\"\n                data-project=\"1ec62755-9b51-6318-9c6c-06740b380f04\"\n                data-title=\"Workshop - Digitala m\u00f6tesplatser f\u00f6r dialog - inte bara en teknisk fr\u00e5ga\"\n                data-time=\"13:45-14:15\"\n                data-room=\"Lokal C4 - Workshops\"\n                data-room-id=\"1ec63106-320d-6cfc-a9c6-06740b380f04\"\n                data-room-name=\"Lokal C4 - Workshops\"\n                data-day=\"1\"\n                data-abs-nbr=\"\"\n                data-abs-path=\"\"\n                data-speaker=\"Andreas Wallg\u00e5rd; Petra Dornbusch\"\n                data-speakercell=\"Andreas Wallg\u00e5rd; Petra Dornbusch\"\n                data-info=\"&lt;p&gt;&lt;strong&gt;V&amp;auml;rd:&lt;\/strong&gt; Hei&amp;eth;ar Lind Hansson \ud83c\uddee\ud83c\uddf8&lt;\/p&gt;\n&lt;p&gt;&lt;strong&gt;Digitala m&amp;ouml;tesplatser f&amp;ouml;r dialog - inte bara en teknisk fr&amp;aring;ga&lt;\/strong&gt;, Andreas Wallg&amp;aring;rd \ud83c\uddf8\ud83c\uddea och Petra Dornbusch \ud83c\uddf8\ud83c\uddea&lt;\/p&gt;\n&lt;p&gt;Riksarkivets konferens med de statliga myndigheternas representanter och s&amp;aring; kallade arkivfrukostar d&amp;auml;r Riksarkivet inbj&amp;ouml;d till dialog i samband med den p&amp;aring;g&amp;aring;ende arkivutredningen fick i samband med Corona-pandemin st&amp;auml;llas om till digitala varianter. M&amp;aring;let var att det p&amp;aring;g&amp;aring;ende samtalet med v&amp;aring;ra anv&amp;auml;ndare skulle forts&amp;auml;tta, trots pandemi. Hur s&amp;aring;g resan ut fr&amp;aring;n analogt till digitalt? Vilka har varit l&amp;auml;rdomarna? Vilka vinster och f&amp;ouml;rluster finns n&amp;auml;r aktiviteter byter rum och hur g&amp;aring;r vi vidare?&lt;\/p&gt;&lt;br&gt;&lt;br&gt;&lt;b&gt;Dokument: &lt;\/b&gt;&lt;br&gt;&lt;a href='https:\/\/beyond-production.objects.dc-sto1.glesys.net\/projects\/1ec62755-9b51-6318-9c6c-06740b380f04\/documents\/xCb8XSOQ264u09JvxoAmfTkweji5f8yrBf4jnPGX.pdf' target='_blank'&gt;13.45 Andreas Wallg\u00e5rd &amp; Petra Dornbusch.pdf&lt;\/a&gt;&lt;br&gt;&lt;br&gt;\"\n                data-category=\"Workshop,Effektiv informationshantering\"\n                data-category-ids=\"1255,1251\"\n                data-span-all=\"\"\n              >\n\n              \n\n              <div class=\"vertical_bar\" style=\"background-color: #ced3ff;\"><\/div>\n              <div class=\"box_inner\">\n                                <span>Workshop - Digitala m\u00f6tesplatser f\u00f6r dialog - inte bara en teknisk fr\u00e5ga<\/span>\n               <br>\n               <div class=\"lecturer\"><span>Andreas Wallg\u00e5rd; Petra Dornbusch<\/span><\/div>\n               <div class=\"room_div \">\n                 <i class=\"list-room\">Lokal C4 - Workshops<\/i>\n               <\/div>\n\n               <div class=\"name_time_div\">\n                <i class=\"list-time\" data-time=\"13:45\">13:45-14:15 - Fredag 2 september<\/i>\n               <\/div>\n              <\/div>\n             <\/div>\n          <\/div>\n\n          \n          <div class=\"box-wrapper\"\n              data-id=\"1ec79e22-ecfb-6d86-95d2-06740b380f04\">\n\n              <div class='time-header'>14:15<\/div>\n\n              <div class=\"box\"\n                data-id=\"1ec79e22-ecfb-6d86-95d2-06740b380f04\"\n                data-project=\"1ec62755-9b51-6318-9c6c-06740b380f04\"\n                data-title=\"2.5 Vetenskapliga perspektiv - Anv\u00e4ndningen av otryckt k\u00e4llmaterial i historisk forskning\"\n                data-time=\"14:15-14:45\"\n                data-room=\"Lokal B123 - Webbs\u00e4nds - Plenary\"\n                data-room-id=\"1ec6275b-dcb9-6ab6-b842-06740b380f04\"\n                data-room-name=\"Lokal B123 - Webbs\u00e4nds - Plenary\"\n                data-day=\"1\"\n                data-abs-nbr=\"\"\n                data-abs-path=\"\"\n                data-speaker=\"Erik W\u00e5ngmar\"\n                data-speakercell=\"Erik W\u00e5ngmar\"\n                data-info=\"&lt;p&gt;&lt;strong&gt;Anv&amp;auml;ndningen av otryckt k&amp;auml;llmaterial fr&amp;aring;n arkiv i svensk historisk forskning&lt;\/strong&gt;, Erik W&amp;aring;ngmar \ud83c\uddf8\ud83c\uddea&lt;\/p&gt;\n&lt;p&gt;Erik W&amp;aring;ngmar har bland annat forskat om den minskade anv&amp;auml;ndningen av otryckt k&amp;auml;llmaterial i doktorsavhandlingar och grundutbildningsuppsatser i historia i Sverige 1959-2015. I presentationen diskuteras det faktum att andelen svenska doktorsavhandlingar i historia som anv&amp;auml;nder sig av otryckt k&amp;auml;llmaterial har reducerats fr&amp;aring;n &amp;ouml;ver 90 procent till under 70 procent sedan 2008. Nedg&amp;aring;ngen &amp;auml;r &amp;auml;nnu st&amp;ouml;rre n&amp;auml;r det g&amp;auml;ller uppsatser p&amp;aring; grundutbildningen i historia. Fr&amp;aring;gan &amp;auml;r om en liknande utveckling har &amp;auml;gt rum i de &amp;ouml;vriga nordiska l&amp;auml;nderna och vad man kan g&amp;ouml;ra &amp;aring;t det.&lt;\/p&gt;\n&lt;p&gt;&lt;iframe src=&quot;https:\/\/player.vimeo.com\/video\/755261102?h=44aee13065&quot; width=&quot;640&quot; height=&quot;564&quot; frameborder=&quot;0&quot; allowfullscreen=&quot;&quot;&gt;&lt;\/iframe&gt;&lt;\/p&gt;&lt;br&gt;&lt;br&gt;\"\n                data-category=\"Effektiv informationshantering\"\n                data-category-ids=\"1251\"\n                data-span-all=\"\"\n              >\n\n              \n\n              <div class=\"vertical_bar\" style=\"background-color: #e0929b;\"><\/div>\n              <div class=\"box_inner\">\n                                <span>2.5 Vetenskapliga perspektiv - Anv\u00e4ndningen av otryckt k\u00e4llmaterial i historisk forskning<\/span>\n               <br>\n               <div class=\"lecturer\"><span>Erik W\u00e5ngmar<\/span><\/div>\n               <div class=\"room_div \">\n                 <i class=\"list-room\">Lokal B123 - Webbs\u00e4nds - Plenary<\/i>\n               <\/div>\n\n               <div class=\"name_time_div\">\n                <i class=\"list-time\" data-time=\"14:15\">14:15-14:45 - Fredag 2 september<\/i>\n               <\/div>\n              <\/div>\n             <\/div>\n          <\/div>\n\n          \n          <div class=\"box-wrapper\"\n              data-id=\"1ec79e46-d6e5-64a6-82fa-06740b380f04\">\n\n              <div class='time-header' style='visibility: hidden;'>14:15<\/div>\n\n              <div class=\"box\"\n                data-id=\"1ec79e46-d6e5-64a6-82fa-06740b380f04\"\n                data-project=\"1ec62755-9b51-6318-9c6c-06740b380f04\"\n                data-title=\"Workshop - Lightning talk on democracy\"\n                data-time=\"14:15-14:45\"\n                data-room=\"Lokal C4 - Workshops\"\n                data-room-id=\"1ec63106-320d-6cfc-a9c6-06740b380f04\"\n                data-room-name=\"Lokal C4 - Workshops\"\n                data-day=\"1\"\n                data-abs-nbr=\"\"\n                data-abs-path=\"\"\n                data-speaker=\"Hei\u00f0ar Lind Hansson; Jan Dalsten S\u00f8rensen, Danmark; Hrafnkell L\u00e1russon\"\n                data-speakercell=\"Hei\u00f0ar Lind Hansson; Jan Dalsten S\u00f8rensen, Danmark; Hrafnkell L\u00e1russon\"\n                data-info=\"&lt;p&gt;&lt;strong&gt;V&amp;auml;rd:&lt;\/strong&gt; Hei&amp;eth;ar Lind Hansson \ud83c\uddee\ud83c\uddf8&lt;\/p&gt;\n&lt;p&gt;&lt;strong&gt;Lightning talk on democracy&lt;\/strong&gt;, Hei&amp;eth;ar Lind Hansson \ud83c\uddee\ud83c\uddf8&lt;\/p&gt;\n&lt;p&gt;Heidar Lind Hansson will talk about the lightningtalk format, its charachteristics and how it is in practice.&lt;br \/&gt;&lt;br \/&gt;&lt;\/p&gt;\n&lt;p&gt;&lt;strong&gt;An introduction to the concept and moderates a lightning talk on two topics: &amp;rdquo;Demokrati gennem data&amp;rdquo;&lt;\/strong&gt;, Jan Dalsten S&amp;oslash;rensen \ud83c\udde9\ud83c\uddf0&lt;\/p&gt;\n&lt;p&gt;In her talk, Jan Dalsten S&amp;oslash;rensen will exhibit how the The Danish National Archives shared data in its holdings for voters in the Danish municipal elections of 2021. The data consisted of such material as registers and old surveys but the purpose was to help voters to get a better understanding on politicans, voters, the administration and various public service.&lt;br \/&gt;&lt;br \/&gt;&lt;\/p&gt;\n&lt;p&gt;&lt;strong&gt;&amp;rdquo;Democratic rights and Icelandic parliamentary elections&amp;rdquo;&lt;\/strong&gt;, Hrafnkell L&amp;aacute;russon \ud83c\uddee\ud83c\uddf8&lt;\/p&gt;\n&lt;p&gt;Hrafnkell will talk about the obstacles that faced voters in public ballot parliamentary elections in early 20th century Iceland and how they were overcome. Through various documents in both private and public archives, Hrafnkell was able to study these obstacles and how voters were influenced by others.&lt;\/p&gt;&lt;br&gt;&lt;br&gt;&lt;b&gt;Dokument: &lt;\/b&gt;&lt;br&gt;&lt;a href='https:\/\/beyond-production.objects.dc-sto1.glesys.net\/projects\/1ec62755-9b51-6318-9c6c-06740b380f04\/documents\/UgEDZKWfYx59OZ4gT9rRcmkBlgddks2En4Aox05S.pdf' target='_blank'&gt;14.15 Jan Dalsten S\u00f8rensen.pdf&lt;\/a&gt;&lt;br&gt;&lt;a href='https:\/\/beyond-production.objects.dc-sto1.glesys.net\/projects\/1ec62755-9b51-6318-9c6c-06740b380f04\/documents\/20EVk3bZMxemM0v4A4g7994FjjVijYisEA42SGDr.pdf' target='_blank'&gt;14.15 Hrafnkell L\u00e1russon.pdf&lt;\/a&gt;&lt;br&gt;&lt;a href='https:\/\/beyond-production.objects.dc-sto1.glesys.net\/projects\/1ec62755-9b51-6318-9c6c-06740b380f04\/documents\/DjrZS3s9doHEteoOQUNwAc39ogHSfU6jVHk8ndNC.pdf' target='_blank'&gt;14.15 Hei\u00f0ar Lind Hansson.pdf&lt;\/a&gt;&lt;br&gt;&lt;br&gt;\"\n                data-category=\"Workshop,Effektiv informationshantering\"\n                data-category-ids=\"1255,1251\"\n                data-span-all=\"\"\n              >\n\n              \n\n              <div class=\"vertical_bar\" style=\"background-color: #ced3ff;\"><\/div>\n              <div class=\"box_inner\">\n                                <span>Workshop - Lightning talk on democracy<\/span>\n               <br>\n               <div class=\"lecturer\"><span>Hei\u00f0ar Lind Hansson; Jan Dalsten S\u00f8rensen, Danmark; Hrafnkell L\u00e1russon<\/span><\/div>\n               <div class=\"room_div \">\n                 <i class=\"list-room\">Lokal C4 - Workshops<\/i>\n               <\/div>\n\n               <div class=\"name_time_div\">\n                <i class=\"list-time\" data-time=\"14:15\">14:15-14:45 - Fredag 2 september<\/i>\n               <\/div>\n              <\/div>\n             <\/div>\n          <\/div>\n\n          \n          <div class=\"box-wrapper\"\n              data-id=\"1ec6c811-c3df-6d68-bf72-06740b380f04\">\n\n              <div class='time-header'>14:45<\/div>\n\n              <div class=\"box\"\n                data-id=\"1ec6c811-c3df-6d68-bf72-06740b380f04\"\n                data-project=\"1ec62755-9b51-6318-9c6c-06740b380f04\"\n                data-title=\"Kaffepaus\"\n                data-time=\"14:45-15:15\"\n                data-room=\"Konferensfoaj\u00e9\"\n                data-room-id=\"1ec6c818-5b77-6238-be18-06740b380f04\"\n                data-room-name=\"Konferensfoaj\u00e9\"\n                data-day=\"1\"\n                data-abs-nbr=\"\"\n                data-abs-path=\"\"\n                data-speaker=\"\"\n                data-speakercell=\"\"\n                data-info=\"\"\n                data-category=\"Socialt\"\n                data-category-ids=\"1254\"\n                data-span-all=\"1\"\n              >\n\n              \n\n              <div class=\"vertical_bar\" style=\"background-color: #dddddd;\"><\/div>\n              <div class=\"box_inner\">\n                                <span>Kaffepaus<\/span>\n               <br>\n               \n               <div class=\"room_div \">\n                 <i class=\"list-room\">Konferensfoaj\u00e9<\/i>\n               <\/div>\n\n               <div class=\"name_time_div\">\n                <i class=\"list-time\" data-time=\"14:45\">14:45-15:15 - Fredag 2 september<\/i>\n               <\/div>\n              <\/div>\n             <\/div>\n          <\/div>\n\n          \n          <div class=\"box-wrapper\"\n              data-id=\"1ec6c813-021b-6824-a3c0-06740b380f04\">\n\n              <div class='time-header'>15:15<\/div>\n\n              <div class=\"box\"\n                data-id=\"1ec6c813-021b-6824-a3c0-06740b380f04\"\n                data-project=\"1ec62755-9b51-6318-9c6c-06740b380f04\"\n                data-title=\"Presentation av gemensamt st\u00e4llningstagande\"\n                data-time=\"15:15-15:45\"\n                data-room=\"Lokal B123 - Webbs\u00e4nds - Plenary\"\n                data-room-id=\"1ec6275b-dcb9-6ab6-b842-06740b380f04\"\n                data-room-name=\"Lokal B123 - Webbs\u00e4nds - Plenary\"\n                data-day=\"1\"\n                data-abs-nbr=\"\"\n                data-abs-path=\"\"\n                data-speaker=\"\"\n                data-speakercell=\"\"\n                data-info=\"&lt;p&gt;Panelsamtal med riksarkivarierna.&lt;\/p&gt;\n&lt;p&gt;&lt;iframe src=&quot;https:\/\/player.vimeo.com\/video\/755247618?h=6415562bae&quot; width=&quot;640&quot; height=&quot;564&quot; frameborder=&quot;0&quot; allowfullscreen=&quot;&quot;&gt;&lt;\/iframe&gt;&lt;\/p&gt;&lt;br&gt;&lt;br&gt;&lt;b&gt;Dokument: &lt;\/b&gt;&lt;br&gt;&lt;a href='https:\/\/beyond-production.objects.dc-sto1.glesys.net\/projects\/1ec62755-9b51-6318-9c6c-06740b380f04\/documents\/iBb1rqAvootw12Ed99A10xjBUBgBIH0909dnPKt5.pdf' target='_blank'&gt;Presentation av gemensamt st\u00e4llningstagande.pdf&lt;\/a&gt;&lt;br&gt;&lt;a href='https:\/\/beyond-production.objects.dc-sto1.glesys.net\/projects\/1ec62755-9b51-6318-9c6c-06740b380f04\/documents\/WX3SUg9QYHo3cPwU0TgLvd05avZ9FXmfz7y0u7AE.pdf' target='_blank'&gt;15.15 - Karin \u00c5str\u00f6m Iko - Gemensamt st\u00e4llningstagande-korrigerad.pdf&lt;\/a&gt;&lt;br&gt;&lt;br&gt;\"\n                data-category=\"Gemensamt program\"\n                data-category-ids=\"1250\"\n                data-span-all=\"1\"\n              >\n\n              \n\n              <div class=\"vertical_bar\" style=\"background-color: #c2e798;\"><\/div>\n              <div class=\"box_inner\">\n                                <span>Presentation av gemensamt st\u00e4llningstagande<\/span>\n               <br>\n               \n               <div class=\"room_div \">\n                 <i class=\"list-room\">Lokal B123 - Webbs\u00e4nds - Plenary<\/i>\n               <\/div>\n\n               <div class=\"name_time_div\">\n                <i class=\"list-time\" data-time=\"15:15\">15:15-15:45 - Fredag 2 september<\/i>\n               <\/div>\n              <\/div>\n             <\/div>\n          <\/div>\n\n          \n          <div class=\"box-wrapper\"\n              data-id=\"1ec6c815-22ec-6646-8f37-06740b380f04\">\n\n              <div class='time-header'>15:45<\/div>\n\n              <div class=\"box\"\n                data-id=\"1ec6c815-22ec-6646-8f37-06740b380f04\"\n                data-project=\"1ec62755-9b51-6318-9c6c-06740b380f04\"\n                data-title=\"Konferensen avslutas\"\n                data-time=\"15:45-16:00\"\n                data-room=\"Lokal B123 - Webbs\u00e4nds - Plenary\"\n                data-room-id=\"1ec6275b-dcb9-6ab6-b842-06740b380f04\"\n                data-room-name=\"Lokal B123 - Webbs\u00e4nds - Plenary\"\n                data-day=\"1\"\n                data-abs-nbr=\"\"\n                data-abs-path=\"\"\n                data-speaker=\"\"\n                data-speakercell=\"\"\n                data-info=\"&lt;p&gt;Inbjudan till Nordiska Arkivdagarna 2025 i Norge&lt;\/p&gt;&lt;br&gt;&lt;br&gt;\"\n                data-category=\"Gemensamt program\"\n                data-category-ids=\"1250\"\n                data-span-all=\"1\"\n              >\n\n              \n\n              <div class=\"vertical_bar\" style=\"background-color: #c2e798;\"><\/div>\n              <div class=\"box_inner\">\n                                <span>Konferensen avslutas<\/span>\n               <br>\n               \n               <div class=\"room_div \">\n                 <i class=\"list-room\">Lokal B123 - Webbs\u00e4nds - Plenary<\/i>\n               <\/div>\n\n               <div class=\"name_time_div\">\n                <i class=\"list-time\" data-time=\"15:45\">15:45-16:00 - Fredag 2 september<\/i>\n               <\/div>\n              <\/div>\n             <\/div>\n          <\/div>\n\n          \n          <div class=\"box-wrapper\"\n              data-id=\"1ed22e12-50ad-65bc-92ed-020287552602\">\n\n              <div class='time-header'>16:00<\/div>\n\n              <div class=\"box\"\n                data-id=\"1ed22e12-50ad-65bc-92ed-020287552602\"\n                data-project=\"1ec62755-9b51-6318-9c6c-06740b380f04\"\n                data-title=\"Only digital sessions\"\n                data-time=\"16:00-20:00\"\n                data-room=\"Only digital sessions\"\n                data-room-id=\"1ed22e14-47df-69ba-a91c-020287552602\"\n                data-room-name=\"Only digital sessions\"\n                data-day=\"1\"\n                data-abs-nbr=\"\"\n                data-abs-path=\"\"\n                data-speaker=\"\"\n                data-speakercell=\"\"\n                data-info=\"&lt;h2&gt;Only digital pre-recorded sessions&lt;\/h2&gt;\n&lt;p&gt;Below you will find information about the pre-recorded session that will only be available here on the digital platform.&amp;nbsp;&lt;br \/&gt;&lt;br \/&gt;&lt;\/p&gt;\n&lt;hr \/&gt;\n&lt;h3&gt;&lt;br \/&gt;Bevarande och gallringspolicyn och skyddet av k&amp;auml;nslig information - hur balanseras motstridiga intressen?&lt;\/h3&gt;\n&lt;p&gt;&lt;strong&gt;Tytti Voutilainen, Finland&lt;\/strong&gt;&lt;\/p&gt;\n&lt;p&gt;Tytti Voutilainen &amp;auml;r filosofie magister i Finlands historia vid &amp;Aring;bo universitet. Hon har ocks&amp;aring; studerat informationsforskning vid Tammerfors universitet. Hon har arbetat som arkivarie i &amp;ouml;ver 30 &amp;aring;r: nio &amp;aring;r som landsarkivarie vid S:t Michels l&amp;auml;nsstyrelse och senare som &amp;ouml;verinspekt&amp;ouml;r och direkt&amp;ouml;r vid S:t Michels landsarkiv. Numera &amp;auml;r hon specialsakkunnig vid Riksarkivet inom forsknings- och experttj&amp;auml;nster. Hennes specialiteter &amp;auml;r bevarande och gallring samt arkivteori.&lt;\/p&gt;\n&lt;p&gt;&amp;nbsp;&lt;\/p&gt;\n&lt;p&gt;&lt;strong&gt;Presentationen handlar om:&lt;\/strong&gt;&lt;\/p&gt;\n&lt;p&gt;Fastst&amp;auml;llandet av bevarandev&amp;auml;rde inneb&amp;auml;r ofta avv&amp;auml;gningar mellan motstridiga intressen. Detta g&amp;auml;ller s&amp;auml;rskilt personuppgifter, som till f&amp;ouml;ljd av EU:s dataskyddsf&amp;ouml;rordning har st&amp;auml;llts i fokus f&amp;ouml;r bevarandeanalysen och gallringen. Vid arkiveringen av personuppgifter m&amp;aring;ste man avv&amp;auml;ga deras betydelse med tanke p&amp;aring; &amp;aring;tminstone kulturella r&amp;auml;ttigheter, yttrandefrihet och skyddet f&amp;ouml;r privatlivet. Presentationen beskriver Riksarkivets nya bevarande- och gallringspolicy, som &amp;auml;gnar s&amp;auml;rskild uppm&amp;auml;rksamhet &amp;aring;t arkiveringen av personuppgifter. Presentationen ger exempel p&amp;aring; hur Riksarkivet vid bevarandeanalysen av personuppgifter till&amp;auml;mpat de m&amp;aring;l och kriterier som beskrivs i policydokumentet.&lt;br \/&gt;&lt;br \/&gt;&lt;\/p&gt;\n&lt;hr \/&gt;\n&lt;h3&gt;&lt;br \/&gt;Nationella anskaffningspolitiken i Finland&lt;\/h3&gt;\n&lt;p&gt;&lt;strong&gt;Vuokko Joki, Finland&lt;\/strong&gt;&lt;\/p&gt;\n&lt;p&gt;FM i historia, olika kortare arbetsf&amp;ouml;rh&amp;aring;llanden vid Ule&amp;aring;borgs landsarkiv och Riksarkivet. &amp;Ouml;verinspekt&amp;ouml;r 1988- (tj&amp;auml;nst) och direkt&amp;ouml;r f&amp;ouml;r landsarkivet i Ule&amp;aring;borg 2002 &amp;ndash; 2016. Direkt&amp;ouml;r f&amp;ouml;r privatarkivverksamhet vid Riksarkivet och lokal direkt&amp;ouml;r f&amp;ouml;r verksamhetsst&amp;auml;llet Ule&amp;aring;borg sedan 1.1.2017. Riksarkivets dataskyddsansvarig 2020-&lt;\/p&gt;\n&lt;p&gt;Finlands Hembygdsf&amp;ouml;rbund, fullm&amp;auml;ktigeledamot och specialsakkunnig i arkivfr&amp;aring;gor 2009-;&amp;nbsp; H&amp;aring;llit kurser f&amp;ouml;r hembygdsarkiv sedan slutet av 1980-talet och en av f&amp;ouml;rfattarna till en handbok f&amp;ouml;r dessa arkiv.&lt;\/p&gt;\n&lt;p&gt;&amp;nbsp;&lt;\/p&gt;\n&lt;p&gt;&lt;strong&gt;Presentationen handlar om:&lt;\/strong&gt;&lt;\/p&gt;\n&lt;p&gt;Riksarkivet, 11 s.k. statsunderst&amp;ouml;dsarkiv samt Musikarkivet kom &amp;ouml;verens om en nationell arbetsf&amp;ouml;rdelning &amp;aring;r 2017. Vi g&amp;aring;r mot en utvidgad nationell anskaffningspolitisk arbetsf&amp;ouml;rdelning. I den s.k. tredje v&amp;aring;gen inbjuds special- och regionala museer samt st&amp;ouml;rre st&amp;auml;der att delta. Fr&amp;aring;gor som lyfts fram &amp;auml;r t.ex. digitala och digitaliserade privatarkiv. Har vi p&amp;aring; l&amp;aring;ng sikt endast en minnesorganisation som tar hand om hela kulturarvet? Hur tas material fr&amp;aring;n sociala medier till vara? Har de nya akt&amp;ouml;rerna beredskap att iaktta olika arkivprinciper och har de ekonomiska resurser f&amp;ouml;r verksamheten? Har alla dessa akt&amp;ouml;rer r&amp;auml;tt och m&amp;ouml;jlighet att ur dataskyddslagstiftningens synvinkel agera i arkiveringssyfte i f&amp;ouml;rh&amp;aring;llande till de m&amp;aring;l av allm&amp;auml;nt intresse som efterstr&amp;auml;vas? En ny arkivlag &amp;auml;r under beredning och den ska enligt planerna tr&amp;auml;da i kraft i b&amp;ouml;rjan av 2023, &amp;auml;ven detta kan ha sina verkningar p&amp;aring; den nationella anskaffningspolitiken.&lt;br \/&gt;&lt;br \/&gt;&lt;\/p&gt;\n&lt;hr \/&gt;\n&lt;h3&gt;&lt;br \/&gt;Teaching Archival Studies&lt;\/h3&gt;\n&lt;p&gt;&lt;strong&gt;Helga J&amp;oacute;na Eir&amp;iacute;ksd&amp;oacute;ttir, Iceland&lt;\/strong&gt;&lt;\/p&gt;\n&lt;p&gt;Helga J&amp;oacute;na Eir&amp;iacute;ksd&amp;oacute;ttir is an assistant professor at the University of Iceland and holds a research position at the NAIS. She is a MA in History and holds a MPA degree.&lt;\/p&gt;\n&lt;p&gt;&amp;nbsp;&lt;\/p&gt;\n&lt;p&gt;&lt;strong&gt;The presentation is about:&lt;\/strong&gt;&lt;\/p&gt;\n&lt;p&gt;Archival studies have been taught at the University of Iceland in collaboration with the National Archives of Iceland for the past two decades. For the longest time it has been in the form of elective courses within the history department and available for students at undergraduate level. Few years back it emerged to a 30 ECTS minor program but last year the program was changed into a 30 ECTS postgraduate diploma in Applied Archival Studies. This change opened new possibilities both in teaching and studying archival science. This lecture will draw on the experience of this change and what the future might hold.&lt;br \/&gt;&lt;br \/&gt;&lt;\/p&gt;\n&lt;hr \/&gt;\n&lt;h3&gt;&lt;br \/&gt;Bland myggor och elefanter &amp;ndash; Om enskilda regionala arkiv i kultursamverkansmodellen&lt;\/h3&gt;\n&lt;p&gt;&lt;strong&gt;Kajsa Ravin&lt;\/strong&gt;&lt;\/p&gt;\n&lt;p&gt;Generaldirekt&amp;ouml;r, Kulturr&amp;aring;det.&lt;\/p&gt;\n&lt;p&gt;&amp;nbsp;&lt;\/p&gt;\n&lt;p&gt;&lt;strong&gt;Presentationen handlar om:&lt;\/strong&gt;&lt;\/p&gt;\n&lt;p&gt;Med utg&amp;aring;ngspunkt i rapporten &amp;rdquo;Ett misch-masch av myggor och elefanter&amp;rdquo;, som handlar om arkiv och film i ett regionalt perspektiv, ber&amp;auml;ttar Kajsa Ravin om f&amp;ouml;ruts&amp;auml;ttningar och m&amp;ouml;jligheter f&amp;ouml;r de enskilda regionala arkiven i Kultursamverkansmodellen. Rapporten har tagits fram tillsammans med Riksarkivet och Filminstitutet.&lt;br \/&gt;&lt;br \/&gt;&lt;\/p&gt;\n&lt;hr \/&gt;\n&lt;h3&gt;&lt;br \/&gt;Bevarande och konservering i Azzolino-samlingen - arbete med att r&amp;auml;dda 1600-talshandlingar med skadligt bl&amp;auml;ck&lt;\/h3&gt;\n&lt;p&gt;&lt;strong&gt;Anna Lagerqvist Alidoost&lt;\/strong&gt;&lt;\/p&gt;\n&lt;p&gt;Anna Lagerqvist Alidoost arbetar sedan 2016 som papperskonservator vid Enheten f&amp;ouml;r Bevarandeteknik och konservering p&amp;aring; Riksarkivet och har dessf&amp;ouml;rinnan arbetat vid Stiftelsen F&amp;ouml;rem&amp;aring;lsv&amp;aring;rd i Kiruna samt i den privata sektorn med konservering och restaurering av interi&amp;ouml;rer i bland annat kyrkor. Anna har en fil kand i kulturv&amp;aring;rd med inriktning papperskonservering fr&amp;aring;n G&amp;ouml;teborgs universitet samt en fil kand och master-examen i humaniora med inriktning konstvetenskap fr&amp;aring;n Uppsala universitet. En viktig del av arbetet vid Riksarkivet innefattar studie av j&amp;auml;rngallusbl&amp;auml;ckets ibland fr&amp;auml;tande effekter p&amp;aring; pappershandlingar, samt behandlingen av dem.&lt;\/p&gt;\n&lt;p&gt;&amp;nbsp;&lt;\/p&gt;\n&lt;p&gt;&lt;strong&gt;Presentationen handlar om:&lt;\/strong&gt;&lt;\/p&gt;\n&lt;p&gt;Azzolino-samlingen i Riksarkivet inneh&amp;aring;ller skrifter och brev skrivna av och till drottning Kristina (1626-1689), mellan fr&amp;auml;mst 1655 och 1690, bland annat Kristinas privata brev till v&amp;auml;nnen Decio Azzolino samt egna, handskrivna texter. Handlingarna innefattar cirka tre hyllmeter, ungef&amp;auml;r 5000 handlingar med framf&amp;ouml;r allt handskriven text som i huvudsak &amp;auml;r skriven med j&amp;auml;rngallusbl&amp;auml;ck. J&amp;auml;rngallusbl&amp;auml;cksfr&amp;auml;tning &amp;auml;r en skada som ofta &amp;aring;terfinns i arkiv. I det h&amp;auml;r best&amp;aring;ndet &amp;auml;r vissa centrala delar i s&amp;aring; d&amp;aring;ligt skick att det finns risk f&amp;ouml;r ren informationsf&amp;ouml;rlust d&amp;auml;r hela delar av text kan f&amp;ouml;rloras. Riksarkivet har i flera delprojekt och delvis i samarbete med Riksantikvarie&amp;auml;mbetet unders&amp;ouml;kt best&amp;aring;ndets tillst&amp;aring;nd, analyserat bl&amp;auml;cket och skadebilden samt utarbetat stabiliseringsmetoder f&amp;ouml;r materialet. Med detta som grund har en v&amp;aring;rdplan utformats f&amp;ouml;r att s&amp;auml;kra det l&amp;aring;ngsiktiga bevarandet av handlingarna f&amp;ouml;r framtiden. Denna presentation kommer redog&amp;ouml;ra f&amp;ouml;r det arbetet.&lt;br \/&gt;&lt;br \/&gt;&lt;\/p&gt;\n&lt;hr \/&gt;\n&lt;h3&gt;&lt;br \/&gt;En ny resurs kring Records Management, LVI och digitalisering fr&amp;aring;n NLA&lt;\/h3&gt;\n&lt;p&gt;&lt;strong&gt;N&amp;auml;ringslivets Arkivr&amp;aring;d, NLA&lt;\/strong&gt;&lt;\/p&gt;\n&lt;p&gt;En ideell f&amp;ouml;rening som vill fr&amp;auml;mja rationell dokumenthantering och arkivering inom f&amp;ouml;retag och organisationer och som arbetar genom kunskapsf&amp;ouml;rmedling och n&amp;auml;tverk.&lt;\/p&gt;\n&lt;p&gt;&lt;strong&gt;Tom Sahlen&lt;\/strong&gt;&lt;\/p&gt;\n&lt;p&gt;Tom har en bakgrund som arkivchef i Sundsvalls kommun men har efter 2011 arbetat som egen konsult, numera som underkonsult hos ArkivIT. Han &amp;auml;r en m&amp;aring;ng&amp;aring;rig medarbetare till N&amp;auml;ringslivets arkivr&amp;aring;d, i vars styrelse han nu ing&amp;aring;r. l boken Informationsf&amp;ouml;rvaltning i offentlig och privat sektor (NLA 2016) har han presenterat ett f&amp;ouml;rslag till ramverk f&amp;ouml;r informationsf&amp;ouml;rvaltning enligt ISO 3030.&lt;\/p&gt;\n&lt;p&gt;&amp;nbsp;&lt;\/p&gt;\n&lt;p&gt;&lt;strong&gt;Presentationen handlar om:&lt;\/strong&gt;&lt;\/p&gt;\n&lt;p&gt;NLA kommer under h&amp;ouml;sten att lansera en webplats kring informationsf&amp;ouml;rvaltning och digitalisering med fokus p&amp;aring; Records Management och Ledningsystem f&amp;ouml;r verksamhetsinformation(LVI). Detta f&amp;ouml;redrag beskriver inneh&amp;aring;ll och uppl&amp;auml;gg och hur NLA och redaktionen planerar att erbjuda kunskap och olika tj&amp;auml;nster f&amp;ouml;r att praktiskt utveckla sin verksamhet. Riksarkivet &amp;auml;r medfinansi&amp;auml;r i projektet.&lt;\/p&gt;\n&lt;p&gt;&amp;nbsp;&lt;\/p&gt;\n&lt;hr \/&gt;\n&lt;h3&gt;Film och video - risker och m&amp;ouml;jligheter \/&amp;nbsp;Film and video - risks and opportunities&lt;\/h3&gt;\n&lt;p&gt;&lt;strong&gt;Beskrivning:&lt;\/strong&gt;&lt;\/p&gt;\n&lt;p&gt;Arm&amp;eacute;-, Marin- och Flygfilm (AMF) &amp;auml;r ett av v&amp;auml;rldens &amp;auml;ldsta filmarkiv, grundat 1920, som i sina samlingar har filmer fr&amp;aring;n det sena 1800-talet och fram&amp;aring;t. Hos AMF finns ca. 10 000 titlar. Vi har en l&amp;aring;ng och gedigen kompetens inom film och video - material som kr&amp;auml;ver mycket specifik f&amp;ouml;rvaring och hantering f&amp;ouml;r att kunna bevaras f&amp;ouml;r framtiden. Med hj&amp;auml;lp av modern teknisk utrustning kan vi omvandla gamla film- och videob&amp;auml;rare till dagens digitala format. I filmen presenterar vi de olika audiovisuella materialens vanligaste &amp;aring;ldersrelaterade skador och hanteringsproblematik samt hur man motverkar dessa. Vi visar ocks&amp;aring; vilka m&amp;ouml;jligheter som finns att &amp;aring;terst&amp;auml;lla skadat material. Och&amp;hellip;..inget arkivmaterial skadades under inspelningen&amp;hellip;.&lt;\/p&gt;\n&lt;p&gt;&amp;nbsp;&lt;\/p&gt;\n&lt;p&gt;&lt;strong&gt;Summary:&lt;\/strong&gt;&lt;\/p&gt;\n&lt;p&gt;Army, Navy and Air Force Film (AMF) is one of the world's oldest film archives, founded in 1920, which has in its collections films from the late 19th century onwards. At AMF there are approximately 10,000 titles. We have a long and solid expertise in film and video - material that requires very specific storage and handling in order to be preserved for the future. With the help of modern technical equipment, we can convert old film and video carriers into today's digital formats. In the film, we present the most common age-related damage and handling problems of the various audiovisual materials, as well as how to counteract these. We also show what possibilities there are for restoring damaged material.&lt;\/p&gt;\n&lt;p&gt;And&amp;hellip;..no archival footage was damaged during filming&amp;hellip;.&lt;\/p&gt;\n&lt;hr \/&gt;&lt;br&gt;&lt;br&gt;1: Tytti Voutilainen, Finland: Bevarande och gallringspolicyn och skyddet av k\u00e4nslig information - hur balanseras motstridiga intressen? (Pre recorded video:)&lt;br&gt;&lt;br\/&gt;2: Vuokko Joki, Finland: Nationella anskaffningspolitiken i Finland (Pre recorded video)&lt;br&gt;&lt;br\/&gt;3: Helga J\u00f3na Eir\u00edksd\u00f3ttir, Iceland: Teaching Archival Studies (Pre recorded video9&lt;br&gt;&lt;br\/&gt;4: Kajsa Ravin: Bland myggor och elefanter \u2013 Om enskilda regionala arkiv i kultursamverkansmodellen (Pre recorded video)&lt;br&gt;&lt;br\/&gt;5: Anna Lagerqvist Alidoost: Bevarande och konservering i Azzolino-samlingen - arbete med att r\u00e4dda 1600-talshandlingar med skadligt bl\u00e4ck (Pre recorded video)&lt;br&gt;&lt;br\/&gt;6: Tom Sahlen: En ny resurs kring Records Management, LVI och digitalisering fr\u00e5n NLA (Pre recorded video)&lt;br&gt;&lt;small&gt;Tom Sahl\u00e9n&lt;\/small&gt;&lt;br&gt;&lt;br\/&gt;7: Arm\u00e9-, Marin- och Flygfilm (AMF): Film och video - risker och m\u00f6jligheter \/ Film and video - risks and opportunities ( Pre recorded video)\"\n                data-category=\"Only digital\"\n                data-category-ids=\"1662\"\n                data-span-all=\"1\"\n              >\n\n              \n\n              <div class=\"vertical_bar\" style=\"background-color: #e00063;\"><\/div>\n              <div class=\"box_inner\">\n                                <span>Only digital sessions<\/span>\n               <br>\n               \n               <div class=\"room_div \">\n                 <i class=\"list-room\">Only digital sessions<\/i>\n               <\/div>\n\n               <div class=\"name_time_div\">\n                <i class=\"list-time\" data-time=\"16:00\">16:00-20:00 - Fredag 2 september<\/i>\n               <\/div>\n              <\/div>\n             <\/div>\n          <\/div>\n\n          \n      <\/div>\n\n      <div id=\"scroll-down-for-more\">\n          <i class=\"fa fa-3x fa-chevron-down\" aria-hidden=\"true\"><\/i>\n          <br\/>\n          <span>Scrolla ner f\u00f6r att visa mer<\/span>\n      <\/div>\n\n    <\/div>\n\n    <div id=\"graphical_day_chooser_div\" class=\"row\" style=\"margin-right: 0px; margin-left: 0px; display: none;\">\n\n      \n      <div class=\"col-md-10\" style=\"padding-left: 0px;\">\n       <div class=\"btn-group\" id=\"days-group\">\n\n          <button type=\"button\" class=\"btn btn-default btn_day\" data-day=\"0\" value=\"date_select_0\"\n                  style=\"float: none !important;\"><span class=\"hidden-xs\">Tors<\/span><br class=\"hidden-xs\"><span>1 sep.<\/span><\/button><button type=\"button\" class=\"btn btn-default btn_day\" data-day=\"1\" value=\"date_select_1\"\n                  style=\"float: none !important;\"><span class=\"hidden-xs\">Fre<\/span><br class=\"hidden-xs\"><span>2 sep.<\/span><\/button>\n        <\/div>\n      <\/div>\n    <\/div>\n\n    <div id='scroll-right-container' style='display: none; cursor: pointer; margin-top: 73px; height: 70px; width: 75px; background-color: rgba(130, 130, 130, 0.56); position: relative; float: right; z-index: 10000000; text-align: center;'>\n        <i class=\"fa fa-3x fa-chevron-right\" aria-hidden=\"true\" style=\"color: white; position: absolute; left: 35%; top: 20%;\"><\/i>\n    <\/div>\n\n    <div id='scroll-left-container' style='display: none; cursor: pointer; margin-top: 73px; height: 70px; width: 75px; background-color: rgba(130, 130, 130, 0.56); position: relative; float: left; margin-left: 60px; z-index: 10000000; text-align: center;'>\n        <i class=\"fa fa-3x fa-chevron-left\" aria-hidden=\"true\" style=\"color: white; position: absolute; left: 30%; top: 20%;\"><\/i>\n    <\/div>\n\n    <div id=\"calendar_container\" class=\"dragscroll\" style=\"cursor: move; height: 1000px; background-color: #fcfcfc;px; display: none;\">\n\n\n      \n  \t\t<!-- top bar with date and rooms name -->\n  \t\t<div class=\"xaxis xaxis-extra-new-cms fixed top\">\n  \t      <div id=\"top_left_room_box\" class=\"preroom0 preroom0-extra-new-cms\">\n            <div class=\"room0\">\n                <select style=\"visibility: hidden;\"><\/select>\n    \t      <\/div>\n          <\/div>\n\n  \t      <div class='room_holder room_holder-extra-new-cms' style='width: 290px;' data-room-id=1ec6275b-dcb9-6ab6-b842-06740b380f04 id='preroom_id_1ec6275b-dcb9-6ab6-b842-06740b380f04'><div class='room room-extra-new-cms' style='width: 280px;' data-id=0>Lokal B123 - Webbs\u00e4nds - Plenary<\/div>\n<\/div><div class='room_holder room_holder-extra-new-cms' style='width: 290px;' data-room-id=1ec63105-bf66-66d6-a574-06740b380f04 id='preroom_id_1ec63105-bf66-66d6-a574-06740b380f04'><div class='room room-extra-new-cms' style='width: 280px;' data-id=1>Lokal C1&2 - Parallel sessions<\/div>\n<\/div><div class='room_holder room_holder-extra-new-cms' style='width: 290px;' data-room-id=1eced49a-525f-6e2a-b03a-020287552602 id='preroom_id_1eced49a-525f-6e2a-b03a-020287552602'><div class='room room-extra-new-cms' style='width: 280px;' data-id=2>Lokal C1 - Parallel sessions<\/div>\n<\/div><div class='room_holder room_holder-extra-new-cms' style='width: 290px;' data-room-id=1eced49a-a7d9-6108-b599-020287552602 id='preroom_id_1eced49a-a7d9-6108-b599-020287552602'><div class='room room-extra-new-cms' style='width: 280px;' data-id=3>Lokal C2 - Parallel sessions<\/div>\n<\/div><div class='room_holder room_holder-extra-new-cms' style='width: 290px;' data-room-id=1ec63105-fc5b-62b2-be64-06740b380f04 id='preroom_id_1ec63105-fc5b-62b2-be64-06740b380f04'><div class='room room-extra-new-cms' style='width: 280px;' data-id=4>Lokal C3 - Parallel sessions<\/div>\n<\/div><div class='room_holder room_holder-extra-new-cms' style='width: 290px;' data-room-id=1ec63106-320d-6cfc-a9c6-06740b380f04 id='preroom_id_1ec63106-320d-6cfc-a9c6-06740b380f04'><div class='room room-extra-new-cms' style='width: 280px;' data-id=5>Lokal C4 - Workshops<\/div>\n<\/div><div class='room_holder room_holder-extra-new-cms' style='width: 290px;' data-room-id=1ec6c818-5b77-6238-be18-06740b380f04 id='preroom_id_1ec6c818-5b77-6238-be18-06740b380f04'><div class='room room-extra-new-cms' style='width: 280px;' data-id=6>Konferensfoaj\u00e9<\/div>\n<\/div><div class='room_holder room_holder-extra-new-cms' style='width: 290px;' data-room-id=1ec79e48-6fe7-66f8-b0a8-06740b380f04 id='preroom_id_1ec79e48-6fe7-66f8-b0a8-06740b380f04'><div class='room room-extra-new-cms' style='width: 280px;' data-id=7>Bankettsalen<\/div>\n<\/div><div class='room_holder room_holder-extra-new-cms' style='width: 290px;' data-room-id=1ed22e14-47df-69ba-a91c-020287552602 id='preroom_id_1ed22e14-47df-69ba-a91c-020287552602'><div class='room room-extra-new-cms' style='width: 280px;' data-id=8>Only digital sessions<\/div>\n<\/div>\n      <\/div>\n            \n      <div class='vertical-schedule-line' data-room-id='1ec6275b-dcb9-6ab6-b842-06740b380f04' style='left: 350px; height: 100%;'><\/div><div class='vertical-schedule-line' data-room-id='1ec63105-bf66-66d6-a574-06740b380f04' style='left: 640px; height: 100%;'><\/div><div class='vertical-schedule-line' data-room-id='1eced49a-525f-6e2a-b03a-020287552602' style='left: 930px; height: 100%;'><\/div><div class='vertical-schedule-line' data-room-id='1eced49a-a7d9-6108-b599-020287552602' style='left: 1220px; height: 100%;'><\/div><div class='vertical-schedule-line' data-room-id='1ec63105-fc5b-62b2-be64-06740b380f04' style='left: 1510px; height: 100%;'><\/div><div class='vertical-schedule-line' data-room-id='1ec63106-320d-6cfc-a9c6-06740b380f04' style='left: 1800px; height: 100%;'><\/div><div class='vertical-schedule-line' data-room-id='1ec6c818-5b77-6238-be18-06740b380f04' style='left: 2090px; height: 100%;'><\/div><div class='vertical-schedule-line' data-room-id='1ec79e48-6fe7-66f8-b0a8-06740b380f04' style='left: 2380px; height: 100%;'><\/div><div class='vertical-schedule-line' data-room-id='1ed22e14-47df-69ba-a91c-020287552602' style='left: 2670px; height: 100%;'><\/div>\n      <div id='time_0' name='visible_0' data-day='0' class='yaxis major time_all time_0 major-new-cms data-time='0700' style='top: 61px; display: block;'>\n                <div class='yaxistime yaxistime-extra-new-cms'><div class='yaxistext yaxistext-extra-new-cms'>07:00\n<\/div><\/div><\/div><div id = 'time_0' name='visible_1' data-day='0' class='yaxis time_all time_0' data-time='0708' style='top: 81px; display: block;'>\n                <div class='yaxistime yaxistime-extra-new-cms'>&nbsp;<\/div><\/div><div id = 'time_0' name='visible_2' data-day='0' class='yaxis time_all time_0' data-time='0716' style='top: 101px; display: block;'>\n                <div class='yaxistime yaxistime-extra-new-cms'>&nbsp;<\/div><\/div><div id = 'time_0' name='visible_3' data-day='0' class='yaxis time_all time_0' data-time='0724' style='top: 121px; display: block;'>\n                <div class='yaxistime yaxistime-extra-new-cms'>&nbsp;<\/div><\/div><div id='time_0' name='visible_4' data-day='0' class='yaxis time_all time_0' data-time='0732' style='top: 141px; display: block;'>\n                <div class='yaxistime yaxistime-extra-new-cms half-hour-new-cms'><div class='yaxistext-minor yaxistext-minor-extra-new-cms'>07:30\n<\/div><\/div><\/div><div id = 'time_0' name='visible_5' data-day='0' class='yaxis time_all time_0' data-time='0740' style='top: 161px; display: block;'>\n                <div class='yaxistime yaxistime-extra-new-cms'>&nbsp;<\/div><\/div><div id = 'time_0' name='visible_6' data-day='0' class='yaxis time_all time_0' data-time='0748' style='top: 181px; display: block;'>\n                <div class='yaxistime yaxistime-extra-new-cms'>&nbsp;<\/div><\/div><div id = 'time_0' name='visible_7' data-day='0' class='yaxis time_all time_0' data-time='0756' style='top: 201px; display: block;'>\n                <div class='yaxistime yaxistime-extra-new-cms'>&nbsp;<\/div><\/div><div id='time_0' name='visible_8' data-day='0' class='yaxis major time_all time_0 major-new-cms data-time='0800' style='top: 211px; display: block;'>\n                <div class='yaxistime yaxistime-extra-new-cms'><div class='yaxistext yaxistext-extra-new-cms'>08:00\n<\/div><\/div><\/div><div id = 'time_0' name='visible_9' data-day='0' class='yaxis time_all time_0' data-time='0808' style='top: 231px; display: block;'>\n                <div class='yaxistime yaxistime-extra-new-cms'>&nbsp;<\/div><\/div><div id = 'time_0' name='visible_10' data-day='0' class='yaxis time_all time_0' data-time='0816' style='top: 251px; display: block;'>\n                <div class='yaxistime yaxistime-extra-new-cms'>&nbsp;<\/div><\/div><div id = 'time_0' name='visible_11' data-day='0' class='yaxis time_all time_0' data-time='0824' style='top: 271px; display: block;'>\n                <div class='yaxistime yaxistime-extra-new-cms'>&nbsp;<\/div><\/div><div id='time_0' name='visible_12' data-day='0' class='yaxis time_all time_0' data-time='0832' style='top: 291px; display: block;'>\n                <div class='yaxistime yaxistime-extra-new-cms half-hour-new-cms'><div class='yaxistext-minor yaxistext-minor-extra-new-cms'>08:30\n<\/div><\/div><\/div><div id = 'time_0' name='visible_13' data-day='0' class='yaxis time_all time_0' data-time='0840' style='top: 311px; display: block;'>\n                <div class='yaxistime yaxistime-extra-new-cms'>&nbsp;<\/div><\/div><div id = 'time_0' name='visible_14' data-day='0' class='yaxis time_all time_0' data-time='0848' style='top: 331px; display: block;'>\n                <div class='yaxistime yaxistime-extra-new-cms'>&nbsp;<\/div><\/div><div id = 'time_0' name='visible_15' data-day='0' class='yaxis time_all time_0' data-time='0856' style='top: 351px; display: block;'>\n                <div class='yaxistime yaxistime-extra-new-cms'>&nbsp;<\/div><\/div><div id='time_0' name='visible_16' data-day='0' class='yaxis major time_all time_0 major-new-cms data-time='0900' style='top: 361px; display: block;'>\n                <div class='yaxistime yaxistime-extra-new-cms'><div class='yaxistext yaxistext-extra-new-cms'>09:00\n<\/div><\/div><\/div><div id = 'time_0' name='visible_17' data-day='0' class='yaxis time_all time_0' data-time='0908' style='top: 381px; display: block;'>\n                <div class='yaxistime yaxistime-extra-new-cms'>&nbsp;<\/div><\/div><div id = 'time_0' name='visible_18' data-day='0' class='yaxis time_all time_0' data-time='0916' style='top: 401px; display: block;'>\n                <div class='yaxistime yaxistime-extra-new-cms'>&nbsp;<\/div><\/div><div id = 'time_0' name='visible_19' data-day='0' class='yaxis time_all time_0' data-time='0924' style='top: 421px; display: block;'>\n                <div class='yaxistime yaxistime-extra-new-cms'>&nbsp;<\/div><\/div><div id='time_0' name='visible_20' data-day='0' class='yaxis time_all time_0' data-time='0932' style='top: 441px; display: block;'>\n                <div class='yaxistime yaxistime-extra-new-cms half-hour-new-cms'><div class='yaxistext-minor yaxistext-minor-extra-new-cms'>09:30\n<\/div><\/div><\/div><div id = 'time_0' name='visible_21' data-day='0' class='yaxis time_all time_0' data-time='0940' style='top: 461px; display: block;'>\n                <div class='yaxistime yaxistime-extra-new-cms'>&nbsp;<\/div><\/div><div id = 'time_0' name='visible_22' data-day='0' class='yaxis time_all time_0' data-time='0948' style='top: 481px; display: block;'>\n                <div class='yaxistime yaxistime-extra-new-cms'>&nbsp;<\/div><\/div><div id = 'time_0' name='visible_23' data-day='0' class='yaxis time_all time_0' data-time='0956' style='top: 501px; display: block;'>\n                <div class='yaxistime yaxistime-extra-new-cms'>&nbsp;<\/div><\/div><div id='time_0' name='visible_24' data-day='0' class='yaxis major time_all time_0 major-new-cms data-time='1000' style='top: 511px; display: block;'>\n                <div class='yaxistime yaxistime-extra-new-cms'><div class='yaxistext yaxistext-extra-new-cms'>10:00\n<\/div><\/div><\/div><div id = 'time_0' name='visible_25' data-day='0' class='yaxis time_all time_0' data-time='1008' style='top: 531px; display: block;'>\n                <div class='yaxistime yaxistime-extra-new-cms'>&nbsp;<\/div><\/div><div id = 'time_0' name='visible_26' data-day='0' class='yaxis time_all time_0' data-time='1016' style='top: 551px; display: block;'>\n                <div class='yaxistime yaxistime-extra-new-cms'>&nbsp;<\/div><\/div><div id = 'time_0' name='visible_27' data-day='0' class='yaxis time_all time_0' data-time='1024' style='top: 571px; display: block;'>\n                <div class='yaxistime yaxistime-extra-new-cms'>&nbsp;<\/div><\/div><div id='time_0' name='visible_28' data-day='0' class='yaxis time_all time_0' data-time='1032' style='top: 591px; display: block;'>\n                <div class='yaxistime yaxistime-extra-new-cms half-hour-new-cms'><div class='yaxistext-minor yaxistext-minor-extra-new-cms'>10:30\n<\/div><\/div><\/div><div id = 'time_0' name='visible_29' data-day='0' class='yaxis time_all time_0' data-time='1040' style='top: 611px; display: block;'>\n                <div class='yaxistime yaxistime-extra-new-cms'>&nbsp;<\/div><\/div><div id = 'time_0' name='visible_30' data-day='0' class='yaxis time_all time_0' data-time='1048' style='top: 631px; display: block;'>\n                <div class='yaxistime yaxistime-extra-new-cms'>&nbsp;<\/div><\/div><div id = 'time_0' name='visible_31' data-day='0' class='yaxis time_all time_0' data-time='1056' style='top: 651px; display: block;'>\n                <div class='yaxistime yaxistime-extra-new-cms'>&nbsp;<\/div><\/div><div id='time_0' name='visible_32' data-day='0' class='yaxis major time_all time_0 major-new-cms data-time='1100' style='top: 661px; display: block;'>\n                <div class='yaxistime yaxistime-extra-new-cms'><div class='yaxistext yaxistext-extra-new-cms'>11:00\n<\/div><\/div><\/div><div id = 'time_0' name='visible_33' data-day='0' class='yaxis time_all time_0' data-time='1108' style='top: 681px; display: block;'>\n                <div class='yaxistime yaxistime-extra-new-cms'>&nbsp;<\/div><\/div><div id = 'time_0' name='visible_34' data-day='0' class='yaxis time_all time_0' data-time='1116' style='top: 701px; display: block;'>\n                <div class='yaxistime yaxistime-extra-new-cms'>&nbsp;<\/div><\/div><div id = 'time_0' name='visible_35' data-day='0' class='yaxis time_all time_0' data-time='1124' style='top: 721px; display: block;'>\n                <div class='yaxistime yaxistime-extra-new-cms'>&nbsp;<\/div><\/div><div id='time_0' name='visible_36' data-day='0' class='yaxis time_all time_0' data-time='1132' style='top: 741px; display: block;'>\n                <div class='yaxistime yaxistime-extra-new-cms half-hour-new-cms'><div class='yaxistext-minor yaxistext-minor-extra-new-cms'>11:30\n<\/div><\/div><\/div><div id = 'time_0' name='visible_37' data-day='0' class='yaxis time_all time_0' data-time='1140' style='top: 761px; display: block;'>\n                <div class='yaxistime yaxistime-extra-new-cms'>&nbsp;<\/div><\/div><div id = 'time_0' name='visible_38' data-day='0' class='yaxis time_all time_0' data-time='1148' style='top: 781px; display: block;'>\n                <div class='yaxistime yaxistime-extra-new-cms'>&nbsp;<\/div><\/div><div id = 'time_0' name='visible_39' data-day='0' class='yaxis time_all time_0' data-time='1156' style='top: 801px; display: block;'>\n                <div class='yaxistime yaxistime-extra-new-cms'>&nbsp;<\/div><\/div><div id='time_0' name='visible_40' data-day='0' class='yaxis major time_all time_0 major-new-cms data-time='1200' style='top: 811px; display: block;'>\n                <div class='yaxistime yaxistime-extra-new-cms'><div class='yaxistext yaxistext-extra-new-cms'>12:00\n<\/div><\/div><\/div><div id = 'time_0' name='visible_41' data-day='0' class='yaxis time_all time_0' data-time='1208' style='top: 831px; display: block;'>\n                <div class='yaxistime yaxistime-extra-new-cms'>&nbsp;<\/div><\/div><div id = 'time_0' name='visible_42' data-day='0' class='yaxis time_all time_0' data-time='1216' style='top: 851px; display: block;'>\n                <div class='yaxistime yaxistime-extra-new-cms'>&nbsp;<\/div><\/div><div id = 'time_0' name='visible_43' data-day='0' class='yaxis time_all time_0' data-time='1224' style='top: 871px; display: block;'>\n                <div class='yaxistime yaxistime-extra-new-cms'>&nbsp;<\/div><\/div><div id='time_0' name='visible_44' data-day='0' class='yaxis time_all time_0' data-time='1232' style='top: 891px; display: block;'>\n                <div class='yaxistime yaxistime-extra-new-cms half-hour-new-cms'><div class='yaxistext-minor yaxistext-minor-extra-new-cms'>12:30\n<\/div><\/div><\/div><div id = 'time_0' name='visible_45' data-day='0' class='yaxis time_all time_0' data-time='1240' style='top: 911px; display: block;'>\n                <div class='yaxistime yaxistime-extra-new-cms'>&nbsp;<\/div><\/div><div id = 'time_0' name='visible_46' data-day='0' class='yaxis time_all time_0' data-time='1248' style='top: 931px; display: block;'>\n                <div class='yaxistime yaxistime-extra-new-cms'>&nbsp;<\/div><\/div><div id = 'time_0' name='visible_47' data-day='0' class='yaxis time_all time_0' data-time='1256' style='top: 951px; display: block;'>\n                <div class='yaxistime yaxistime-extra-new-cms'>&nbsp;<\/div><\/div><div id='time_0' name='visible_48' data-day='0' class='yaxis major time_all time_0 major-new-cms data-time='1300' style='top: 961px; display: block;'>\n                <div class='yaxistime yaxistime-extra-new-cms'><div class='yaxistext yaxistext-extra-new-cms'>13:00\n<\/div><\/div><\/div><div id = 'time_0' name='visible_49' data-day='0' class='yaxis time_all time_0' data-time='1308' style='top: 981px; display: block;'>\n                <div class='yaxistime yaxistime-extra-new-cms'>&nbsp;<\/div><\/div><div id = 'time_0' name='visible_50' data-day='0' class='yaxis time_all time_0' data-time='1316' style='top: 1001px; display: block;'>\n                <div class='yaxistime yaxistime-extra-new-cms'>&nbsp;<\/div><\/div><div id = 'time_0' name='visible_51' data-day='0' class='yaxis time_all time_0' data-time='1324' style='top: 1021px; display: block;'>\n                <div class='yaxistime yaxistime-extra-new-cms'>&nbsp;<\/div><\/div><div id='time_0' name='visible_52' data-day='0' class='yaxis time_all time_0' data-time='1332' style='top: 1041px; display: block;'>\n                <div class='yaxistime yaxistime-extra-new-cms half-hour-new-cms'><div class='yaxistext-minor yaxistext-minor-extra-new-cms'>13:30\n<\/div><\/div><\/div><div id = 'time_0' name='visible_53' data-day='0' class='yaxis time_all time_0' data-time='1340' style='top: 1061px; display: block;'>\n                <div class='yaxistime yaxistime-extra-new-cms'>&nbsp;<\/div><\/div><div id = 'time_0' name='visible_54' data-day='0' class='yaxis time_all time_0' data-time='1348' style='top: 1081px; display: block;'>\n                <div class='yaxistime yaxistime-extra-new-cms'>&nbsp;<\/div><\/div><div id = 'time_0' name='visible_55' data-day='0' class='yaxis time_all time_0' data-time='1356' style='top: 1101px; display: block;'>\n                <div class='yaxistime yaxistime-extra-new-cms'>&nbsp;<\/div><\/div><div id='time_0' name='visible_56' data-day='0' class='yaxis major time_all time_0 major-new-cms data-time='1400' style='top: 1111px; display: block;'>\n                <div class='yaxistime yaxistime-extra-new-cms'><div class='yaxistext yaxistext-extra-new-cms'>14:00\n<\/div><\/div><\/div><div id = 'time_0' name='visible_57' data-day='0' class='yaxis time_all time_0' data-time='1408' style='top: 1131px; display: block;'>\n                <div class='yaxistime yaxistime-extra-new-cms'>&nbsp;<\/div><\/div><div id = 'time_0' name='visible_58' data-day='0' class='yaxis time_all time_0' data-time='1416' style='top: 1151px; display: block;'>\n                <div class='yaxistime yaxistime-extra-new-cms'>&nbsp;<\/div><\/div><div id = 'time_0' name='visible_59' data-day='0' class='yaxis time_all time_0' data-time='1424' style='top: 1171px; display: block;'>\n                <div class='yaxistime yaxistime-extra-new-cms'>&nbsp;<\/div><\/div><div id='time_0' name='visible_60' data-day='0' class='yaxis time_all time_0' data-time='1432' style='top: 1191px; display: block;'>\n                <div class='yaxistime yaxistime-extra-new-cms half-hour-new-cms'><div class='yaxistext-minor yaxistext-minor-extra-new-cms'>14:30\n<\/div><\/div><\/div><div id = 'time_0' name='visible_61' data-day='0' class='yaxis time_all time_0' data-time='1440' style='top: 1211px; display: block;'>\n                <div class='yaxistime yaxistime-extra-new-cms'>&nbsp;<\/div><\/div><div id = 'time_0' name='visible_62' data-day='0' class='yaxis time_all time_0' data-time='1448' style='top: 1231px; display: block;'>\n                <div class='yaxistime yaxistime-extra-new-cms'>&nbsp;<\/div><\/div><div id = 'time_0' name='visible_63' data-day='0' class='yaxis time_all time_0' data-time='1456' style='top: 1251px; display: block;'>\n                <div class='yaxistime yaxistime-extra-new-cms'>&nbsp;<\/div><\/div><div id='time_0' name='visible_64' data-day='0' class='yaxis major time_all time_0 major-new-cms data-time='1500' style='top: 1261px; display: block;'>\n                <div class='yaxistime yaxistime-extra-new-cms'><div class='yaxistext yaxistext-extra-new-cms'>15:00\n<\/div><\/div><\/div><div id = 'time_0' name='visible_65' data-day='0' class='yaxis time_all time_0' data-time='1508' style='top: 1281px; display: block;'>\n                <div class='yaxistime yaxistime-extra-new-cms'>&nbsp;<\/div><\/div><div id = 'time_0' name='visible_66' data-day='0' class='yaxis time_all time_0' data-time='1516' style='top: 1301px; display: block;'>\n                <div class='yaxistime yaxistime-extra-new-cms'>&nbsp;<\/div><\/div><div id = 'time_0' name='visible_67' data-day='0' class='yaxis time_all time_0' data-time='1524' style='top: 1321px; display: block;'>\n                <div class='yaxistime yaxistime-extra-new-cms'>&nbsp;<\/div><\/div><div id='time_0' name='visible_68' data-day='0' class='yaxis time_all time_0' data-time='1532' style='top: 1341px; display: block;'>\n                <div class='yaxistime yaxistime-extra-new-cms half-hour-new-cms'><div class='yaxistext-minor yaxistext-minor-extra-new-cms'>15:30\n<\/div><\/div><\/div><div id = 'time_0' name='visible_69' data-day='0' class='yaxis time_all time_0' data-time='1540' style='top: 1361px; display: block;'>\n                <div class='yaxistime yaxistime-extra-new-cms'>&nbsp;<\/div><\/div><div id = 'time_0' name='visible_70' data-day='0' class='yaxis time_all time_0' data-time='1548' style='top: 1381px; display: block;'>\n                <div class='yaxistime yaxistime-extra-new-cms'>&nbsp;<\/div><\/div><div id = 'time_0' name='visible_71' data-day='0' class='yaxis time_all time_0' data-time='1556' style='top: 1401px; display: block;'>\n                <div class='yaxistime yaxistime-extra-new-cms'>&nbsp;<\/div><\/div><div id='time_0' name='visible_72' data-day='0' class='yaxis major time_all time_0 major-new-cms data-time='1600' style='top: 1411px; display: block;'>\n                <div class='yaxistime yaxistime-extra-new-cms'><div class='yaxistext yaxistext-extra-new-cms'>16:00\n<\/div><\/div><\/div><div id = 'time_0' name='visible_73' data-day='0' class='yaxis time_all time_0' data-time='1608' style='top: 1431px; display: block;'>\n                <div class='yaxistime yaxistime-extra-new-cms'>&nbsp;<\/div><\/div><div id = 'time_0' name='visible_74' data-day='0' class='yaxis time_all time_0' data-time='1616' style='top: 1451px; display: block;'>\n                <div class='yaxistime yaxistime-extra-new-cms'>&nbsp;<\/div><\/div><div id = 'time_0' name='visible_75' data-day='0' class='yaxis time_all time_0' data-time='1624' style='top: 1471px; display: block;'>\n                <div class='yaxistime yaxistime-extra-new-cms'>&nbsp;<\/div><\/div><div id='time_0' name='visible_76' data-day='0' class='yaxis time_all time_0' data-time='1632' style='top: 1491px; display: block;'>\n                <div class='yaxistime yaxistime-extra-new-cms half-hour-new-cms'><div class='yaxistext-minor yaxistext-minor-extra-new-cms'>16:30\n<\/div><\/div><\/div><div id = 'time_0' name='visible_77' data-day='0' class='yaxis time_all time_0' data-time='1640' style='top: 1511px; display: block;'>\n                <div class='yaxistime yaxistime-extra-new-cms'>&nbsp;<\/div><\/div><div id = 'time_0' name='visible_78' data-day='0' class='yaxis time_all time_0' data-time='1648' style='top: 1531px; display: block;'>\n                <div class='yaxistime yaxistime-extra-new-cms'>&nbsp;<\/div><\/div><div id = 'time_0' name='visible_79' data-day='0' class='yaxis time_all time_0' data-time='1656' style='top: 1551px; display: block;'>\n                <div class='yaxistime yaxistime-extra-new-cms'>&nbsp;<\/div><\/div><div id='time_0' name='visible_80' data-day='0' class='yaxis major time_all time_0 major-new-cms data-time='1700' style='top: 1561px; display: block;'>\n                <div class='yaxistime yaxistime-extra-new-cms'><div class='yaxistext yaxistext-extra-new-cms'>17:00\n<\/div><\/div><\/div><div id = 'time_0' name='visible_81' data-day='0' class='yaxis time_all time_0' data-time='1708' style='top: 1581px; display: block;'>\n                <div class='yaxistime yaxistime-extra-new-cms'>&nbsp;<\/div><\/div><div id = 'time_0' name='visible_82' data-day='0' class='yaxis time_all time_0' data-time='1716' style='top: 1601px; display: block;'>\n                <div class='yaxistime yaxistime-extra-new-cms'>&nbsp;<\/div><\/div><div id = 'time_0' name='visible_83' data-day='0' class='yaxis time_all time_0' data-time='1724' style='top: 1621px; display: block;'>\n                <div class='yaxistime yaxistime-extra-new-cms'>&nbsp;<\/div><\/div><div id='time_0' name='visible_84' data-day='0' class='yaxis time_all time_0' data-time='1732' style='top: 1641px; display: block;'>\n                <div class='yaxistime yaxistime-extra-new-cms half-hour-new-cms'><div class='yaxistext-minor yaxistext-minor-extra-new-cms'>17:30\n<\/div><\/div><\/div><div id = 'time_0' name='visible_85' data-day='0' class='yaxis time_all time_0' data-time='1740' style='top: 1661px; display: block;'>\n                <div class='yaxistime yaxistime-extra-new-cms'>&nbsp;<\/div><\/div><div id = 'time_0' name='visible_86' data-day='0' class='yaxis time_all time_0' data-time='1748' style='top: 1681px; display: block;'>\n                <div class='yaxistime yaxistime-extra-new-cms'>&nbsp;<\/div><\/div><div id = 'time_0' name='visible_87' data-day='0' class='yaxis time_all time_0' data-time='1756' style='top: 1701px; display: block;'>\n                <div class='yaxistime yaxistime-extra-new-cms'>&nbsp;<\/div><\/div><div id='time_0' name='visible_88' data-day='0' class='yaxis major time_all time_0 major-new-cms data-time='1800' style='top: 1711px; display: block;'>\n                <div class='yaxistime yaxistime-extra-new-cms'><div class='yaxistext yaxistext-extra-new-cms'>18:00\n<\/div><\/div><\/div><div id = 'time_0' name='visible_89' data-day='0' class='yaxis time_all time_0' data-time='1808' style='top: 1731px; display: block;'>\n                <div class='yaxistime yaxistime-extra-new-cms'>&nbsp;<\/div><\/div><div id = 'time_0' name='visible_90' data-day='0' class='yaxis time_all time_0' data-time='1816' style='top: 1751px; display: block;'>\n                <div class='yaxistime yaxistime-extra-new-cms'>&nbsp;<\/div><\/div><div id = 'time_0' name='visible_91' data-day='0' class='yaxis time_all time_0' data-time='1824' style='top: 1771px; display: block;'>\n                <div class='yaxistime yaxistime-extra-new-cms'>&nbsp;<\/div><\/div><div id='time_0' name='visible_92' data-day='0' class='yaxis time_all time_0' data-time='1832' style='top: 1791px; display: block;'>\n                <div class='yaxistime yaxistime-extra-new-cms half-hour-new-cms'><div class='yaxistext-minor yaxistext-minor-extra-new-cms'>18:30\n<\/div><\/div><\/div><div id = 'time_0' name='visible_93' data-day='0' class='yaxis time_all time_0' data-time='1840' style='top: 1811px; display: block;'>\n                <div class='yaxistime yaxistime-extra-new-cms'>&nbsp;<\/div><\/div><div id = 'time_0' name='visible_94' data-day='0' class='yaxis time_all time_0' data-time='1848' style='top: 1831px; display: block;'>\n                <div class='yaxistime yaxistime-extra-new-cms'>&nbsp;<\/div><\/div><div id = 'time_0' name='visible_95' data-day='0' class='yaxis time_all time_0' data-time='1856' style='top: 1851px; display: block;'>\n                <div class='yaxistime yaxistime-extra-new-cms'>&nbsp;<\/div><\/div><div id='time_0' name='visible_96' data-day='0' class='yaxis major time_all time_0 major-new-cms data-time='1900' style='top: 1861px; display: block;'>\n                <div class='yaxistime yaxistime-extra-new-cms'><div class='yaxistext yaxistext-extra-new-cms'>19:00\n<\/div><\/div><\/div><div id = 'time_0' name='visible_97' data-day='0' class='yaxis time_all time_0' data-time='1908' style='top: 1881px; display: block;'>\n                <div class='yaxistime yaxistime-extra-new-cms'>&nbsp;<\/div><\/div><div id = 'time_0' name='visible_98' data-day='0' class='yaxis time_all time_0' data-time='1916' style='top: 1901px; display: block;'>\n                <div class='yaxistime yaxistime-extra-new-cms'>&nbsp;<\/div><\/div><div id = 'time_0' name='visible_99' data-day='0' class='yaxis time_all time_0' data-time='1924' style='top: 1921px; display: block;'>\n                <div class='yaxistime yaxistime-extra-new-cms'>&nbsp;<\/div><\/div><div id='time_0' name='visible_100' data-day='0' class='yaxis time_all time_0' data-time='1932' style='top: 1941px; display: block;'>\n                <div class='yaxistime yaxistime-extra-new-cms half-hour-new-cms'><div class='yaxistext-minor yaxistext-minor-extra-new-cms'>19:30\n<\/div><\/div><\/div><div id = 'time_0' name='visible_101' data-day='0' class='yaxis time_all time_0' data-time='1940' style='top: 1961px; display: block;'>\n                <div class='yaxistime yaxistime-extra-new-cms'>&nbsp;<\/div><\/div><div id = 'time_0' name='visible_102' data-day='0' class='yaxis time_all time_0' data-time='1948' style='top: 1981px; display: block;'>\n                <div class='yaxistime yaxistime-extra-new-cms'>&nbsp;<\/div><\/div><div id = 'time_0' name='visible_103' data-day='0' class='yaxis time_all time_0' data-time='1956' style='top: 2001px; display: block;'>\n                <div class='yaxistime yaxistime-extra-new-cms'>&nbsp;<\/div><\/div><div id='time_0' name='visible_104' data-day='0' class='yaxis major time_all time_0 major-new-cms data-time='2000' style='top: 2011px; display: block;'>\n                <div class='yaxistime yaxistime-extra-new-cms'><div class='yaxistext yaxistext-extra-new-cms'>20:00\n<\/div><\/div><\/div><div id = 'time_0' name='visible_105' data-day='0' class='yaxis time_all time_0' data-time='2008' style='top: 2031px; display: block;'>\n                <div class='yaxistime yaxistime-extra-new-cms'>&nbsp;<\/div><\/div><div id = 'time_0' name='visible_106' data-day='0' class='yaxis time_all time_0' data-time='2016' style='top: 2051px; display: block;'>\n                <div class='yaxistime yaxistime-extra-new-cms'>&nbsp;<\/div><\/div><div id = 'time_0' name='visible_107' data-day='0' class='yaxis time_all time_0' data-time='2024' style='top: 2071px; display: block;'>\n                <div class='yaxistime yaxistime-extra-new-cms'>&nbsp;<\/div><\/div><div id='time_0' name='visible_108' data-day='0' class='yaxis time_all time_0' data-time='2032' style='top: 2091px; display: block;'>\n                <div class='yaxistime yaxistime-extra-new-cms half-hour-new-cms'><div class='yaxistext-minor yaxistext-minor-extra-new-cms'>20:30\n<\/div><\/div><\/div><div id = 'time_0' name='visible_109' data-day='0' class='yaxis time_all time_0' data-time='2040' style='top: 2111px; display: block;'>\n                <div class='yaxistime yaxistime-extra-new-cms'>&nbsp;<\/div><\/div><div id = 'time_0' name='visible_110' data-day='0' class='yaxis time_all time_0' data-time='2048' style='top: 2131px; display: block;'>\n                <div class='yaxistime yaxistime-extra-new-cms'>&nbsp;<\/div><\/div><div id = 'time_0' name='visible_111' data-day='0' class='yaxis time_all time_0' data-time='2056' style='top: 2151px; display: block;'>\n                <div class='yaxistime yaxistime-extra-new-cms'>&nbsp;<\/div><\/div><div id='time_0' name='visible_112' data-day='0' class='yaxis major time_all time_0 major-new-cms data-time='2100' style='top: 2161px; display: block;'>\n                <div class='yaxistime yaxistime-extra-new-cms'><div class='yaxistext yaxistext-extra-new-cms'>21:00\n<\/div><\/div><\/div><div id = 'time_0' name='visible_113' data-day='0' class='yaxis time_all time_0' data-time='2108' style='top: 2181px; display: block;'>\n                <div class='yaxistime yaxistime-extra-new-cms'>&nbsp;<\/div><\/div><div id = 'time_0' name='visible_114' data-day='0' class='yaxis time_all time_0' data-time='2116' style='top: 2201px; display: block;'>\n                <div class='yaxistime yaxistime-extra-new-cms'>&nbsp;<\/div><\/div><div id = 'time_0' name='visible_115' data-day='0' class='yaxis time_all time_0' data-time='2124' style='top: 2221px; display: block;'>\n                <div class='yaxistime yaxistime-extra-new-cms'>&nbsp;<\/div><\/div><div id='time_0' name='visible_116' data-day='0' class='yaxis time_all time_0' data-time='2132' style='top: 2241px; display: block;'>\n                <div class='yaxistime yaxistime-extra-new-cms half-hour-new-cms'><div class='yaxistext-minor yaxistext-minor-extra-new-cms'>21:30\n<\/div><\/div><\/div><div id = 'time_0' name='visible_117' data-day='0' class='yaxis time_all time_0' data-time='2140' style='top: 2261px; display: block;'>\n                <div class='yaxistime yaxistime-extra-new-cms'>&nbsp;<\/div><\/div><div id = 'time_0' name='visible_118' data-day='0' class='yaxis time_all time_0' data-time='2148' style='top: 2281px; display: block;'>\n                <div class='yaxistime yaxistime-extra-new-cms'>&nbsp;<\/div><\/div><div id = 'time_0' name='visible_119' data-day='0' class='yaxis time_all time_0' data-time='2156' style='top: 2301px; display: block;'>\n                <div class='yaxistime yaxistime-extra-new-cms'>&nbsp;<\/div><\/div><div id='time_0' name='visible_120' data-day='0' class='yaxis major time_all time_0 major-new-cms data-time='2200' style='top: 2311px; display: block;'>\n                <div class='yaxistime yaxistime-extra-new-cms'><div class='yaxistext yaxistext-extra-new-cms'>22:00\n<\/div><\/div><\/div><div id = 'time_0' name='visible_121' data-day='0' class='yaxis time_all time_0' data-time='2208' style='top: 2331px; display: block;'>\n                <div class='yaxistime yaxistime-extra-new-cms'>&nbsp;<\/div><\/div><div id = 'time_0' name='visible_122' data-day='0' class='yaxis time_all time_0' data-time='2216' style='top: 2351px; display: block;'>\n                <div class='yaxistime yaxistime-extra-new-cms'>&nbsp;<\/div><\/div><div id = 'time_0' name='visible_123' data-day='0' class='yaxis time_all time_0' data-time='2224' style='top: 2371px; display: block;'>\n                <div class='yaxistime yaxistime-extra-new-cms'>&nbsp;<\/div><\/div><div id='time_0' name='visible_124' data-day='0' class='yaxis time_all time_0' data-time='2232' style='top: 2391px; display: block;'>\n                <div class='yaxistime yaxistime-extra-new-cms half-hour-new-cms'><div class='yaxistext-minor yaxistext-minor-extra-new-cms'>22:30\n<\/div><\/div><\/div><div id = 'time_0' name='visible_125' data-day='0' class='yaxis time_all time_0' data-time='2240' style='top: 2411px; display: block;'>\n                <div class='yaxistime yaxistime-extra-new-cms'>&nbsp;<\/div><\/div><div id = 'time_0' name='visible_126' data-day='0' class='yaxis time_all time_0' data-time='2248' style='top: 2431px; display: block;'>\n                <div class='yaxistime yaxistime-extra-new-cms'>&nbsp;<\/div><\/div><div id = 'time_0' name='visible_127' data-day='0' class='yaxis time_all time_0' data-time='2256' style='top: 2451px; display: block;'>\n                <div class='yaxistime yaxistime-extra-new-cms'>&nbsp;<\/div><\/div><div id='time_0' name='visible_128' data-day='0' class='yaxis major time_all time_0 major-new-cms data-time='2300' style='top: 2461px; display: block;'>\n                <div class='yaxistime yaxistime-extra-new-cms'><div class='yaxistext yaxistext-extra-new-cms'>23:00\n<\/div><\/div><\/div><div id = 'time_0' name='visible_129' data-day='0' class='yaxis time_all time_0' data-time='2308' style='top: 2481px; display: block;'>\n                <div class='yaxistime yaxistime-extra-new-cms'>&nbsp;<\/div><\/div><div id = 'time_0' name='visible_130' data-day='0' class='yaxis time_all time_0' data-time='2316' style='top: 2501px; display: block;'>\n                <div class='yaxistime yaxistime-extra-new-cms'>&nbsp;<\/div><\/div><div id = 'time_0' name='visible_131' data-day='0' class='yaxis time_all time_0' data-time='2324' style='top: 2521px; display: block;'>\n                <div class='yaxistime yaxistime-extra-new-cms'>&nbsp;<\/div><\/div><div id='time_0' name='visible_132' data-day='0' class='yaxis time_all time_0' data-time='2332' style='top: 2541px; display: block;'>\n                <div class='yaxistime yaxistime-extra-new-cms half-hour-new-cms'><div class='yaxistext-minor yaxistext-minor-extra-new-cms'>23:30\n<\/div><\/div><\/div><div id = 'time_0' name='visible_133' data-day='0' class='yaxis time_all time_0' data-time='2340' style='top: 2561px; display: block;'>\n                <div class='yaxistime yaxistime-extra-new-cms'>&nbsp;<\/div><\/div><div id = 'time_0' name='visible_134' data-day='0' class='yaxis time_all time_0' data-time='2348' style='top: 2581px; display: block;'>\n                <div class='yaxistime yaxistime-extra-new-cms'>&nbsp;<\/div><\/div><div id = 'time_0' name='visible_135' data-day='0' class='yaxis time_all time_0' data-time='2356' style='top: 2601px; display: block;'>\n                <div class='yaxistime yaxistime-extra-new-cms'>&nbsp;<\/div><\/div><div id='time_1' name='visible_136' data-day='1' class='yaxis major time_all time_1 major-new-cms data-time='0800' style='top: 61px; display: none;'>\n                <div class='yaxistime yaxistime-extra-new-cms'><div class='yaxistext yaxistext-extra-new-cms'>08:00\n<\/div><\/div><\/div><div id = 'time_1' name='visible_137' data-day='1' class='yaxis time_all time_1' data-time='0808' style='top: 81px; display: none;'>\n                <div class='yaxistime yaxistime-extra-new-cms'>&nbsp;<\/div><\/div><div id = 'time_1' name='visible_138' data-day='1' class='yaxis time_all time_1' data-time='0816' style='top: 101px; display: none;'>\n                <div class='yaxistime yaxistime-extra-new-cms'>&nbsp;<\/div><\/div><div id = 'time_1' name='visible_139' data-day='1' class='yaxis time_all time_1' data-time='0824' style='top: 121px; display: none;'>\n                <div class='yaxistime yaxistime-extra-new-cms'>&nbsp;<\/div><\/div><div id='time_1' name='visible_140' data-day='1' class='yaxis time_all time_1' data-time='0832' style='top: 141px; display: none;'>\n                <div class='yaxistime yaxistime-extra-new-cms half-hour-new-cms'><div class='yaxistext-minor yaxistext-minor-extra-new-cms'>08:30\n<\/div><\/div><\/div><div id = 'time_1' name='visible_141' data-day='1' class='yaxis time_all time_1' data-time='0840' style='top: 161px; display: none;'>\n                <div class='yaxistime yaxistime-extra-new-cms'>&nbsp;<\/div><\/div><div id = 'time_1' name='visible_142' data-day='1' class='yaxis time_all time_1' data-time='0848' style='top: 181px; display: none;'>\n                <div class='yaxistime yaxistime-extra-new-cms'>&nbsp;<\/div><\/div><div id = 'time_1' name='visible_143' data-day='1' class='yaxis time_all time_1' data-time='0856' style='top: 201px; display: none;'>\n                <div class='yaxistime yaxistime-extra-new-cms'>&nbsp;<\/div><\/div><div id='time_1' name='visible_144' data-day='1' class='yaxis major time_all time_1 major-new-cms data-time='0900' style='top: 211px; display: none;'>\n                <div class='yaxistime yaxistime-extra-new-cms'><div class='yaxistext yaxistext-extra-new-cms'>09:00\n<\/div><\/div><\/div><div id = 'time_1' name='visible_145' data-day='1' class='yaxis time_all time_1' data-time='0908' style='top: 231px; display: none;'>\n                <div class='yaxistime yaxistime-extra-new-cms'>&nbsp;<\/div><\/div><div id = 'time_1' name='visible_146' data-day='1' class='yaxis time_all time_1' data-time='0916' style='top: 251px; display: none;'>\n                <div class='yaxistime yaxistime-extra-new-cms'>&nbsp;<\/div><\/div><div id = 'time_1' name='visible_147' data-day='1' class='yaxis time_all time_1' data-time='0924' style='top: 271px; display: none;'>\n                <div class='yaxistime yaxistime-extra-new-cms'>&nbsp;<\/div><\/div><div id='time_1' name='visible_148' data-day='1' class='yaxis time_all time_1' data-time='0932' style='top: 291px; display: none;'>\n                <div class='yaxistime yaxistime-extra-new-cms half-hour-new-cms'><div class='yaxistext-minor yaxistext-minor-extra-new-cms'>09:30\n<\/div><\/div><\/div><div id = 'time_1' name='visible_149' data-day='1' class='yaxis time_all time_1' data-time='0940' style='top: 311px; display: none;'>\n                <div class='yaxistime yaxistime-extra-new-cms'>&nbsp;<\/div><\/div><div id = 'time_1' name='visible_150' data-day='1' class='yaxis time_all time_1' data-time='0948' style='top: 331px; display: none;'>\n                <div class='yaxistime yaxistime-extra-new-cms'>&nbsp;<\/div><\/div><div id = 'time_1' name='visible_151' data-day='1' class='yaxis time_all time_1' data-time='0956' style='top: 351px; display: none;'>\n                <div class='yaxistime yaxistime-extra-new-cms'>&nbsp;<\/div><\/div><div id='time_1' name='visible_152' data-day='1' class='yaxis major time_all time_1 major-new-cms data-time='1000' style='top: 361px; display: none;'>\n                <div class='yaxistime yaxistime-extra-new-cms'><div class='yaxistext yaxistext-extra-new-cms'>10:00\n<\/div><\/div><\/div><div id = 'time_1' name='visible_153' data-day='1' class='yaxis time_all time_1' data-time='1008' style='top: 381px; display: none;'>\n                <div class='yaxistime yaxistime-extra-new-cms'>&nbsp;<\/div><\/div><div id = 'time_1' name='visible_154' data-day='1' class='yaxis time_all time_1' data-time='1016' style='top: 401px; display: none;'>\n                <div class='yaxistime yaxistime-extra-new-cms'>&nbsp;<\/div><\/div><div id = 'time_1' name='visible_155' data-day='1' class='yaxis time_all time_1' data-time='1024' style='top: 421px; display: none;'>\n                <div class='yaxistime yaxistime-extra-new-cms'>&nbsp;<\/div><\/div><div id='time_1' name='visible_156' data-day='1' class='yaxis time_all time_1' data-time='1032' style='top: 441px; display: none;'>\n                <div class='yaxistime yaxistime-extra-new-cms half-hour-new-cms'><div class='yaxistext-minor yaxistext-minor-extra-new-cms'>10:30\n<\/div><\/div><\/div><div id = 'time_1' name='visible_157' data-day='1' class='yaxis time_all time_1' data-time='1040' style='top: 461px; display: none;'>\n                <div class='yaxistime yaxistime-extra-new-cms'>&nbsp;<\/div><\/div><div id = 'time_1' name='visible_158' data-day='1' class='yaxis time_all time_1' data-time='1048' style='top: 481px; display: none;'>\n                <div class='yaxistime yaxistime-extra-new-cms'>&nbsp;<\/div><\/div><div id = 'time_1' name='visible_159' data-day='1' class='yaxis time_all time_1' data-time='1056' style='top: 501px; display: none;'>\n                <div class='yaxistime yaxistime-extra-new-cms'>&nbsp;<\/div><\/div><div id='time_1' name='visible_160' data-day='1' class='yaxis major time_all time_1 major-new-cms data-time='1100' style='top: 511px; display: none;'>\n                <div class='yaxistime yaxistime-extra-new-cms'><div class='yaxistext yaxistext-extra-new-cms'>11:00\n<\/div><\/div><\/div><div id = 'time_1' name='visible_161' data-day='1' class='yaxis time_all time_1' data-time='1108' style='top: 531px; display: none;'>\n                <div class='yaxistime yaxistime-extra-new-cms'>&nbsp;<\/div><\/div><div id = 'time_1' name='visible_162' data-day='1' class='yaxis time_all time_1' data-time='1116' style='top: 551px; display: none;'>\n                <div class='yaxistime yaxistime-extra-new-cms'>&nbsp;<\/div><\/div><div id = 'time_1' name='visible_163' data-day='1' class='yaxis time_all time_1' data-time='1124' style='top: 571px; display: none;'>\n                <div class='yaxistime yaxistime-extra-new-cms'>&nbsp;<\/div><\/div><div id='time_1' name='visible_164' data-day='1' class='yaxis time_all time_1' data-time='1132' style='top: 591px; display: none;'>\n                <div class='yaxistime yaxistime-extra-new-cms half-hour-new-cms'><div class='yaxistext-minor yaxistext-minor-extra-new-cms'>11:30\n<\/div><\/div><\/div><div id = 'time_1' name='visible_165' data-day='1' class='yaxis time_all time_1' data-time='1140' style='top: 611px; display: none;'>\n                <div class='yaxistime yaxistime-extra-new-cms'>&nbsp;<\/div><\/div><div id = 'time_1' name='visible_166' data-day='1' class='yaxis time_all time_1' data-time='1148' style='top: 631px; display: none;'>\n                <div class='yaxistime yaxistime-extra-new-cms'>&nbsp;<\/div><\/div><div id = 'time_1' name='visible_167' data-day='1' class='yaxis time_all time_1' data-time='1156' style='top: 651px; display: none;'>\n                <div class='yaxistime yaxistime-extra-new-cms'>&nbsp;<\/div><\/div><div id='time_1' name='visible_168' data-day='1' class='yaxis major time_all time_1 major-new-cms data-time='1200' style='top: 661px; display: none;'>\n                <div class='yaxistime yaxistime-extra-new-cms'><div class='yaxistext yaxistext-extra-new-cms'>12:00\n<\/div><\/div><\/div><div id = 'time_1' name='visible_169' data-day='1' class='yaxis time_all time_1' data-time='1208' style='top: 681px; display: none;'>\n                <div class='yaxistime yaxistime-extra-new-cms'>&nbsp;<\/div><\/div><div id = 'time_1' name='visible_170' data-day='1' class='yaxis time_all time_1' data-time='1216' style='top: 701px; display: none;'>\n                <div class='yaxistime yaxistime-extra-new-cms'>&nbsp;<\/div><\/div><div id = 'time_1' name='visible_171' data-day='1' class='yaxis time_all time_1' data-time='1224' style='top: 721px; display: none;'>\n                <div class='yaxistime yaxistime-extra-new-cms'>&nbsp;<\/div><\/div><div id='time_1' name='visible_172' data-day='1' class='yaxis time_all time_1' data-time='1232' style='top: 741px; display: none;'>\n                <div class='yaxistime yaxistime-extra-new-cms half-hour-new-cms'><div class='yaxistext-minor yaxistext-minor-extra-new-cms'>12:30\n<\/div><\/div><\/div><div id = 'time_1' name='visible_173' data-day='1' class='yaxis time_all time_1' data-time='1240' style='top: 761px; display: none;'>\n                <div class='yaxistime yaxistime-extra-new-cms'>&nbsp;<\/div><\/div><div id = 'time_1' name='visible_174' data-day='1' class='yaxis time_all time_1' data-time='1248' style='top: 781px; display: none;'>\n                <div class='yaxistime yaxistime-extra-new-cms'>&nbsp;<\/div><\/div><div id = 'time_1' name='visible_175' data-day='1' class='yaxis time_all time_1' data-time='1256' style='top: 801px; display: none;'>\n                <div class='yaxistime yaxistime-extra-new-cms'>&nbsp;<\/div><\/div><div id='time_1' name='visible_176' data-day='1' class='yaxis major time_all time_1 major-new-cms data-time='1300' style='top: 811px; display: none;'>\n                <div class='yaxistime yaxistime-extra-new-cms'><div class='yaxistext yaxistext-extra-new-cms'>13:00\n<\/div><\/div><\/div><div id = 'time_1' name='visible_177' data-day='1' class='yaxis time_all time_1' data-time='1308' style='top: 831px; display: none;'>\n                <div class='yaxistime yaxistime-extra-new-cms'>&nbsp;<\/div><\/div><div id = 'time_1' name='visible_178' data-day='1' class='yaxis time_all time_1' data-time='1316' style='top: 851px; display: none;'>\n                <div class='yaxistime yaxistime-extra-new-cms'>&nbsp;<\/div><\/div><div id = 'time_1' name='visible_179' data-day='1' class='yaxis time_all time_1' data-time='1324' style='top: 871px; display: none;'>\n                <div class='yaxistime yaxistime-extra-new-cms'>&nbsp;<\/div><\/div><div id='time_1' name='visible_180' data-day='1' class='yaxis time_all time_1' data-time='1332' style='top: 891px; display: none;'>\n                <div class='yaxistime yaxistime-extra-new-cms half-hour-new-cms'><div class='yaxistext-minor yaxistext-minor-extra-new-cms'>13:30\n<\/div><\/div><\/div><div id = 'time_1' name='visible_181' data-day='1' class='yaxis time_all time_1' data-time='1340' style='top: 911px; display: none;'>\n                <div class='yaxistime yaxistime-extra-new-cms'>&nbsp;<\/div><\/div><div id = 'time_1' name='visible_182' data-day='1' class='yaxis time_all time_1' data-time='1348' style='top: 931px; display: none;'>\n                <div class='yaxistime yaxistime-extra-new-cms'>&nbsp;<\/div><\/div><div id = 'time_1' name='visible_183' data-day='1' class='yaxis time_all time_1' data-time='1356' style='top: 951px; display: none;'>\n                <div class='yaxistime yaxistime-extra-new-cms'>&nbsp;<\/div><\/div><div id='time_1' name='visible_184' data-day='1' class='yaxis major time_all time_1 major-new-cms data-time='1400' style='top: 961px; display: none;'>\n                <div class='yaxistime yaxistime-extra-new-cms'><div class='yaxistext yaxistext-extra-new-cms'>14:00\n<\/div><\/div><\/div><div id = 'time_1' name='visible_185' data-day='1' class='yaxis time_all time_1' data-time='1408' style='top: 981px; display: none;'>\n                <div class='yaxistime yaxistime-extra-new-cms'>&nbsp;<\/div><\/div><div id = 'time_1' name='visible_186' data-day='1' class='yaxis time_all time_1' data-time='1416' style='top: 1001px; display: none;'>\n                <div class='yaxistime yaxistime-extra-new-cms'>&nbsp;<\/div><\/div><div id = 'time_1' name='visible_187' data-day='1' class='yaxis time_all time_1' data-time='1424' style='top: 1021px; display: none;'>\n                <div class='yaxistime yaxistime-extra-new-cms'>&nbsp;<\/div><\/div><div id='time_1' name='visible_188' data-day='1' class='yaxis time_all time_1' data-time='1432' style='top: 1041px; display: none;'>\n                <div class='yaxistime yaxistime-extra-new-cms half-hour-new-cms'><div class='yaxistext-minor yaxistext-minor-extra-new-cms'>14:30\n<\/div><\/div><\/div><div id = 'time_1' name='visible_189' data-day='1' class='yaxis time_all time_1' data-time='1440' style='top: 1061px; display: none;'>\n                <div class='yaxistime yaxistime-extra-new-cms'>&nbsp;<\/div><\/div><div id = 'time_1' name='visible_190' data-day='1' class='yaxis time_all time_1' data-time='1448' style='top: 1081px; display: none;'>\n                <div class='yaxistime yaxistime-extra-new-cms'>&nbsp;<\/div><\/div><div id = 'time_1' name='visible_191' data-day='1' class='yaxis time_all time_1' data-time='1456' style='top: 1101px; display: none;'>\n                <div class='yaxistime yaxistime-extra-new-cms'>&nbsp;<\/div><\/div><div id='time_1' name='visible_192' data-day='1' class='yaxis major time_all time_1 major-new-cms data-time='1500' style='top: 1111px; display: none;'>\n                <div class='yaxistime yaxistime-extra-new-cms'><div class='yaxistext yaxistext-extra-new-cms'>15:00\n<\/div><\/div><\/div><div id = 'time_1' name='visible_193' data-day='1' class='yaxis time_all time_1' data-time='1508' style='top: 1131px; display: none;'>\n                <div class='yaxistime yaxistime-extra-new-cms'>&nbsp;<\/div><\/div><div id = 'time_1' name='visible_194' data-day='1' class='yaxis time_all time_1' data-time='1516' style='top: 1151px; display: none;'>\n                <div class='yaxistime yaxistime-extra-new-cms'>&nbsp;<\/div><\/div><div id = 'time_1' name='visible_195' data-day='1' class='yaxis time_all time_1' data-time='1524' style='top: 1171px; display: none;'>\n                <div class='yaxistime yaxistime-extra-new-cms'>&nbsp;<\/div><\/div><div id='time_1' name='visible_196' data-day='1' class='yaxis time_all time_1' data-time='1532' style='top: 1191px; display: none;'>\n                <div class='yaxistime yaxistime-extra-new-cms half-hour-new-cms'><div class='yaxistext-minor yaxistext-minor-extra-new-cms'>15:30\n<\/div><\/div><\/div><div id = 'time_1' name='visible_197' data-day='1' class='yaxis time_all time_1' data-time='1540' style='top: 1211px; display: none;'>\n                <div class='yaxistime yaxistime-extra-new-cms'>&nbsp;<\/div><\/div><div id = 'time_1' name='visible_198' data-day='1' class='yaxis time_all time_1' data-time='1548' style='top: 1231px; display: none;'>\n                <div class='yaxistime yaxistime-extra-new-cms'>&nbsp;<\/div><\/div><div id = 'time_1' name='visible_199' data-day='1' class='yaxis time_all time_1' data-time='1556' style='top: 1251px; display: none;'>\n                <div class='yaxistime yaxistime-extra-new-cms'>&nbsp;<\/div><\/div><div id='time_1' name='visible_200' data-day='1' class='yaxis major time_all time_1 major-new-cms data-time='1600' style='top: 1261px; display: none;'>\n                <div class='yaxistime yaxistime-extra-new-cms'><div class='yaxistext yaxistext-extra-new-cms'>16:00\n<\/div><\/div><\/div><div id = 'time_1' name='visible_201' data-day='1' class='yaxis time_all time_1' data-time='1608' style='top: 1281px; display: none;'>\n                <div class='yaxistime yaxistime-extra-new-cms'>&nbsp;<\/div><\/div><div id = 'time_1' name='visible_202' data-day='1' class='yaxis time_all time_1' data-time='1616' style='top: 1301px; display: none;'>\n                <div class='yaxistime yaxistime-extra-new-cms'>&nbsp;<\/div><\/div><div id = 'time_1' name='visible_203' data-day='1' class='yaxis time_all time_1' data-time='1624' style='top: 1321px; display: none;'>\n                <div class='yaxistime yaxistime-extra-new-cms'>&nbsp;<\/div><\/div><div id='time_1' name='visible_204' data-day='1' class='yaxis time_all time_1' data-time='1632' style='top: 1341px; display: none;'>\n                <div class='yaxistime yaxistime-extra-new-cms half-hour-new-cms'><div class='yaxistext-minor yaxistext-minor-extra-new-cms'>16:30\n<\/div><\/div><\/div><div id = 'time_1' name='visible_205' data-day='1' class='yaxis time_all time_1' data-time='1640' style='top: 1361px; display: none;'>\n                <div class='yaxistime yaxistime-extra-new-cms'>&nbsp;<\/div><\/div><div id = 'time_1' name='visible_206' data-day='1' class='yaxis time_all time_1' data-time='1648' style='top: 1381px; display: none;'>\n                <div class='yaxistime yaxistime-extra-new-cms'>&nbsp;<\/div><\/div><div id = 'time_1' name='visible_207' data-day='1' class='yaxis time_all time_1' data-time='1656' style='top: 1401px; display: none;'>\n                <div class='yaxistime yaxistime-extra-new-cms'>&nbsp;<\/div><\/div><div id='time_1' name='visible_208' data-day='1' class='yaxis major time_all time_1 major-new-cms data-time='1700' style='top: 1411px; display: none;'>\n                <div class='yaxistime yaxistime-extra-new-cms'><div class='yaxistext yaxistext-extra-new-cms'>17:00\n<\/div><\/div><\/div><div id = 'time_1' name='visible_209' data-day='1' class='yaxis time_all time_1' data-time='1708' style='top: 1431px; display: none;'>\n                <div class='yaxistime yaxistime-extra-new-cms'>&nbsp;<\/div><\/div><div id = 'time_1' name='visible_210' data-day='1' class='yaxis time_all time_1' data-time='1716' style='top: 1451px; display: none;'>\n                <div class='yaxistime yaxistime-extra-new-cms'>&nbsp;<\/div><\/div><div id = 'time_1' name='visible_211' data-day='1' class='yaxis time_all time_1' data-time='1724' style='top: 1471px; display: none;'>\n                <div class='yaxistime yaxistime-extra-new-cms'>&nbsp;<\/div><\/div><div id='time_1' name='visible_212' data-day='1' class='yaxis time_all time_1' data-time='1732' style='top: 1491px; display: none;'>\n                <div class='yaxistime yaxistime-extra-new-cms half-hour-new-cms'><div class='yaxistext-minor yaxistext-minor-extra-new-cms'>17:30\n<\/div><\/div><\/div><div id = 'time_1' name='visible_213' data-day='1' class='yaxis time_all time_1' data-time='1740' style='top: 1511px; display: none;'>\n                <div class='yaxistime yaxistime-extra-new-cms'>&nbsp;<\/div><\/div><div id = 'time_1' name='visible_214' data-day='1' class='yaxis time_all time_1' data-time='1748' style='top: 1531px; display: none;'>\n                <div class='yaxistime yaxistime-extra-new-cms'>&nbsp;<\/div><\/div><div id = 'time_1' name='visible_215' data-day='1' class='yaxis time_all time_1' data-time='1756' style='top: 1551px; display: none;'>\n                <div class='yaxistime yaxistime-extra-new-cms'>&nbsp;<\/div><\/div><div id='time_1' name='visible_216' data-day='1' class='yaxis major time_all time_1 major-new-cms data-time='1800' style='top: 1561px; display: none;'>\n                <div class='yaxistime yaxistime-extra-new-cms'><div class='yaxistext yaxistext-extra-new-cms'>18:00\n<\/div><\/div><\/div><div id = 'time_1' name='visible_217' data-day='1' class='yaxis time_all time_1' data-time='1808' style='top: 1581px; display: none;'>\n                <div class='yaxistime yaxistime-extra-new-cms'>&nbsp;<\/div><\/div><div id = 'time_1' name='visible_218' data-day='1' class='yaxis time_all time_1' data-time='1816' style='top: 1601px; display: none;'>\n                <div class='yaxistime yaxistime-extra-new-cms'>&nbsp;<\/div><\/div><div id = 'time_1' name='visible_219' data-day='1' class='yaxis time_all time_1' data-time='1824' style='top: 1621px; display: none;'>\n                <div class='yaxistime yaxistime-extra-new-cms'>&nbsp;<\/div><\/div><div id='time_1' name='visible_220' data-day='1' class='yaxis time_all time_1' data-time='1832' style='top: 1641px; display: none;'>\n                <div class='yaxistime yaxistime-extra-new-cms half-hour-new-cms'><div class='yaxistext-minor yaxistext-minor-extra-new-cms'>18:30\n<\/div><\/div><\/div><div id = 'time_1' name='visible_221' data-day='1' class='yaxis time_all time_1' data-time='1840' style='top: 1661px; display: none;'>\n                <div class='yaxistime yaxistime-extra-new-cms'>&nbsp;<\/div><\/div><div id = 'time_1' name='visible_222' data-day='1' class='yaxis time_all time_1' data-time='1848' style='top: 1681px; display: none;'>\n                <div class='yaxistime yaxistime-extra-new-cms'>&nbsp;<\/div><\/div><div id = 'time_1' name='visible_223' data-day='1' class='yaxis time_all time_1' data-time='1856' style='top: 1701px; display: none;'>\n                <div class='yaxistime yaxistime-extra-new-cms'>&nbsp;<\/div><\/div><div id='time_1' name='visible_224' data-day='1' class='yaxis major time_all time_1 major-new-cms data-time='1900' style='top: 1711px; display: none;'>\n                <div class='yaxistime yaxistime-extra-new-cms'><div class='yaxistext yaxistext-extra-new-cms'>19:00\n<\/div><\/div><\/div><div id = 'time_1' name='visible_225' data-day='1' class='yaxis time_all time_1' data-time='1908' style='top: 1731px; display: none;'>\n                <div class='yaxistime yaxistime-extra-new-cms'>&nbsp;<\/div><\/div><div id = 'time_1' name='visible_226' data-day='1' class='yaxis time_all time_1' data-time='1916' style='top: 1751px; display: none;'>\n                <div class='yaxistime yaxistime-extra-new-cms'>&nbsp;<\/div><\/div><div id = 'time_1' name='visible_227' data-day='1' class='yaxis time_all time_1' data-time='1924' style='top: 1771px; display: none;'>\n                <div class='yaxistime yaxistime-extra-new-cms'>&nbsp;<\/div><\/div><div id='time_1' name='visible_228' data-day='1' class='yaxis time_all time_1' data-time='1932' style='top: 1791px; display: none;'>\n                <div class='yaxistime yaxistime-extra-new-cms half-hour-new-cms'><div class='yaxistext-minor yaxistext-minor-extra-new-cms'>19:30\n<\/div><\/div><\/div><div id = 'time_1' name='visible_229' data-day='1' class='yaxis time_all time_1' data-time='1940' style='top: 1811px; display: none;'>\n                <div class='yaxistime yaxistime-extra-new-cms'>&nbsp;<\/div><\/div><div id = 'time_1' name='visible_230' data-day='1' class='yaxis time_all time_1' data-time='1948' style='top: 1831px; display: none;'>\n                <div class='yaxistime yaxistime-extra-new-cms'>&nbsp;<\/div><\/div><div id = 'time_1' name='visible_231' data-day='1' class='yaxis time_all time_1' data-time='1956' style='top: 1851px; display: none;'>\n                <div class='yaxistime yaxistime-extra-new-cms'>&nbsp;<\/div><\/div>\n          <div class=\"event event-extra\"\n            data-id=\"1ec6310c-d4e0-6cd0-b67e-06740b380f04\"\n            data-project=\"1ec62755-9b51-6318-9c6c-06740b380f04\"\n            data-title=\"Registrering &amp; kaffe\"\n            data-abs-nbr=\"\"\n            data-ystart=\"7.5\"\n            data-yend=\"8.5\"\n            data-time=\"07:30-08:30\"\n            data-room=\"6\"\n            data-room-id=\"1ec6c818-5b77-6238-be18-06740b380f04\"\n            data-room-name=\"Konferensfoaj\u00e9\"\n            data-day=\"0\"\n            data-abs-path=\"\"\n            data-speaker=\"\"\n            data-speakercell=\"\"\n            data-info=\"\"\n            data-category=\"Socialt\"\n            data-category-ids=\"1254\"\n            data-span-all=\"1\"\n                          style=\"background-color: #dddddd; color: white;\"\n                      >\n\n            <div class=\"event_content\">\n              <div class=\"title\">\n                                <span>Registrering & kaffe<\/span>\n              <\/div>\n              <div class=\"span_room\"><span>Konferensfoaj\u00e9<br\/><\/span><\/div>\n              <div class=\"time\">\n                <span>\n                  07:30-08:30                <\/span><\/div>\n\n              \n            <\/div>\n\n\n                                <div style=\"background-color:#dddddd; position: absolute !important ; height: 4px !important; left: 4px; right: 4px; bottom : 2px !important;  border\"><\/div>\n            \n          <\/div>\n\n      \n          <div class=\"event event-extra\"\n            data-id=\"1ec6275c-4564-6732-8cc1-06740b380f04\"\n            data-project=\"1ec62755-9b51-6318-9c6c-06740b380f04\"\n            data-title=\"\u00d6ppnande och invigning\"\n            data-abs-nbr=\"\"\n            data-ystart=\"8.75\"\n            data-yend=\"9.5\"\n            data-time=\"08:45-09:30\"\n            data-room=\"0\"\n            data-room-id=\"1ec6275b-dcb9-6ab6-b842-06740b380f04\"\n            data-room-name=\"Lokal B123 - Webbs\u00e4nds - Plenary\"\n            data-day=\"0\"\n            data-abs-path=\"\"\n            data-speaker=\"\"\n            data-speakercell=\"\"\n            data-info=\"\"\n            data-category=\"Gemensamt program\"\n            data-category-ids=\"1250\"\n            data-span-all=\"1\"\n                          style=\"background-color: #c2e798; color: white;\"\n                      >\n\n            <div class=\"event_content\">\n              <div class=\"title\">\n                                <span>\u00d6ppnande och invigning<\/span>\n              <\/div>\n              <div class=\"span_room\"><span>Lokal B123 - Webbs\u00e4nds - Plenary<br\/><\/span><\/div>\n              <div class=\"time\">\n                <span>\n                  08:45-09:30                <\/span><\/div>\n\n              \n            <\/div>\n\n\n                                <div style=\"background-color:#c2e798; position: absolute !important ; height: 4px !important; left: 4px; right: 4px; bottom : 2px !important;  border\"><\/div>\n            \n          <\/div>\n\n      \n          <div class=\"event event-extra\"\n            data-id=\"1ec63114-e54c-60da-ba6a-06740b380f04\"\n            data-project=\"1ec62755-9b51-6318-9c6c-06740b380f04\"\n            data-title=\"Demokrati i historia och nutid\"\n            data-abs-nbr=\"\"\n            data-ystart=\"9.5\"\n            data-yend=\"10\"\n            data-time=\"09:30-10:00\"\n            data-room=\"0\"\n            data-room-id=\"1ec6275b-dcb9-6ab6-b842-06740b380f04\"\n            data-room-name=\"Lokal B123 - Webbs\u00e4nds - Plenary\"\n            data-day=\"0\"\n            data-abs-path=\"\"\n            data-speaker=\"Andreas Norl\u00e9n, Sverige\"\n            data-speakercell=\"Andreas Norl\u00e9n, Sverige\"\n            data-info=\"&lt;p&gt;Andreas Norl&amp;eacute;n, Riksdagens talman Sverige \ud83c\uddf8\ud83c\uddea&lt;\/p&gt;\n&lt;p&gt;Andreas Norl&amp;eacute;n talar &amp;ouml;ver temat Arkiv och samh&amp;auml;lle med utg&amp;aring;ngspunkt i sitt engagemang f&amp;ouml;r demokratifr&amp;aring;gor &amp;ndash; s&amp;aring;v&amp;auml;l demokratins f&amp;ouml;ruts&amp;auml;ttningar i form av &amp;ouml;ppenhet och bevarande av k&amp;auml;llor, som utmaningar och m&amp;ouml;jligheter i varje tid. Talmannen deltar via l&amp;auml;nk.&lt;\/p&gt;&lt;br&gt;&lt;br&gt;\"\n            data-category=\"Gemensamt program,Keynote\"\n            data-category-ids=\"1250,1253\"\n            data-span-all=\"1\"\n                          style=\"background-color: #c2e798; color: white;\"\n                      >\n\n            <div class=\"event_content\">\n              <div class=\"title\">\n                                <span>Demokrati i historia och nutid<\/span>\n              <\/div>\n              <div class=\"span_room\"><span>Lokal B123 - Webbs\u00e4nds - Plenary<br\/><\/span><\/div>\n              <div class=\"time\">\n                <span>\n                  09:30-10:00                <\/span><\/div>\n\n              <div class=\"lecturer\"><span>Andreas Norl\u00e9n, Sverige<\/span><\/div>\n            <\/div>\n\n\n                                <div style=\"background-color:#c2e798; position: absolute !important ; height: 4px !important; left: 4px; right: 4px; bottom : 2px !important;  border\"><\/div>\n            \n          <\/div>\n\n      \n          <div class=\"event event-extra\"\n            data-id=\"1ec63117-fe26-66de-a0e0-06740b380f04\"\n            data-project=\"1ec62755-9b51-6318-9c6c-06740b380f04\"\n            data-title=\"Kaffepaus\"\n            data-abs-nbr=\"\"\n            data-ystart=\"10\"\n            data-yend=\"10.5\"\n            data-time=\"10:00-10:30\"\n            data-room=\"6\"\n            data-room-id=\"1ec6c818-5b77-6238-be18-06740b380f04\"\n            data-room-name=\"Konferensfoaj\u00e9\"\n            data-day=\"0\"\n            data-abs-path=\"\"\n            data-speaker=\"\"\n            data-speakercell=\"\"\n            data-info=\"\"\n            data-category=\"Socialt\"\n            data-category-ids=\"1254\"\n            data-span-all=\"1\"\n                          style=\"background-color: #dddddd; color: white;\"\n                      >\n\n            <div class=\"event_content\">\n              <div class=\"title\">\n                                <span>Kaffepaus<\/span>\n              <\/div>\n              <div class=\"span_room\"><span>Konferensfoaj\u00e9<br\/><\/span><\/div>\n              <div class=\"time\">\n                <span>\n                  10:00-10:30                <\/span><\/div>\n\n              \n            <\/div>\n\n\n                                <div style=\"background-color:#dddddd; position: absolute !important ; height: 4px !important; left: 4px; right: 4px; bottom : 2px !important;  border\"><\/div>\n            \n          <\/div>\n\n      \n          <div class=\"event event-extra\"\n            data-id=\"1ec63119-89cb-6fda-8948-06740b380f04\"\n            data-project=\"1ec62755-9b51-6318-9c6c-06740b380f04\"\n            data-title=\"1.1 Digitalisering - Digitaliseringsfr\u00e5gor p\u00e5 nationell och EU-niv\u00e5\"\n            data-abs-nbr=\"\"\n            data-ystart=\"10.5\"\n            data-yend=\"11\"\n            data-time=\"10:30-11:00\"\n            data-room=\"0\"\n            data-room-id=\"1ec6275b-dcb9-6ab6-b842-06740b380f04\"\n            data-room-name=\"Lokal B123 - Webbs\u00e4nds - Plenary\"\n            data-day=\"0\"\n            data-abs-path=\"\"\n            data-speaker=\"Magnus Enzell, Sverige\"\n            data-speakercell=\"Magnus Enzell, Sverige\"\n            data-info=\"&lt;p&gt;Magnus Enzell, &amp;auml;mnesr&amp;aring;d p&amp;aring; Infrastrukturdepartementet \ud83c\uddf8\ud83c\uddea&lt;\/p&gt;\n&lt;p&gt;&lt;strong&gt;Digitaliseringsfr&amp;aring;gor p&amp;aring; nationell och EU-niv&amp;aring;&lt;\/strong&gt;&lt;\/p&gt;\n&lt;p&gt;Magnus Enzell talar &amp;ouml;ver temat Arkiv och samh&amp;auml;lle med utg&amp;aring;ngspunkt i digitaliseringsfr&amp;aring;gor p&amp;aring; s&amp;aring;v&amp;auml;l nationell som EU-niv&amp;aring;.&lt;\/p&gt;\n&lt;p&gt;&lt;iframe src=&quot;https:\/\/player.vimeo.com\/video\/755048183?h=ce3f88477e&quot; width=&quot;640&quot; height=&quot;564&quot; frameborder=&quot;0&quot; allowfullscreen=&quot;&quot;&gt;&lt;\/iframe&gt;&lt;\/p&gt;&lt;br&gt;&lt;br&gt;&lt;b&gt;Dokument: &lt;\/b&gt;&lt;br&gt;&lt;a href='https:\/\/beyond-production.objects.dc-sto1.glesys.net\/projects\/1ec62755-9b51-6318-9c6c-06740b380f04\/documents\/QQdzIzkZaYnj4iaTPLqBYVzNmKdB6lFdmPlselMo.pdf' target='_blank'&gt;10.30 Magnus Enzell.pdf&lt;\/a&gt;&lt;br&gt;&lt;br&gt;\"\n            data-category=\"Demokrati och r\u00e4tten till arkiv,Keynote\"\n            data-category-ids=\"1249,1253\"\n            data-span-all=\"\"\n                          style=\"background-color: #9dcdf8; color: white;\"\n                      >\n\n            <div class=\"event_content\">\n              <div class=\"title\">\n                                <span>1.1 Digitalisering - Digitaliseringsfr\u00e5gor p\u00e5 nationell och EU-niv\u00e5<\/span>\n              <\/div>\n              <div class=\"span_room\"><span><\/span><\/div>\n              <div class=\"time\">\n                <span>\n                  10:30-11:00                <\/span><\/div>\n\n              <div class=\"lecturer\"><span>Magnus Enzell, Sverige<\/span><\/div>\n            <\/div>\n\n\n                                <div style=\"background-color:#9dcdf8; position: absolute !important ; height: 4px !important; left: 4px; right: 4px; bottom : 2px !important;  border\"><\/div>\n            \n          <\/div>\n\n      \n          <div class=\"event event-extra\"\n            data-id=\"1ec6311b-5d8a-6212-b97c-06740b380f04\"\n            data-project=\"1ec62755-9b51-6318-9c6c-06740b380f04\"\n            data-title=\"2.1 L\u00e5ngsiktigt bevarande - Digitala format och digitalt bevarande\"\n            data-abs-nbr=\"\"\n            data-ystart=\"10.5\"\n            data-yend=\"12\"\n            data-time=\"10:30-12:00\"\n            data-room=\"1\"\n            data-room-id=\"1ec63105-bf66-66d6-a574-06740b380f04\"\n            data-room-name=\"Lokal C1&2 - Parallel sessions\"\n            data-day=\"0\"\n            data-abs-path=\"\"\n            data-speaker=\"Asbj\u00f8rn Sk\u00f8dt; Mikko Er\u00e4kaski; Benjamin Yousefi; Reko Etel\u00e4vuori\"\n            data-speakercell=\"Asbj\u00f8rn Sk\u00f8dt; Mikko Er\u00e4kaski; Benjamin Yousefi; Reko Etel\u00e4vuori\"\n            data-info=\"&lt;b&gt;Moderator: &lt;\/b&gt;Magnus Geber, Sverige&lt;br&gt;&lt;br&gt;&lt;p&gt;&lt;strong&gt;Information fr&amp;aring;n moderatorn&lt;\/strong&gt;&lt;\/p&gt;\n&lt;p&gt;Here are some specifications regarding the session. And there will be some adjustments compared to the general program.&lt;\/p&gt;\n&lt;p&gt;&amp;nbsp;&lt;\/p&gt;\n&lt;p&gt;We will change the order and have:&lt;\/p&gt;\n&lt;p&gt;1. Digital archiving concept: Service for digital archiving and infrastructure, Mikko Er&amp;auml;kaski &amp;amp; Reko Etel&amp;auml;vuori, Finland&lt;\/p&gt;\n&lt;p&gt;&amp;nbsp;&lt;\/p&gt;\n&lt;p&gt;2. Ny konceptmodel for udvikling af bevaringsplaner, Asbj&amp;oslash;rn Sk&amp;oslash;dt, Danmark&lt;\/p&gt;\n&lt;p&gt;&amp;nbsp;&lt;\/p&gt;\n&lt;p&gt;3. Nytt grepp om utmaningen om elektronisk arkivering - bevarande&amp;aring;tg&amp;auml;rder f&amp;ouml;r elektroniska underskrifter och FormatE, Benjamin Yousefi, Sverige&lt;\/p&gt;\n&lt;p&gt;&amp;nbsp;&lt;\/p&gt;\n&lt;p&gt;The plan is that each presentation will be about 20 minutes. After each presentation, there will be a few minutes for short direct questions. After two presentations there will be a very short break, just to stand up. In the end, there will be about 15 minutes for discussion, with the presenters and with input from the audience. One key question will be to compare different models for handling file formats.&lt;\/p&gt;\n&lt;p&gt;&amp;nbsp;&lt;\/p&gt;\n&lt;p&gt;The presentations can be in different languages. But the questions and discussion are supposed to be in &lt;strong&gt;English&lt;\/strong&gt;.&lt;\/p&gt;\n&lt;p&gt;&amp;nbsp;&lt;\/p&gt;\n&lt;p&gt;There will be a possibility to receive the presentations in advance. I always thought it is a great advantage to be able to have a presentation before the session, to be able to prepare and easier make notes while listening. And now when some in the audience can have languages problem it may help a lot for them. So each person attending this session may contact me and I will send them the presentations by e-mail. Important to remember is that it might not be the final version, there might occur some updates at the actual session. Just write to me at magnus.geber@riksarkivet.se .&lt;\/p&gt;\n&lt;p&gt;&amp;nbsp;&lt;\/p&gt;\n&lt;p&gt;&amp;nbsp;&lt;\/p&gt;\n&lt;p&gt;&lt;strong&gt;Ursprungligt program&lt;\/strong&gt;&lt;\/p&gt;\n&lt;p&gt;10:30-11:00&lt;br \/&gt;&lt;strong&gt;Ny konceptmodel for udvikling af bevaringsplaner&lt;\/strong&gt;, Asbj&amp;oslash;rn Sk&amp;oslash;dt \ud83c\udde9\ud83c\uddf0&lt;\/p&gt;\n&lt;p&gt;Konceptmodellen er en ny metode til vurdering af filformaters egenthed til langtidsbevaring. Den bruger metoder til at kortl&amp;aelig;gge og vurdere de signifikante egenskaber i filformater, og inddrager interessenter til at validere egenskabernes betydning ift. fremtidig genanvendelse af data. Resultatet er en f&amp;aelig;rdigudviklet bevaringsplan, der foreskriver, hvilket bevaringsniveau, hvilke filformater og hvilke valideringskrav, som de p&amp;aring;g&amp;aelig;ldende data skal afleveres til arkiv efter.&lt;br \/&gt;&lt;br \/&gt;&lt;\/p&gt;\n&lt;p&gt;11:00-11:30&lt;br \/&gt;&lt;strong&gt;Digital archiving concept: Service for digital archiving and infrastructure&lt;\/strong&gt;, Mikko Er&amp;auml;kaski &amp;amp; Reko Etel&amp;auml;vuori \ud83c\uddeb\ud83c\uddee&lt;\/p&gt;\n&lt;p&gt;Riksarkivets m&amp;aring;l &amp;auml;r att bevarandet av allt digitalt material ska koncentreras till den nya SAPA-tj&amp;auml;nsten. SAPA-tj&amp;auml;nstehelheten omfattar alla de tj&amp;auml;nster f&amp;ouml;r arkivering som &amp;auml;r avsedda f&amp;ouml;r att ta emot, bevara och tillhandah&amp;aring;lla arkivmaterial p&amp;aring; ett tillf&amp;ouml;rlitligt s&amp;auml;tt. Riksarkivets vision &amp;auml;r att m&amp;ouml;jligg&amp;ouml;ra mottagande av digitalt material som har bildats p&amp;aring; olika s&amp;auml;tt, men &amp;auml;nd&amp;aring; s&amp;aring; att digital informationshantering f&amp;ouml;rverkligas enhetligt vid Riksarkivet. Tj&amp;auml;nsten omfattar material som har digitaliserats genom s.k. retroaktiv digitalisering vid Riksarkivet, producerats genom massdigitalisering eller som ursprungligen skapats i digitalt format (born-digital).&lt;\/p&gt;\n&lt;p&gt;11:30-12:00&lt;br \/&gt;&lt;strong&gt;Nytt grepp om utmaningen om elektronisk arkivering - bevarande&amp;aring;tg&amp;auml;rder f&amp;ouml;r elektroniska underskrifter och FormatE&lt;\/strong&gt;, Benjamin Yousefi \ud83c\uddf8\ud83c\uddea&lt;\/p&gt;\n&lt;p&gt;Vad h&amp;auml;nder med ett samh&amp;auml;lle d&amp;auml;r alla vill digitalisera allt? Vad h&amp;auml;nder n&amp;auml;r hela samh&amp;auml;llet &amp;auml;r &amp;rdquo;digitaliserat&amp;rdquo;? All &amp;rdquo;information&amp;rdquo; i ett s&amp;aring;dant samh&amp;auml;lle kommer att representeras av ett eller annat format. FormatE presenterar en metod f&amp;ouml;r att konsekvent kunna tolka och implementera dessa format och m&amp;auml;ta resultatet. I anslutning till FormatE har en metod tagits fram f&amp;ouml;r att st&amp;auml;lla krav p&amp;aring; underskrifter f&amp;ouml;r verksamhetens behov och krav som urskiljbarhet, sp&amp;aring;rbarhet och kontroll.&lt;\/p&gt;&lt;br&gt;&lt;br&gt;&lt;b&gt;Dokument: &lt;\/b&gt;&lt;br&gt;&lt;a href='https:\/\/beyond-production.objects.dc-sto1.glesys.net\/projects\/1ec62755-9b51-6318-9c6c-06740b380f04\/documents\/7sdObPdTPcBrFezd7SJQCzaRrhRonyytwpLWXzpW.pdf' target='_blank'&gt;10.30 Asbj\u00f8rn Sk\u00f8dt.pdf&lt;\/a&gt;&lt;br&gt;&lt;a href='https:\/\/beyond-production.objects.dc-sto1.glesys.net\/projects\/1ec62755-9b51-6318-9c6c-06740b380f04\/documents\/X2LR6MRoKjMQXYz6WXkaPwh9QdJTSM8bzimVE5Wa.pdf' target='_blank'&gt;11.00 Mikko Er\u00e4kaski &amp; Reko Etel\u00e4vuori.pdf&lt;\/a&gt;&lt;br&gt;&lt;a href='https:\/\/beyond-production.objects.dc-sto1.glesys.net\/projects\/1ec62755-9b51-6318-9c6c-06740b380f04\/documents\/jLY59EBjlSDmEaoZqQLiOGOxOKUuqpfKehTBTwfF.pdf' target='_blank'&gt;11.30 Benjamin Yousefi.pdf&lt;\/a&gt;&lt;br&gt;&lt;br&gt;1: Benjamin Yousefi, Nytt grepp om utmaningen om elektronisk arkivering - bevarande\u00e5tg\u00e4rder f\u00f6r elektroniska underskrifter och FormatE\"\n            data-category=\"Effektiv informationshantering\"\n            data-category-ids=\"1251\"\n            data-span-all=\"\"\n                          style=\"background-color: #e0929b; color: white;\"\n                      >\n\n            <div class=\"event_content\">\n              <div class=\"title\">\n                                <span>2.1 L\u00e5ngsiktigt bevarande - Digitala format och digitalt bevarande<\/span>\n              <\/div>\n              <div class=\"span_room\"><span><\/span><\/div>\n              <div class=\"time\">\n                <span>\n                  10:30-12:00                <\/span><\/div>\n\n              <div class=\"lecturer\"><span>Asbj\u00f8rn Sk\u00f8dt; Mikko Er\u00e4kaski; Benjamin Yousefi; Reko Etel\u00e4vuori<\/span><\/div>\n            <\/div>\n\n\n                                <div style=\"background-color:#e0929b; position: absolute !important ; height: 4px !important; left: 4px; right: 4px; bottom : 2px !important;  border\"><\/div>\n            \n          <\/div>\n\n      \n          <div class=\"event event-extra\"\n            data-id=\"1ec6311d-7158-6ee0-8071-06740b380f04\"\n            data-project=\"1ec62755-9b51-6318-9c6c-06740b380f04\"\n            data-title=\"3.1 F\u00f6rslag till f\u00f6r\u00e4ndringar i arkivlagstiftningen i Norden - Arkivlagstiftning i en digital tid och hantering av personuppgifter\"\n            data-abs-nbr=\"\"\n            data-ystart=\"10.5\"\n            data-yend=\"12\"\n            data-time=\"10:30-12:00\"\n            data-room=\"4\"\n            data-room-id=\"1ec63105-fc5b-62b2-be64-06740b380f04\"\n            data-room-name=\"Lokal C3 - Parallel sessions\"\n            data-day=\"0\"\n            data-abs-path=\"\"\n            data-speaker=\"Harald Sommerstad; \u00c5ke S\u00f6derlund; Ulrika Sturesdotter; Anne B\u00e6kgaard; Allan Vestergaard; Nj\u00f6r\u00f0ur Sigur\u00f0sson, Island; Anne Aune\"\n            data-speakercell=\"Harald Sommerstad; \u00c5ke S\u00f6derlund; Ulrika Sturesdotter; Anne B\u00e6kgaard; Allan Vestergaard; Nj\u00f6r\u00f0ur Sigur\u00f0sson, Island; Anne Aune\"\n            data-info=\"&lt;b&gt;Moderator: &lt;\/b&gt;Karin Gref, Finland&lt;br&gt;&lt;br&gt;&lt;p&gt;Preliminary choices shows that this session might get full quickly.&lt;\/p&gt;\n&lt;p&gt;Be sure to plan a second option in your personal program, and we kindly ask you to respect limitations due to security policy.&lt;\/p&gt;\n&lt;p&gt;&amp;nbsp;&lt;\/p&gt;\n&lt;p&gt;10:30-11:15&lt;br \/&gt;&lt;strong&gt;Digitaliseringsvennlig regelverk&lt;\/strong&gt;, Harald Sommerstad \ud83c\uddf3\ud83c\uddf4&lt;\/p&gt;\n&lt;p&gt;Digitalisering har p&amp;aring; kort tid medf&amp;oslash;rt nye muligheter og behov, som igjen stiller krav til regelverket. Samfunnet er i endring. Digitalisering medf&amp;oslash;rer blant annet nye muligheter for deling av opplysninger p&amp;aring; smidigere m&amp;aring;ter, sammenhengende tjenester og bruk av AI. Regelverksutvikling er viktig for Arkivverkets arbeid. Arkivloven er under revisjon og det er viktig &amp;aring; identifisere handlingsrommet i regelverket.&lt;br \/&gt;&lt;br \/&gt;&lt;strong&gt;Arkivlagstiftning och e-f&amp;ouml;rvaltning p&amp;aring; &amp;Aring;land&lt;\/strong&gt;, &amp;Aring;ke S&amp;ouml;derlund \ud83c\udde6\ud83c\uddfd&lt;\/p&gt;\n&lt;p&gt;En snabb utveckling vad g&amp;auml;ller f&amp;ouml;rv&amp;auml;ntningarna inom omr&amp;aring;det e-f&amp;ouml;rvaltning st&amp;auml;ller nya krav p&amp;aring; s&amp;aring;v&amp;auml;l lagstiftning som praxis. F&amp;ouml;redragsh&amp;aring;llaren lyfter fram perspektiv och fr&amp;aring;gor som de senaste &amp;aring;ren engagerat det sj&amp;auml;lvstyrda &amp;Aring;land. Blicken riktas mot den framtid, de visioner och den vardag som kan f&amp;ouml;rnimmas p&amp;aring; &amp;Aring;land, som i &amp;aring;r firar 100 &amp;aring;r av sj&amp;auml;lvstyrelse.&lt;br \/&gt;&lt;br \/&gt;&lt;strong&gt;Arkivlagen 30 &amp;aring;r - juridiska perspektiv mot framtiden&lt;\/strong&gt;, Ulrika Sturesdotter \ud83c\uddf8\ud83c\uddea&lt;\/p&gt;\n&lt;p&gt;Sverige tog sin f&amp;ouml;rsta arkivlag i bruk f&amp;ouml;r 30 &amp;aring;r sedan, men den &amp;auml;r inte den enda lagen som p&amp;aring;verkar arkivbildningen i Sverige. F&amp;ouml;redraget ger en bild av vad arkivlagen kopplat till andra offentlighetsr&amp;auml;ttsliga principer och s&amp;auml;rregleringar betytt f&amp;ouml;r arkivv&amp;auml;sendet i Sverige.&lt;br \/&gt;&lt;br \/&gt;11:15-12:00&lt;br \/&gt;&lt;strong&gt;Egenacces - ret til adgang til oplysninger om dig selv i danske, offentlige arkiver&lt;\/strong&gt;, Anne B&amp;aelig;kgaard \ud83c\udde9\ud83c\uddf0 og Allan Vestergaard \ud83c\udde9\ud83c\uddf0&lt;\/p&gt;\n&lt;p&gt;Den 1. januar tr&amp;aring;dte en ny bestemmelse i kraft, der giver danske borgere ret til indsigt i oplysninger om dem selv, p&amp;aring; samme vis som Databeskyttelsesloven og GDPR giver dem ret i elektronisk behandlede oplysninger. Dette medf&amp;oslash;rte, at Rigsarkivet i l&amp;oslash;bet af 2021 fik ca. 30.000 henvendelser fra borgerne om indsigt i egne oplysninger. Den nye bestemmelse har b&amp;aring;de hvad ang&amp;aring;r den sagsbehandling som de mange sager har skullet gennemg&amp;aring;, og den rent praktiske organisering af arbejdet med besvarelserne af foresp&amp;oslash;rgslerne v&amp;aelig;ret en meget stor udfordring - men har ogs&amp;aring; styrket samarbejdet p&amp;aring; tv&amp;aelig;rs af Rigsarkivets enheder v&amp;aelig;sentligt og ikke mindst v&amp;aelig;ret medvirkende til at drive Rigsarkivet digitalt fremad. Men f&amp;oslash;rst og fremmest har forl&amp;oslash;bet vist, hvor relevante de mange oplysninger der gemmes p&amp;aring; arkiverne er for borgerne og samfundet, n&amp;aring;r bare adgangen til dem er tilrettelagt hensigtsm&amp;aelig;ssigt. I foredraget redeg&amp;oslash;res for forl&amp;oslash;bet og ikke mindst for de erfaringer som Rigsarkivet har opn&amp;aring;et i forbindelse med det voldsomme forl&amp;oslash;b.&lt;br \/&gt;&lt;br \/&gt;&lt;strong&gt;Preservation of public information and GDPR, &lt;\/strong&gt;Nj&amp;ouml;r&amp;eth;ur Sigur&amp;eth;sson \ud83c\uddee\ud83c\uddf8&lt;\/p&gt;\n&lt;p&gt;A heavy discussion took place on the concept of &quot;the right to be forgotten&quot; in the induction of GDPR in Iceland in 2018 and as a consequence the extent of each individual rights to have personal data deleted. In his talk, Nj&amp;ouml;r&amp;eth;ur will discuss the interplay between GDPR and the Icelandic law on preservation and access to public information.&lt;br \/&gt;&lt;br \/&gt;&lt;strong&gt;GDPR og tolkning av kriterier som skal ligge til grunn for &quot;arkivform&amp;aring;l i allmennhetens interesse&quot;,&lt;\/strong&gt; Anne Aune \ud83c\uddf3\ud83c\uddf4&lt;\/p&gt;\n&lt;p&gt;I EUs personvernforordning (GDPR) er &amp;laquo;arkivform&amp;aring;l i allmenhetens interesser&amp;raquo; som et lovregulert form&amp;aring;l for behandling av personopplysninger. Problemstillinger som vil bli behandlet: Hvordan oppfatter de ulike arkivinstitusjonene i Norden dette begrepet? Hvilke kriterier legger vi til grunn for i forst&amp;aring;elsen av begrepet? I i hvilken grad og p&amp;aring; hvilken m&amp;aring;te b&amp;oslash;r eller kan GDPR f&amp;aring; innvirkning p&amp;aring; bevarings av arkiver?&lt;\/p&gt;&lt;br&gt;&lt;br&gt;&lt;b&gt;Dokument: &lt;\/b&gt;&lt;br&gt;&lt;a href='https:\/\/beyond-production.objects.dc-sto1.glesys.net\/projects\/1ec62755-9b51-6318-9c6c-06740b380f04\/documents\/RYYbrOWcm4Iq8AVmT2pSJ7G8OZ78pXgoUWTDgVsW.pdf' target='_blank'&gt;10.30 Harald Sommerstad.pdf&lt;\/a&gt;&lt;br&gt;&lt;a href='https:\/\/beyond-production.objects.dc-sto1.glesys.net\/projects\/1ec62755-9b51-6318-9c6c-06740b380f04\/documents\/wwPkQteLoncZbtq3Yo5rkytOPFhTJ6hi8QCNhtMy.pdf' target='_blank'&gt;11.00 Ulrika Sturesdotter.pdf&lt;\/a&gt;&lt;br&gt;&lt;a href='https:\/\/beyond-production.objects.dc-sto1.glesys.net\/projects\/1ec62755-9b51-6318-9c6c-06740b380f04\/documents\/kBXXWwUnm3WUqF4M31KS4SaCDQYSJlTtyGMwZ2Vj.pdf' target='_blank'&gt;10.45 \u00c5ke S\u00f6derlund.pdf&lt;\/a&gt;&lt;br&gt;&lt;a href='https:\/\/beyond-production.objects.dc-sto1.glesys.net\/projects\/1ec62755-9b51-6318-9c6c-06740b380f04\/documents\/MCmKMLLyk2cRZEHgOV7BkWyZHB60agZbmmpyTyCU.pdf' target='_blank'&gt;11.45 Anne Aune.pdf&lt;\/a&gt;&lt;br&gt;&lt;a href='https:\/\/beyond-production.objects.dc-sto1.glesys.net\/projects\/1ec62755-9b51-6318-9c6c-06740b380f04\/documents\/Jwh1omI8uUzMkVvaxsWtiHPUIdOf4a9XQswJw2Gh.pdf' target='_blank'&gt;11.30 Nj\u00f6r\u00f0ur Sigur\u00f0sson.pdf&lt;\/a&gt;&lt;br&gt;&lt;a href='https:\/\/beyond-production.objects.dc-sto1.glesys.net\/projects\/1ec62755-9b51-6318-9c6c-06740b380f04\/documents\/O3B0QJTbXdFvGySeCUylmVgGA9xNzB5ilROmPfe1.pdf' target='_blank'&gt;11.15 Anne B\u00e6kgaard &amp; Allan Vestergaard (NY final).pdf&lt;\/a&gt;&lt;br&gt;&lt;br&gt;\"\n            data-category=\"Arkiv p\u00e5 r\u00e4tt s\u00e4tt -  om legala och etiska aspekter\"\n            data-category-ids=\"1252\"\n            data-span-all=\"\"\n                          style=\"background-color: #fadf9f; color: white;\"\n                      >\n\n            <div class=\"event_content\">\n              <div class=\"title\">\n                                <span>3.1 F\u00f6rslag till f\u00f6r\u00e4ndringar i arkivlagstiftningen i Norden - Arkivlagstiftning i en digital tid och hantering av personuppgifter<\/span>\n              <\/div>\n              <div class=\"span_room\"><span><\/span><\/div>\n              <div class=\"time\">\n                <span>\n                  10:30-12:00                <\/span><\/div>\n\n              <div class=\"lecturer\"><span>Harald Sommerstad; \u00c5ke S\u00f6derlund; Ulrika Sturesdotter; Anne B\u00e6kgaard; Allan Vestergaard; Nj\u00f6r\u00f0ur Sigur\u00f0sson, Island; Anne Aune<\/span><\/div>\n            <\/div>\n\n\n                                <div style=\"background-color:#fadf9f; position: absolute !important ; height: 4px !important; left: 4px; right: 4px; bottom : 2px !important;  border\"><\/div>\n            \n          <\/div>\n\n      \n          <div class=\"event event-extra\"\n            data-id=\"1ec79e34-6528-61d6-aab3-06740b380f04\"\n            data-project=\"1ec62755-9b51-6318-9c6c-06740b380f04\"\n            data-title=\"Workshop - Nordiskt samarbete om samiska arkiv\"\n            data-abs-nbr=\"\"\n            data-ystart=\"10.5\"\n            data-yend=\"11.25\"\n            data-time=\"10:30-11:15\"\n            data-room=\"5\"\n            data-room-id=\"1ec63106-320d-6cfc-a9c6-06740b380f04\"\n            data-room-name=\"Lokal C4 - Workshops\"\n            data-day=\"0\"\n            data-abs-path=\"\"\n            data-speaker=\"Maria Press; Grete Gunn Bergstr\u00f8m\"\n            data-speakercell=\"Maria Press; Grete Gunn Bergstr\u00f8m\"\n            data-info=\"&lt;p&gt;&lt;strong&gt;V&amp;auml;rd:&lt;\/strong&gt; Anette Skogseth Clausen \ud83c\uddf3\ud83c\uddf4&lt;\/p&gt;\n&lt;p&gt;&lt;strong&gt;Nordiskt samarbete om samiska arkiv&lt;\/strong&gt;, Maria Press \ud83c\uddf8\ud83c\uddea, Grete Gunn Bergstr&amp;oslash;m \ud83c\uddf3\ud83c\uddf4&lt;\/p&gt;\n&lt;p&gt;De nordiska samiska arkiven och riksarkiven har etablerat en gemensam nordisk arbetsgrupp NordSam f&amp;ouml;r att st&amp;auml;rka samarbetet om samiska arkiv. Syftet &amp;auml;r att s&amp;auml;kra bevarandet av de samiska arkiven bland annat genom att &amp;ouml;ka medvetenheten och kompetensen om arkiv som skapas i det samiska samh&amp;auml;llet. Ett annat m&amp;aring;l &amp;auml;r att &amp;ouml;ka tillg&amp;auml;ngligheten till samiskt relevant arkivmaterial p&amp;aring; det samiska folkets egna premisser bland annat genom etablerandet av arkivportalen Nuohtti. Representanter fr&amp;aring;n NordSam ber&amp;auml;ttar om arbetet och bjuder in till diskussion.&lt;\/p&gt;&lt;br&gt;&lt;br&gt;&lt;b&gt;Dokument: &lt;\/b&gt;&lt;br&gt;&lt;a href='https:\/\/beyond-production.objects.dc-sto1.glesys.net\/projects\/1ec62755-9b51-6318-9c6c-06740b380f04\/documents\/VDdiuGEaUx0ONzZkoavSHhPwsjiOavYhxDOpt80j.pdf' target='_blank'&gt;10.30_MariaPress_GreteGunnBergstr\u00f8m Ole Gausdal.pdf&lt;\/a&gt;&lt;br&gt;&lt;br&gt;\"\n            data-category=\"Workshop,Arkiv p\u00e5 r\u00e4tt s\u00e4tt -  om legala och etiska aspekter\"\n            data-category-ids=\"1255,1252\"\n            data-span-all=\"\"\n                          style=\"background-color: #ced3ff; color: white;\"\n                      >\n\n            <div class=\"event_content\">\n              <div class=\"title\">\n                                <span>Workshop - Nordiskt samarbete om samiska arkiv<\/span>\n              <\/div>\n              <div class=\"span_room\"><span><\/span><\/div>\n              <div class=\"time\">\n                <span>\n                  10:30-11:15                <\/span><\/div>\n\n              <div class=\"lecturer\"><span>Maria Press; Grete Gunn Bergstr\u00f8m<\/span><\/div>\n            <\/div>\n\n\n                                <div style=\"background-color:#ced3ff; position: absolute !important ; height: 4px !important; left: 4px; right: 4px; bottom : 2px !important;  border\"><\/div>\n            \n          <\/div>\n\n      \n          <div class=\"event event-extra\"\n            data-id=\"1ed38171-0591-6390-a2bf-020211776702\"\n            data-project=\"1ec62755-9b51-6318-9c6c-06740b380f04\"\n            data-title=\"Dag 1 - Svenska\"\n            data-abs-nbr=\"\"\n            data-ystart=\"10.5\"\n            data-yend=\"12\"\n            data-time=\"10:30-12:00\"\n            data-room=\"8\"\n            data-room-id=\"1ed22e14-47df-69ba-a91c-020287552602\"\n            data-room-name=\"Only digital sessions\"\n            data-day=\"0\"\n            data-abs-path=\"\"\n            data-speaker=\"\"\n            data-speakercell=\"\"\n            data-info=\"\"\n            data-category=\"\"\n            data-category-ids=\"\"\n            data-span-all=\"\"\n                          style=\"background-color: #347694;; color: white;\"\n                      >\n\n            <div class=\"event_content\">\n              <div class=\"title\">\n                                <span>Dag 1 - Svenska<\/span>\n              <\/div>\n              <div class=\"span_room\"><span><\/span><\/div>\n              <div class=\"time\">\n                <span>\n                  10:30-12:00                <\/span><\/div>\n\n              \n            <\/div>\n\n\n            \n          <\/div>\n\n      \n          <div class=\"event event-extra\"\n            data-id=\"1ec7937f-c84c-6f1a-a109-06740b380f04\"\n            data-project=\"1ec62755-9b51-6318-9c6c-06740b380f04\"\n            data-title=\"1.1 Digitalisering - Life in the digital prism - Exposure and ethics in a datafied world\"\n            data-abs-nbr=\"\"\n            data-ystart=\"11\"\n            data-yend=\"11.5\"\n            data-time=\"11:00-11:30\"\n            data-room=\"0\"\n            data-room-id=\"1ec6275b-dcb9-6ab6-b842-06740b380f04\"\n            data-room-name=\"Lokal B123 - Webbs\u00e4nds - Plenary\"\n            data-day=\"0\"\n            data-abs-path=\"\"\n            data-speaker=\"Mikkel Flyverbom, Danmark\"\n            data-speakercell=\"Mikkel Flyverbom, Danmark\"\n            data-info=\"&lt;p&gt;Mikkel Flyverbom, professor Copenhagen Business School \ud83c\udde9\ud83c\uddf0&lt;\/p&gt;\n&lt;p&gt;&lt;strong&gt;Life in the digital prism - Exposure and ethics in a datafied world&lt;\/strong&gt;&lt;\/p&gt;&lt;br&gt;&lt;br&gt;&lt;b&gt;Dokument: &lt;\/b&gt;&lt;br&gt;&lt;a href='https:\/\/beyond-production.objects.dc-sto1.glesys.net\/projects\/1ec62755-9b51-6318-9c6c-06740b380f04\/documents\/NesvU7YEeNGVQrmclvXTFpK2bbjgrgyfSfuIvGJX.pdf' target='_blank'&gt;11.05 - Mikkel Flyverbom.pdf&lt;\/a&gt;&lt;br&gt;&lt;br&gt;\"\n            data-category=\"Demokrati och r\u00e4tten till arkiv,Keynote\"\n            data-category-ids=\"1249,1253\"\n            data-span-all=\"\"\n                          style=\"background-color: #9dcdf8; color: white;\"\n                      >\n\n            <div class=\"event_content\">\n              <div class=\"title\">\n                                <span>1.1 Digitalisering - Life in the digital prism - Exposure and ethics in a datafied world<\/span>\n              <\/div>\n              <div class=\"span_room\"><span><\/span><\/div>\n              <div class=\"time\">\n                <span>\n                  11:00-11:30                <\/span><\/div>\n\n              <div class=\"lecturer\"><span>Mikkel Flyverbom, Danmark<\/span><\/div>\n            <\/div>\n\n\n                                <div style=\"background-color:#9dcdf8; position: absolute !important ; height: 4px !important; left: 4px; right: 4px; bottom : 2px !important;  border\"><\/div>\n            \n          <\/div>\n\n      \n          <div class=\"event event-extra\"\n            data-id=\"1ec79c1c-f08a-6892-bcf1-06740b380f04\"\n            data-project=\"1ec62755-9b51-6318-9c6c-06740b380f04\"\n            data-title=\"Workshop - Nordic approach to AI-powered text recognition, transcription and searching for historical data\"\n            data-abs-nbr=\"\"\n            data-ystart=\"11.25\"\n            data-yend=\"12\"\n            data-time=\"11:15-12:00\"\n            data-room=\"5\"\n            data-room-id=\"1ec63106-320d-6cfc-a9c6-06740b380f04\"\n            data-room-name=\"Lokal C4 - Workshops\"\n            data-day=\"0\"\n            data-abs-path=\"\"\n            data-speaker=\"S\u00f8ren Bitsch Christensen\"\n            data-speakercell=\"S\u00f8ren Bitsch Christensen\"\n            data-info=\"&lt;p&gt;&lt;strong&gt;V&amp;auml;rd:&lt;\/strong&gt; Anette Skogseth Clausen \ud83c\uddf3\ud83c\uddf4&lt;\/p&gt;\n&lt;p&gt;&lt;strong&gt;Nordic approach to AI-powered text recognition, transcription and searching for historical data&lt;\/strong&gt;, S&amp;oslash;ren Bitsch Christensen \ud83c\udde9\ud83c\uddf0&lt;\/p&gt;\n&lt;p&gt;The Nordic countries share to a large degree language, administrative routines, archival practices, records standard and a willingness among archives to experiment, engage citizens and reach out. This is 'the perfect setting&amp;rsquo; for a Nordic cooperation about Handwritten Text Recognition whether with Transkribus or other software. At the workshop we will share experiences with the use of HTR technologies and digitization, citizens&amp;rsquo; engagement, cooperation with researchers&amp;rsquo; and among archives and other heritage organizations, outreach and publication of machine-processed documents. We will talk about the creation of models for different languages, handwriting paradigms, epochs, individual writers and creators versus general and all-encompassing models. We will discuss financial aspects of different software, and finally we will discuss prospects of future models for Nordic cooperation.&lt;\/p&gt;&lt;br&gt;&lt;br&gt;&lt;b&gt;Dokument: &lt;\/b&gt;&lt;br&gt;&lt;a href='https:\/\/beyond-production.objects.dc-sto1.glesys.net\/projects\/1ec62755-9b51-6318-9c6c-06740b380f04\/documents\/GnstThyD2BIUTXHgcJKrzV5BgeEcXhbN510as8E0.pdf' target='_blank'&gt;11.15 S\u00f8ren Bitsch Christensen.pdf&lt;\/a&gt;&lt;br&gt;&lt;br&gt;\"\n            data-category=\"Workshop,Demokrati och r\u00e4tten till arkiv\"\n            data-category-ids=\"1255,1249\"\n            data-span-all=\"\"\n                          style=\"background-color: #ced3ff; color: white;\"\n                      >\n\n            <div class=\"event_content\">\n              <div class=\"title\">\n                                <span>Workshop - Nordic approach to AI-powered text recognition, transcription and searching for historical data<\/span>\n              <\/div>\n              <div class=\"span_room\"><span><\/span><\/div>\n              <div class=\"time\">\n                <span>\n                  11:15-12:00                <\/span><\/div>\n\n              <div class=\"lecturer\"><span>S\u00f8ren Bitsch Christensen<\/span><\/div>\n            <\/div>\n\n\n                                <div style=\"background-color:#ced3ff; position: absolute !important ; height: 4px !important; left: 4px; right: 4px; bottom : 2px !important;  border\"><\/div>\n            \n          <\/div>\n\n      \n          <div class=\"event event-extra\"\n            data-id=\"1ec79380-5db3-690a-87c7-06740b380f04\"\n            data-project=\"1ec62755-9b51-6318-9c6c-06740b380f04\"\n            data-title=\"1.1 Digitalisering - \u00c4r digitalisering en demokratifr\u00e5ga och i s\u00e5 fall hur?\"\n            data-abs-nbr=\"\"\n            data-ystart=\"11.5\"\n            data-yend=\"12\"\n            data-time=\"11:30-12:00\"\n            data-room=\"0\"\n            data-room-id=\"1ec6275b-dcb9-6ab6-b842-06740b380f04\"\n            data-room-name=\"Lokal B123 - Webbs\u00e4nds - Plenary\"\n            data-day=\"0\"\n            data-abs-path=\"\"\n            data-speaker=\"Katarina Gidlund, Sverige\"\n            data-speakercell=\"Katarina Gidlund, Sverige\"\n            data-info=\"&lt;p&gt;Katarina Gidlund, professor informationsteknologi Mittuniversitetet \ud83c\uddf8\ud83c\uddea&lt;\/p&gt;\n&lt;p&gt;&lt;strong&gt;&amp;Auml;r digitalisering en demokratifr&amp;aring;ga och i s&amp;aring; fall hur?&lt;\/strong&gt;&lt;\/p&gt;\n&lt;p&gt;&lt;iframe src=&quot;https:\/\/player.vimeo.com\/video\/755347741?h=10fc3a2d9c&quot; width=&quot;640&quot; height=&quot;564&quot; frameborder=&quot;0&quot; allowfullscreen=&quot;&quot;&gt;&lt;\/iframe&gt;&lt;\/p&gt;&lt;br&gt;&lt;br&gt;&lt;b&gt;Dokument: &lt;\/b&gt;&lt;br&gt;&lt;a href='https:\/\/beyond-production.objects.dc-sto1.glesys.net\/projects\/1ec62755-9b51-6318-9c6c-06740b380f04\/documents\/N4scGGYh9XqrL0WO37t32vKFIC3ygnJGKYe42RbY.pdf' target='_blank'&gt;11.30 - Katarina Gidlund.pdf&lt;\/a&gt;&lt;br&gt;&lt;br&gt;\"\n            data-category=\"Demokrati och r\u00e4tten till arkiv,Keynote\"\n            data-category-ids=\"1249,1253\"\n            data-span-all=\"\"\n                          style=\"background-color: #9dcdf8; color: white;\"\n                      >\n\n            <div class=\"event_content\">\n              <div class=\"title\">\n                                <span>1.1 Digitalisering - \u00c4r digitalisering en demokratifr\u00e5ga och i s\u00e5 fall hur?<\/span>\n              <\/div>\n              <div class=\"span_room\"><span><\/span><\/div>\n              <div class=\"time\">\n                <span>\n                  11:30-12:00                <\/span><\/div>\n\n              <div class=\"lecturer\"><span>Katarina Gidlund, Sverige<\/span><\/div>\n            <\/div>\n\n\n                                <div style=\"background-color:#9dcdf8; position: absolute !important ; height: 4px !important; left: 4px; right: 4px; bottom : 2px !important;  border\"><\/div>\n            \n          <\/div>\n\n      \n          <div class=\"event event-extra\"\n            data-id=\"1ec63099-24ed-6134-a046-06740b380f04\"\n            data-project=\"1ec62755-9b51-6318-9c6c-06740b380f04\"\n            data-title=\"Lunch\"\n            data-abs-nbr=\"\"\n            data-ystart=\"12\"\n            data-yend=\"13.25\"\n            data-time=\"12:00-13:15\"\n            data-room=\"6\"\n            data-room-id=\"1ec6c818-5b77-6238-be18-06740b380f04\"\n            data-room-name=\"Konferensfoaj\u00e9\"\n            data-day=\"0\"\n            data-abs-path=\"\"\n            data-speaker=\"\"\n            data-speakercell=\"\"\n            data-info=\"\"\n            data-category=\"Socialt\"\n            data-category-ids=\"1254\"\n            data-span-all=\"1\"\n                          style=\"background-color: #dddddd; color: white;\"\n                      >\n\n            <div class=\"event_content\">\n              <div class=\"title\">\n                                <span>Lunch<\/span>\n              <\/div>\n              <div class=\"span_room\"><span>Konferensfoaj\u00e9<br\/><\/span><\/div>\n              <div class=\"time\">\n                <span>\n                  12:00-13:15                <\/span><\/div>\n\n              \n            <\/div>\n\n\n                                <div style=\"background-color:#dddddd; position: absolute !important ; height: 4px !important; left: 4px; right: 4px; bottom : 2px !important;  border\"><\/div>\n            \n          <\/div>\n\n      \n          <div class=\"event event-extra\"\n            data-id=\"1ec63128-9595-68b6-a71d-06740b380f04\"\n            data-project=\"1ec62755-9b51-6318-9c6c-06740b380f04\"\n            data-title=\"2.2 Tillg\u00e4nglighet och l\u00e5ngsiktigt bevarande - Arkivenes rolle i samfunnet\"\n            data-abs-nbr=\"\"\n            data-ystart=\"13.25\"\n            data-yend=\"13.75\"\n            data-time=\"13:15-13:45\"\n            data-room=\"0\"\n            data-room-id=\"1ec6275b-dcb9-6ab6-b842-06740b380f04\"\n            data-room-name=\"Lokal B123 - Webbs\u00e4nds - Plenary\"\n            data-day=\"0\"\n            data-abs-path=\"\"\n            data-speaker=\"Guri Lande\"\n            data-speakercell=\"Guri Lande\"\n            data-info=\"&lt;p&gt;&lt;strong&gt;Arkivenes rolle i samfunnet&lt;\/strong&gt;, Guri Lande \ud83c\uddf3\ud83c\uddf4&lt;\/p&gt;\n&lt;p&gt;Arkivene skal v&amp;aelig;re en kilde til kunnskap og forskning. Arkivverket har derfor en strategi om &amp;aring; finne nye m&amp;aring;ter &amp;aring; l&amp;oslash;se v&amp;aring;re oppgaver p&amp;aring;, der vi digitaliserer og automatiserer prosessene. Vi m&amp;aring; ogs&amp;aring; tenke nytt rundt hvordan vi gj&amp;oslash;r det enkelt &amp;aring; finne frem i materialet v&amp;aring;rt. V&amp;aring;re data skal v&amp;aelig;re enkle &amp;aring; s&amp;oslash;ke i og det skal v&amp;aelig;re enkelt &amp;aring; finne den informasjonen man er ute etter. Flere kan bruke kildene v&amp;aring;re, b&amp;aring;de til &amp;aring; bygge nye verdi&amp;oslash;kende tjenester, og til forskning, undervisning og formidling. Arkivverket skal gi digital tilgang til v&amp;aring;re data og tilby digitale tjenester slik at brukerne kan betjene seg selv, eller betjenes automatisk. P&amp;aring; v&amp;aring;r portal skal brukerne kunne finne materiale fra b&amp;aring;de stat, kommune og privat sektor. Vi skal ogs&amp;aring; dele data med resten av offentlig forvaltning, slik at innbyggere som har behov for tjenester, ikke beh&amp;oslash;ver &amp;aring; oppgi samme informasjon flere ganger, eller koordinere med ulike etater.&lt;\/p&gt;\n&lt;p&gt;&lt;iframe src=&quot;https:\/\/player.vimeo.com\/video\/755218323?h=dd6770b8cb&quot; width=&quot;640&quot; height=&quot;564&quot; frameborder=&quot;0&quot; allowfullscreen=&quot;&quot;&gt;&lt;\/iframe&gt;&lt;\/p&gt;&lt;br&gt;&lt;br&gt;&lt;b&gt;Dokument: &lt;\/b&gt;&lt;br&gt;&lt;a href='https:\/\/beyond-production.objects.dc-sto1.glesys.net\/projects\/1ec62755-9b51-6318-9c6c-06740b380f04\/documents\/zZ4ZiVnpV4u8ffeqBTECTlnqqk7WpR8bzjde2iY5.pdf' target='_blank'&gt;13.15 - Guri K Lande.pdf&lt;\/a&gt;&lt;br&gt;&lt;br&gt;\"\n            data-category=\"Effektiv informationshantering\"\n            data-category-ids=\"1251\"\n            data-span-all=\"\"\n                          style=\"background-color: #e0929b; color: white;\"\n                      >\n\n            <div class=\"event_content\">\n              <div class=\"title\">\n                                <span>2.2 Tillg\u00e4nglighet och l\u00e5ngsiktigt bevarande - Arkivenes rolle i samfunnet<\/span>\n              <\/div>\n              <div class=\"span_room\"><span><\/span><\/div>\n              <div class=\"time\">\n                <span>\n                  13:15-13:45                <\/span><\/div>\n\n              <div class=\"lecturer\"><span>Guri Lande<\/span><\/div>\n            <\/div>\n\n\n                                <div style=\"background-color:#e0929b; position: absolute !important ; height: 4px !important; left: 4px; right: 4px; bottom : 2px !important;  border\"><\/div>\n            \n          <\/div>\n\n      \n          <div class=\"event event-extra\"\n            data-id=\"1ec63124-07cd-6d8e-95ba-06740b380f04\"\n            data-project=\"1ec62755-9b51-6318-9c6c-06740b380f04\"\n            data-title=\"1.2 Digitisering och digitalisering f\u00f6r samh\u00e4llets l\u00e5ngsiktiga informationsbehov - Retro- och massdigitalisering, metadata och artificiell intelligens\"\n            data-abs-nbr=\"\"\n            data-ystart=\"13.25\"\n            data-yend=\"14.75\"\n            data-time=\"13:15-14:45\"\n            data-room=\"1\"\n            data-room-id=\"1ec63105-bf66-66d6-a574-06740b380f04\"\n            data-room-name=\"Lokal C1&2 - Parallel sessions\"\n            data-day=\"0\"\n            data-abs-path=\"\"\n            data-speaker=\"Lone Hedgaard Liljegren; \u00d8yvind \u00d8degaard; Sami Outinen\"\n            data-speakercell=\"Lone Hedgaard Liljegren; \u00d8yvind \u00d8degaard; Sami Outinen\"\n            data-info=\"&lt;b&gt;Moderator: &lt;\/b&gt;Kerstin S\u00f6derman, Sverige&lt;br&gt;&lt;br&gt;&lt;p&gt;13:15-13:45&lt;br \/&gt;&lt;strong&gt;Retrodigitalisering er som et kinder&amp;aelig;g&lt;\/strong&gt;, Lone Hedgaard Liljegren \ud83c\udde9\ud83c\uddf0&lt;\/p&gt;\n&lt;p&gt;Beskrivning: Opl&amp;aelig;gget tager udgangspunkt i Rigsarkivets retrodigitaliseringsstrategi fra 2020, herunder form&amp;aring;let med retrodigitalisering (why) samt ikke mindst, hvordan Rigsarkivet arbejder med at virkeligg&amp;oslash;re retrodigitaliseringsstrategien (how) og giver nogle eksempler p&amp;aring;, hvordan vi hele tiden bestr&amp;aelig;ber os p&amp;aring; at samt&amp;aelig;nke digital (og let) adgang til arkivalier for b&amp;aring;de eksterne og interne brugere, hurtige og effektive sagsgange i Rigsarkivet samt ikke mindst bevaring af kulturarven.&lt;\/p&gt;\n&lt;p&gt;13:45-14:15&lt;br \/&gt;&lt;strong&gt;Massedigitalisering i Norge&lt;\/strong&gt;, &amp;Oslash;yvind &amp;Oslash;degaard \ud83c\uddf3\ud83c\uddf4&lt;\/p&gt;\n&lt;p&gt;Arkivverket har digitalisert arkiver i mer enn 20 &amp;aring;r. Dette har tatt fart de siste &amp;aring;rene, med en &amp;aring;rlig &amp;oslash;kning fra 3 til 15 millioner digitaliserte sider de siste tre &amp;aring;rene. I tillegg har Norsk helsearkiv i l&amp;oslash;pet av to &amp;aring;r digitalisert 60 millioner sider med pasientjournaler fra spesialisthelsetjenesten. Ambisjonen deres er &amp;aring; digitalisere alle pasientjournaler i l&amp;oslash;pet av 30 &amp;aring;r. Digitaliseringen inneb&amp;aelig;rer at vi m&amp;aring; gj&amp;oslash;re vurderinger knyttet til utvalg, rekkef&amp;oslash;lge og sensitivitet. Sentrale sp&amp;oslash;rsm&amp;aring;l er: Hvordan skal vi sikre at brukerne finner det de leter etter? Og i et lengre perspektiv: Skal vi digitalisere alt? Hvilke konsekvenser vil det kunne f&amp;aring;&lt;\/p&gt;\n&lt;p&gt;14:15-14:45&lt;br \/&gt;&lt;strong&gt;Forskningsprojekt som skapar digital tillg&amp;aring;ng till arkivinformation inklusive crowdsourcing&lt;\/strong&gt;, Sami Outinen \ud83c\uddeb\ud83c\uddee&lt;\/p&gt;\n&lt;p&gt;F&amp;ouml;redraget handlar om den interaktiva databasen av forskningsprojektet Finl&amp;auml;ndare i Ryssland 1917-1964 (Riksarkivet, Finland). St&amp;ouml;rsta gruppen var finl&amp;auml;ndare som flyttat till Ryssland fr&amp;aring;n Storfurstend&amp;ouml;met Finland, r&amp;ouml;da flyktingar efter finska inb&amp;ouml;rdeskriget 1918, amerikafinl&amp;auml;ndare som flyttade fr&amp;aring;n Nordamerika till Sovjetkarelen och sk. avhoppare som s&amp;ouml;kte f&amp;ouml;rs&amp;ouml;rjning under 1930-talets stora depression och massarbetsl&amp;ouml;shet. Inl&amp;auml;gget presenterar databasens struktur, funktioner och inneh&amp;aring;ll. Den interaktiva delen av databasen kommer att best&amp;aring; av olika s&amp;ouml;kfunktioner, fri tillg&amp;auml;nglighet av data med beaktande av dataskydd och digitaliserade dokument. Hundratals volont&amp;auml;rer har deltagit i projektets crowdsourcingkampanj.&lt;\/p&gt;&lt;br&gt;&lt;br&gt;&lt;b&gt;Dokument: &lt;\/b&gt;&lt;br&gt;&lt;a href='https:\/\/beyond-production.objects.dc-sto1.glesys.net\/projects\/1ec62755-9b51-6318-9c6c-06740b380f04\/documents\/4S1O36qJb6EXRnrL39JYfmf5bFLjEeogcApeTAjC.pdf' target='_blank'&gt;13.15 Lone_H_Liljegren.pdf&lt;\/a&gt;&lt;br&gt;&lt;a href='https:\/\/beyond-production.objects.dc-sto1.glesys.net\/projects\/1ec62755-9b51-6318-9c6c-06740b380f04\/documents\/PGMeuwQoeSgc0bX7hhvgqR6yOVmBZ6apVah4qFDi.pdf' target='_blank'&gt;13.45 \u00d8yvind \u00d8degaard.pdf&lt;\/a&gt;&lt;br&gt;&lt;a href='https:\/\/beyond-production.objects.dc-sto1.glesys.net\/projects\/1ec62755-9b51-6318-9c6c-06740b380f04\/documents\/MYMg7LrYdZypKmPLKvVSigJ8I2v2ClTTLP9fREDS.pdf' target='_blank'&gt;14.15 Sami Outinen.pdf&lt;\/a&gt;&lt;br&gt;&lt;br&gt;\"\n            data-category=\"Demokrati och r\u00e4tten till arkiv\"\n            data-category-ids=\"1249\"\n            data-span-all=\"\"\n                          style=\"background-color: #9dcdf8; color: white;\"\n                      >\n\n            <div class=\"event_content\">\n              <div class=\"title\">\n                                <span>1.2 Digitisering och digitalisering f\u00f6r samh\u00e4llets l\u00e5ngsiktiga informationsbehov - Retro- och massdigitalisering, metadata och artificiell intelligens<\/span>\n              <\/div>\n              <div class=\"span_room\"><span><\/span><\/div>\n              <div class=\"time\">\n                <span>\n                  13:15-14:45                <\/span><\/div>\n\n              <div class=\"lecturer\"><span>Lone Hedgaard Liljegren; \u00d8yvind \u00d8degaard; Sami Outinen<\/span><\/div>\n            <\/div>\n\n\n                                <div style=\"background-color:#9dcdf8; position: absolute !important ; height: 4px !important; left: 4px; right: 4px; bottom : 2px !important;  border\"><\/div>\n            \n          <\/div>\n\n      \n          <div class=\"event event-extra\"\n            data-id=\"1ec6312d-a3cd-6da2-be92-06740b380f04\"\n            data-project=\"1ec62755-9b51-6318-9c6c-06740b380f04\"\n            data-title=\"3.2 Samh\u00e4llets krishantering ur ett arkivperspektiv - Insamling av data i kriser och dokumentation om corona-pandemin\"\n            data-abs-nbr=\"\"\n            data-ystart=\"13.25\"\n            data-yend=\"14.75\"\n            data-time=\"13:15-14:45\"\n            data-room=\"4\"\n            data-room-id=\"1ec63105-fc5b-62b2-be64-06740b380f04\"\n            data-room-name=\"Lokal C3 - Parallel sessions\"\n            data-day=\"0\"\n            data-abs-path=\"\"\n            data-speaker=\"Bettina Westerholm; Eva Tegnhed; Marja-Leena Jalava; Peter Sivervall; Jette H. Kjellberg; Lars Kj\u00e6r; Bente Jensen\"\n            data-speakercell=\"Bettina Westerholm; Eva Tegnhed; Marja-Leena Jalava; Peter Sivervall; Jette H. Kjellberg; Lars Kj\u00e6r; Bente Jensen\"\n            data-info=\"&lt;b&gt;Moderator: &lt;\/b&gt;Veli-Matti Pussinen, Finland&lt;br&gt;&lt;br&gt;&lt;p&gt;Korta introduktioner av talarna med efterf&amp;ouml;ljande panelsamtal.&lt;\/p&gt;\n&lt;p&gt;&lt;strong&gt;Fr&amp;aring;gelistinsamling i krissituationer&lt;\/strong&gt;, Bettina Westerholm \ud83c\uddeb\ud83c\uddee&lt;\/p&gt;\n&lt;p&gt;Kulturvetenskapliga arkivet Cultura vid &amp;Aring;bo Akademi har samlat in tv&amp;aring; kortfr&amp;aring;gelistor som respons p&amp;aring; tv&amp;aring; krissituationer: en om knivd&amp;aring;det i &amp;Aring;bo centrum i augusti 2017, och en om coronaviruset som gick ut i mars 2020. Processerna med kortfr&amp;aring;gelistorna har varit mycket l&amp;auml;rorika i fr&amp;aring;ga om bland annat samarbete, etiska och juridiska aspekter, och har ocks&amp;aring; hj&amp;auml;lpt arkivet att f&amp;ouml;rb&amp;auml;ttra andra omr&amp;aring;den av sin verksamhet. Som ett snabbt och ekonomiskt s&amp;auml;tt att samla in ett kvalitativt, men brett, material p&amp;aring; kort tid har kortfr&amp;aring;gelistorna visat sig ge ett gott forskningsmaterial.&lt;\/p&gt;\n&lt;p&gt;&lt;br \/&gt;&lt;strong&gt;Dokumentationsarbete kring coronapandemins samh&amp;auml;llsp&amp;aring;verkan&lt;\/strong&gt;, Eva Tegnhed \ud83c\uddf8\ud83c\uddea&lt;\/p&gt;\n&lt;p&gt;Svenska Arkivf&amp;ouml;rbundet startade under coronapandemin projektet #Corona f&amp;ouml;r att stimulera sina medlemsorganisationer att dokumentera pandemin. Med erfarenhet av det stora intresse som finns f&amp;ouml;r Spanska sjukan och dess konsekvenser gick f&amp;ouml;rbundet ut med ett upprop f&amp;ouml;r att f&amp;aring;nga hur den p&amp;aring;g&amp;aring;ende pandemin p&amp;aring;verkat individ, samh&amp;auml;lle och organisationer. Det visade sig att det fanns ett stort behov av handledning i just samtidsdokumentation. Utifr&amp;aring;n detta utkommer Arkivf&amp;ouml;rbundet inom kort med en handbok kring &amp;auml;mnet.&lt;br \/&gt;&lt;br \/&gt;&lt;strong&gt;Documenting the crisis&lt;\/strong&gt;, Marja-Leena Jalava \ud83c\uddeb\ud83c\uddee&lt;\/p&gt;\n&lt;p&gt;The numerous Covid-19 related research projects worldwide are a proof that memory organizations are able to react quickly when crisis hit the society. The Finnish Literature Society has a long history of documenting everyday life through theme-based collection campaigns. In just a few days in March 2020 the archives was able to plan and launch the Koronakev&amp;auml;t (Corona Spring) collection campaign. The archives receive a comprehensive collection of descriptions of life in exceptional circumstances, but the campaign turned out to be significant for the contributors, researchers - and even the archivist as well.&lt;\/p&gt;\n&lt;p&gt;&lt;br \/&gt;&lt;strong&gt;Ut&amp;ouml;kat bevarande i samband med coronapandemin&lt;\/strong&gt;, Peter Sivervall \ud83c\uddf8\ud83c\uddea&lt;\/p&gt;\n&lt;p&gt;Svenska Riksarkivet gav ut rekommendationer till statliga myndigheter om ett ut&amp;ouml;kat bevarande av corona-relaterad dokumentation\/information. N&amp;aring;gra s&amp;auml;rskilda f&amp;ouml;reskrifter utf&amp;auml;rdades inte ut&amp;ouml;ver de som redan finns (oavsett omr&amp;aring;de).&lt;br \/&gt;&lt;br \/&gt;&lt;strong&gt;Rigsarkivets corona-indsamling&lt;\/strong&gt;, Jette H. Kjellberg \ud83c\udde9\ud83c\uddf0 og Lars Kj&amp;aelig;r \ud83c\udde9\ud83c\uddf0&lt;\/p&gt;\n&lt;p&gt;To uger efter Danmark blev lukket ned i marts 2020, gik Rigsarkivet igang med at indsamle dokumentation af coronakrisen. Form&amp;aring;let var at dokumentere den globale pandemis betydning for det danske samfund, men har ogs&amp;aring; haft fokus p&amp;aring; metodeudvikling, netv&amp;aelig;rksdannelse og samarbejde med andre bevaringsinstitutioner.&lt;br \/&gt;&lt;br \/&gt;&lt;strong&gt;Unders&amp;oslash;gelse af danske kulturarvsinstitutioners dokumentation af corona-krisen&lt;\/strong&gt;, Bente Jensen \ud83c\udde9\ud83c\uddf0&lt;\/p&gt;\n&lt;p&gt;En arbejdsgruppe nedsat af det danske Privatarkivudvalg med repr&amp;aelig;sentanter fra statslige, regionale og lokale museer og arkiver mfl. har udarbejdet en evaluering af bevaringsinstitutionernes indsamling af corona-dokumentation. P&amp;aring; baggrund af en sp&amp;oslash;rgeskemaunders&amp;oslash;gelse har gruppen udarbejdet en rapport.&lt;\/p&gt;\n&lt;p&gt;Udover at give et billede af, hvad der er indsamlet, vil opl&amp;aelig;gget pr&amp;aelig;sentere rapportens konklusioner og perspektiveringer til brug for fremtidig indsamling i krisesituationer. Det g&amp;aelig;lder b&amp;aring;de i forhold til fremtidigt samarbejde mellem institutionerne, indsamlingsmetoder med udgangspunkt i f&amp;aelig;lles teknologiske, brugercentrede l&amp;oslash;sninger samt etiske og juridiske forhold.&lt;\/p&gt;&lt;br&gt;&lt;br&gt;&lt;b&gt;Dokument: &lt;\/b&gt;&lt;br&gt;&lt;a href='https:\/\/beyond-production.objects.dc-sto1.glesys.net\/projects\/1ec62755-9b51-6318-9c6c-06740b380f04\/documents\/3vcihwCFjQQz1k3iIEJa0dk0yvojq5SuS10peTyv.pdf' target='_blank'&gt;13.15_Peter Sivervall.pdf&lt;\/a&gt;&lt;br&gt;&lt;a href='https:\/\/beyond-production.objects.dc-sto1.glesys.net\/projects\/1ec62755-9b51-6318-9c6c-06740b380f04\/documents\/5GkZJXCGSaULlqJNvWTWqmfGRDF7JjTNXHhT4QGR.pdf' target='_blank'&gt;13.15_Jette H. Kjellberg &amp; Lars Kj\u00e6r.pdf&lt;\/a&gt;&lt;br&gt;&lt;a href='https:\/\/beyond-production.objects.dc-sto1.glesys.net\/projects\/1ec62755-9b51-6318-9c6c-06740b380f04\/documents\/jReqX38aOXZMLygEFQDn9b9vorzw6nw7g5UgksFP.pdf' target='_blank'&gt;13.15_Eva Tegnhed.pdf&lt;\/a&gt;&lt;br&gt;&lt;a href='https:\/\/beyond-production.objects.dc-sto1.glesys.net\/projects\/1ec62755-9b51-6318-9c6c-06740b380f04\/documents\/jnM3alWBfLsBa9yMx5NrqNPPMDArqB4ECK0UgHOA.pdf' target='_blank'&gt;13.15_Bettina Westerholm.pdf&lt;\/a&gt;&lt;br&gt;&lt;a href='https:\/\/beyond-production.objects.dc-sto1.glesys.net\/projects\/1ec62755-9b51-6318-9c6c-06740b380f04\/documents\/tU6dPsIiRfb9GY538zNIFywtz2qmjpUKe6PfiRnx.pdf' target='_blank'&gt;13.15 Marja-Leena Jalava.pdf&lt;\/a&gt;&lt;br&gt;&lt;a href='https:\/\/beyond-production.objects.dc-sto1.glesys.net\/projects\/1ec62755-9b51-6318-9c6c-06740b380f04\/documents\/sBGFipZaGLaTJLF6JeMx49eSeKo7ezOHScayqlC6.pdf' target='_blank'&gt;13.15 Bente Jensen.pdf&lt;\/a&gt;&lt;br&gt;&lt;br&gt;\"\n            data-category=\"Arkiv p\u00e5 r\u00e4tt s\u00e4tt -  om legala och etiska aspekter\"\n            data-category-ids=\"1252\"\n            data-span-all=\"\"\n                          style=\"background-color: #fadf9f; color: white;\"\n                      >\n\n            <div class=\"event_content\">\n              <div class=\"title\">\n                                <span>3.2 Samh\u00e4llets krishantering ur ett arkivperspektiv - Insamling av data i kriser och dokumentation om corona-pandemin<\/span>\n              <\/div>\n              <div class=\"span_room\"><span><\/span><\/div>\n              <div class=\"time\">\n                <span>\n                  13:15-14:45                <\/span><\/div>\n\n              <div class=\"lecturer\"><span>Bettina Westerholm; Eva Tegnhed; Marja-Leena Jalava; Peter Sivervall; Jette H. Kjellberg; Lars Kj\u00e6r; Bente Jensen<\/span><\/div>\n            <\/div>\n\n\n                                <div style=\"background-color:#fadf9f; position: absolute !important ; height: 4px !important; left: 4px; right: 4px; bottom : 2px !important;  border\"><\/div>\n            \n          <\/div>\n\n      \n          <div class=\"event event-extra\"\n            data-id=\"1ec6312f-509b-6632-b08e-06740b380f04\"\n            data-project=\"1ec62755-9b51-6318-9c6c-06740b380f04\"\n            data-title=\"Workshop - Forbedret tilgjengeliggj\u00f8ring med AI\"\n            data-abs-nbr=\"\"\n            data-ystart=\"13.25\"\n            data-yend=\"14\"\n            data-time=\"13:15-14:00\"\n            data-room=\"5\"\n            data-room-id=\"1ec63106-320d-6cfc-a9c6-06740b380f04\"\n            data-room-name=\"Lokal C4 - Workshops\"\n            data-day=\"0\"\n            data-abs-path=\"\"\n            data-speaker=\"Kristin Jacobsen; David Haskiya\"\n            data-speakercell=\"Kristin Jacobsen; David Haskiya\"\n            data-info=\"&lt;p&gt;&lt;strong&gt;V&amp;auml;rd:&lt;\/strong&gt; &amp;Aacute;rni J&amp;oacute;hansson \ud83c\uddee\ud83c\uddf8&lt;\/p&gt;\n&lt;p&gt;&lt;strong&gt;Forbedret tilgjengeliggj&amp;oslash;ring med AI&lt;\/strong&gt;, Kristin Jacobsen \ud83c\uddf3\ud83c\uddf4 och David Haskiya \ud83c\uddf8\ud83c\uddea&lt;\/p&gt;\n&lt;p&gt;&amp;nbsp;&lt;\/p&gt;&lt;br&gt;&lt;br&gt;\"\n            data-category=\"Workshop,Demokrati och r\u00e4tten till arkiv\"\n            data-category-ids=\"1255,1249\"\n            data-span-all=\"\"\n                          style=\"background-color: #ced3ff; color: white;\"\n                      >\n\n            <div class=\"event_content\">\n              <div class=\"title\">\n                                <span>Workshop - Forbedret tilgjengeliggj\u00f8ring med AI<\/span>\n              <\/div>\n              <div class=\"span_room\"><span><\/span><\/div>\n              <div class=\"time\">\n                <span>\n                  13:15-14:00                <\/span><\/div>\n\n              <div class=\"lecturer\"><span>Kristin Jacobsen; David Haskiya<\/span><\/div>\n            <\/div>\n\n\n                                <div style=\"background-color:#ced3ff; position: absolute !important ; height: 4px !important; left: 4px; right: 4px; bottom : 2px !important;  border\"><\/div>\n            \n          <\/div>\n\n      \n          <div class=\"event event-extra\"\n            data-id=\"1ed38171-65a3-6de6-ab5f-020211776702\"\n            data-project=\"1ec62755-9b51-6318-9c6c-06740b380f04\"\n            data-title=\"Day 1 - English\"\n            data-abs-nbr=\"\"\n            data-ystart=\"13.333333333333\"\n            data-yend=\"14.833333333333\"\n            data-time=\"13:20-14:50\"\n            data-room=\"8\"\n            data-room-id=\"1ed22e14-47df-69ba-a91c-020287552602\"\n            data-room-name=\"Only digital sessions\"\n            data-day=\"0\"\n            data-abs-path=\"\"\n            data-speaker=\"\"\n            data-speakercell=\"\"\n            data-info=\"\"\n            data-category=\"\"\n            data-category-ids=\"\"\n            data-span-all=\"\"\n                          style=\"background-color: #347694;; color: white;\"\n                      >\n\n            <div class=\"event_content\">\n              <div class=\"title\">\n                                <span>Day 1 - English<\/span>\n              <\/div>\n              <div class=\"span_room\"><span><\/span><\/div>\n              <div class=\"time\">\n                <span>\n                  13:20-14:50                <\/span><\/div>\n\n              \n            <\/div>\n\n\n            \n          <\/div>\n\n      \n          <div class=\"event event-extra\"\n            data-id=\"1ec79e16-c425-6710-82f0-06740b380f04\"\n            data-project=\"1ec62755-9b51-6318-9c6c-06740b380f04\"\n            data-title=\"2.2 Tillg\u00e4nglighet och l\u00e5ngsiktigt bevarande - Hvordan bliver Rigsarkivet myndighedernes arkiv?\"\n            data-abs-nbr=\"\"\n            data-ystart=\"13.75\"\n            data-yend=\"14.25\"\n            data-time=\"13:45-14:15\"\n            data-room=\"0\"\n            data-room-id=\"1ec6275b-dcb9-6ab6-b842-06740b380f04\"\n            data-room-name=\"Lokal B123 - Webbs\u00e4nds - Plenary\"\n            data-day=\"0\"\n            data-abs-path=\"\"\n            data-speaker=\"Steen Andersen, Danmark\"\n            data-speakercell=\"Steen Andersen, Danmark\"\n            data-info=\"&lt;p&gt;&lt;strong&gt;Hvordan bliver Rigsarkivet myndighedernes arkiv?&lt;\/strong&gt; Steen Andersen \ud83c\udde9\ud83c\uddf0&lt;\/p&gt;\n&lt;p&gt;Rigsarkivet st&amp;aring;r i en formativ fase med hensyn til tilg&amp;aelig;ngeligg&amp;oslash;relse af data i relation til myndigheder. &amp;nbsp;Afd&amp;aelig;kningen af bruger&amp;oslash;nsker i forbindelse med Rigsarkivets &amp;rsquo;Tilsyn 2020&amp;rsquo; viser med al tydelighed en st&amp;oslash;rre eftersp&amp;oslash;rgsel p&amp;aring; adgang til data. Myndighederne &amp;oslash;nsker selv at kunne lave opslag i egne afleverede data, og det er tydeligt dokumenteret, at herved kunne Rigsarkivets samling bidrage til at styrke og effektivisere den data drevne myndighed.&lt;\/p&gt;\n&lt;p&gt;P&amp;aring; den formelle side er det tydeligt, at der er behov for en institutionel forandring i form af en arkivlovs&amp;aelig;ndring. En effektiv digitalisering af myndighedsservice foruds&amp;aelig;tter en eller anden form for &amp;aelig;ndring af den formelle ramme omkring myndigheders adgang til data. Der er behov for en &amp;aelig;ndring af loven, eller paraplytilladelser, som vil kunne give myndigheder det formelle grundlag for at kunne f&amp;aring; adgang til udvalgte dele af deres afleverede data i Rigsarkivet. Dette paper vil skitsere to modeller, som begge foruds&amp;aelig;tter en &amp;aelig;ndring af arkivloven. Model A vil v&amp;aelig;re en l&amp;oslash;sning, som vil v&amp;aelig;re pagt med hidtidig praksis p&amp;aring; feltet, mens Model B med sit forslag om oprettelsen af et &amp;rsquo;mellemarkiv&amp;rsquo; vil v&amp;aelig;re en nyskabelse med krav om organisatorisk nyt&amp;aelig;nkning.&lt;\/p&gt;\n&lt;p&gt;Rigsarkivet har i 2020 haft som prioriteret opgave at teste Database Preservation Toolkit (DBPTK) b&amp;aring;de internt med et arkiv fokus og eksternt med et myndighedsfokus. Denne test har vist, at DBPTK har stort potentiale i forhold til at kunne fungere som et fremtidigt tilg&amp;aelig;ngeligg&amp;oslash;relsessystem for Rigsarkivet.&lt;\/p&gt;\n&lt;p&gt;En af de helt centrale erfaringer fra den gennemf&amp;oslash;rte test var, at myndighedernes behov var anderledes end arkivarernes, men at DBPTK rummer de systemtekniske muligheder for at kunne foretage &amp;aelig;ndringer i m&amp;aring;den data bliver bearbejdet og data bliver pr&amp;aelig;senteret i v&amp;aelig;rkt&amp;oslash;jet. Det viste sig muligt efter efterkomme bruger&amp;oslash;nskerne efter dialog med myndighederne. DBPTK har vist sig som et s&amp;aelig;rdeles effektivt og brugbart system til tilg&amp;aelig;ngeligg&amp;oslash;relse af e-journaler, og det som st&amp;aring;r tilbage for Rigsarkivet er at gennemf&amp;oslash;re test af ESDH-systemer i v&amp;aelig;rkt&amp;oslash;jet.&lt;\/p&gt;\n&lt;p&gt;Selve v&amp;aelig;rkt&amp;oslash;jet er dog kun en del af l&amp;oslash;sningen, idet en mere digital myndighedsservice fordrer komponenter, som udvikles i relation til realiseringen af m&amp;aring;larkitekturen, herunder autentificering, sikker udlevering og etablering af dedikerede containere med styret adgang til data.&lt;\/p&gt;\n&lt;p&gt;&lt;iframe src=&quot;https:\/\/player.vimeo.com\/video\/755191815?h=8868a22c0d&quot; width=&quot;640&quot; height=&quot;564&quot; frameborder=&quot;0&quot; allowfullscreen=&quot;&quot;&gt;&lt;\/iframe&gt;&lt;\/p&gt;&lt;br&gt;&lt;br&gt;&lt;b&gt;Dokument: &lt;\/b&gt;&lt;br&gt;&lt;a href='https:\/\/beyond-production.objects.dc-sto1.glesys.net\/projects\/1ec62755-9b51-6318-9c6c-06740b380f04\/documents\/U5oO71crBk5vZ0ff34GpSslzG8dA9mNdaJ4ZKWvg.pdf' target='_blank'&gt;13.45 - Steen Andersen.pdf&lt;\/a&gt;&lt;br&gt;&lt;br&gt;\"\n            data-category=\"Effektiv informationshantering\"\n            data-category-ids=\"1251\"\n            data-span-all=\"\"\n                          style=\"background-color: #e0929b; color: white;\"\n                      >\n\n            <div class=\"event_content\">\n              <div class=\"title\">\n                                <span>2.2 Tillg\u00e4nglighet och l\u00e5ngsiktigt bevarande - Hvordan bliver Rigsarkivet myndighedernes arkiv?<\/span>\n              <\/div>\n              <div class=\"span_room\"><span><\/span><\/div>\n              <div class=\"time\">\n                <span>\n                  13:45-14:15                <\/span><\/div>\n\n              <div class=\"lecturer\"><span>Steen Andersen, Danmark<\/span><\/div>\n            <\/div>\n\n\n                                <div style=\"background-color:#e0929b; position: absolute !important ; height: 4px !important; left: 4px; right: 4px; bottom : 2px !important;  border\"><\/div>\n            \n          <\/div>\n\n      \n          <div class=\"event event-extra\"\n            data-id=\"1ec6311f-9cd2-651a-b457-06740b380f04\"\n            data-project=\"1ec62755-9b51-6318-9c6c-06740b380f04\"\n            data-title=\"Workshop - L\u00e5ngsiktigt digitalt bevarande av audiovisuell och elektronisk information\"\n            data-abs-nbr=\"\"\n            data-ystart=\"14\"\n            data-yend=\"14.75\"\n            data-time=\"14:00-14:45\"\n            data-room=\"5\"\n            data-room-id=\"1ec63106-320d-6cfc-a9c6-06740b380f04\"\n            data-room-name=\"Lokal C4 - Workshops\"\n            data-day=\"0\"\n            data-abs-path=\"\"\n            data-speaker=\"Joakim Andersson; Johan Ekdahl; Jens Kling\"\n            data-speakercell=\"Joakim Andersson; Johan Ekdahl; Jens Kling\"\n            data-info=\"&lt;p&gt;&lt;strong&gt;V&amp;auml;rd:&lt;\/strong&gt; &amp;Aacute;rni J&amp;oacute;hansson \ud83c\uddee\ud83c\uddf8&lt;\/p&gt;\n&lt;p&gt;&lt;strong&gt;L&amp;aring;ngsiktigt digitalt bevarande av audiovisuell och elektronisk information&lt;\/strong&gt;, Joakim Andersson \ud83c\uddf8\ud83c\uddea, Johan Ekdahl \ud83c\uddf8\ud83c\uddea, Jens Kling \ud83c\uddf8\ud83c\uddea&lt;\/p&gt;\n&lt;p&gt;Det l&amp;aring;ngsiktiga digitala bevarandet av audiovisuell och elektronisk information har flera utmaningar. Kulturarvet riskerar att f&amp;ouml;rst&amp;ouml;ras d&amp;aring; informationen, s&amp;aring;v&amp;auml;l analog som digital, &amp;auml;r lagrad p&amp;aring; media som inte &amp;auml;r best&amp;auml;ndig &amp;ouml;ver tid. Riksarkivet har drivit ett brett insamlingsprojekt med syfte att s&amp;auml;kra tillg&amp;aring;ngen till f&amp;ouml;r&amp;aring;ldrad uppspelningsutrustning. Teknik som &amp;auml;r avg&amp;ouml;rande f&amp;ouml;r att kunna s&amp;auml;kerst&amp;auml;lla det framtida l&amp;aring;ngtidsbevarandet och tillg&amp;aring;ngen till informationen. Att arbeta med material p&amp;aring; &amp;auml;ldre media &amp;auml;r utmanande, vilka pr&amp;ouml;vningar finns kring bevarandet?&lt;\/p&gt;&lt;br&gt;&lt;br&gt;&lt;b&gt;Dokument: &lt;\/b&gt;&lt;br&gt;&lt;a href='https:\/\/beyond-production.objects.dc-sto1.glesys.net\/projects\/1ec62755-9b51-6318-9c6c-06740b380f04\/documents\/oFS2jmEY4aEeRfZIajgrmjvtLI7madz7VEy6qgty.pdf' target='_blank'&gt;14.00 Jens Kling, Joakim Andersson och Johan Ekdahl - Digitalt bevarande.pdf&lt;\/a&gt;&lt;br&gt;&lt;br&gt;\"\n            data-category=\"Workshop,Effektiv informationshantering\"\n            data-category-ids=\"1255,1251\"\n            data-span-all=\"\"\n                          style=\"background-color: #ced3ff; color: white;\"\n                      >\n\n            <div class=\"event_content\">\n              <div class=\"title\">\n                                <span>Workshop - L\u00e5ngsiktigt digitalt bevarande av audiovisuell och elektronisk information<\/span>\n              <\/div>\n              <div class=\"span_room\"><span><\/span><\/div>\n              <div class=\"time\">\n                <span>\n                  14:00-14:45                <\/span><\/div>\n\n              <div class=\"lecturer\"><span>Joakim Andersson; Johan Ekdahl; Jens Kling<\/span><\/div>\n            <\/div>\n\n\n                                <div style=\"background-color:#ced3ff; position: absolute !important ; height: 4px !important; left: 4px; right: 4px; bottom : 2px !important;  border\"><\/div>\n            \n          <\/div>\n\n      \n          <div class=\"event event-extra\"\n            data-id=\"1ec79e18-b843-6e0e-9b09-06740b380f04\"\n            data-project=\"1ec62755-9b51-6318-9c6c-06740b380f04\"\n            data-title=\"2.2 Tillg\u00e4nglighet och l\u00e5ngsiktigt bevarande - Digital Private Archives\"\n            data-abs-nbr=\"\"\n            data-ystart=\"14.25\"\n            data-yend=\"14.75\"\n            data-time=\"14:15-14:45\"\n            data-room=\"0\"\n            data-room-id=\"1ec6275b-dcb9-6ab6-b842-06740b380f04\"\n            data-room-name=\"Lokal B123 - Webbs\u00e4nds - Plenary\"\n            data-day=\"0\"\n            data-abs-path=\"\"\n            data-speaker=\"Markus Merenmies\"\n            data-speakercell=\"Markus Merenmies\"\n            data-info=\"&lt;p&gt;&lt;strong&gt;Digital Private Archives - developing system supported ingest process&lt;\/strong&gt;, Markus Merenmies \ud83c\uddeb\ud83c\uddee&lt;\/p&gt;\n&lt;p&gt;This presentation describes how the National Archives of Finland (NAF) started to establish services and processes for the transfer and preservation of private archives in digital format. This is a description of piloting, testing and learning in connection with developing a whole new activity. At the same time, NAF is modernizing its whole collection management, preservation infrastructure and digital reading room services. The aim is to show how to we integrated a smaller project into bigger change, what opportunities we got and what challenges we faced.&lt;\/p&gt;&lt;br&gt;&lt;br&gt;&lt;b&gt;Dokument: &lt;\/b&gt;&lt;br&gt;&lt;a href='https:\/\/beyond-production.objects.dc-sto1.glesys.net\/projects\/1ec62755-9b51-6318-9c6c-06740b380f04\/documents\/BiuAEci2oJpfZQyPl1JFuU8W2iqJyP1W8c6a4v5Z.pdf' target='_blank'&gt;14.15 - Markus Merenmies.pdf&lt;\/a&gt;&lt;br&gt;&lt;br&gt;\"\n            data-category=\"Effektiv informationshantering\"\n            data-category-ids=\"1251\"\n            data-span-all=\"\"\n                          style=\"background-color: #e0929b; color: white;\"\n                      >\n\n            <div class=\"event_content\">\n              <div class=\"title\">\n                                <span>2.2 Tillg\u00e4nglighet och l\u00e5ngsiktigt bevarande - Digital Private Archives<\/span>\n              <\/div>\n              <div class=\"span_room\"><span><\/span><\/div>\n              <div class=\"time\">\n                <span>\n                  14:15-14:45                <\/span><\/div>\n\n              <div class=\"lecturer\"><span>Markus Merenmies<\/span><\/div>\n            <\/div>\n\n\n                                <div style=\"background-color:#e0929b; position: absolute !important ; height: 4px !important; left: 4px; right: 4px; bottom : 2px !important;  border\"><\/div>\n            \n          <\/div>\n\n      \n          <div class=\"event event-extra\"\n            data-id=\"1ec63131-5a02-69a8-9f77-06740b380f04\"\n            data-project=\"1ec62755-9b51-6318-9c6c-06740b380f04\"\n            data-title=\"Kaffepaus\"\n            data-abs-nbr=\"\"\n            data-ystart=\"14.75\"\n            data-yend=\"15.25\"\n            data-time=\"14:45-15:15\"\n            data-room=\"6\"\n            data-room-id=\"1ec6c818-5b77-6238-be18-06740b380f04\"\n            data-room-name=\"Konferensfoaj\u00e9\"\n            data-day=\"0\"\n            data-abs-path=\"\"\n            data-speaker=\"\"\n            data-speakercell=\"\"\n            data-info=\"\"\n            data-category=\"Socialt\"\n            data-category-ids=\"1254\"\n            data-span-all=\"1\"\n                          style=\"background-color: #dddddd; color: white;\"\n                      >\n\n            <div class=\"event_content\">\n              <div class=\"title\">\n                                <span>Kaffepaus<\/span>\n              <\/div>\n              <div class=\"span_room\"><span>Konferensfoaj\u00e9<br\/><\/span><\/div>\n              <div class=\"time\">\n                <span>\n                  14:45-15:15                <\/span><\/div>\n\n              \n            <\/div>\n\n\n                                <div style=\"background-color:#dddddd; position: absolute !important ; height: 4px !important; left: 4px; right: 4px; bottom : 2px !important;  border\"><\/div>\n            \n          <\/div>\n\n      \n          <div class=\"event event-extra\"\n            data-id=\"1ec63134-ebc4-65aa-a2d5-06740b380f04\"\n            data-project=\"1ec62755-9b51-6318-9c6c-06740b380f04\"\n            data-title=\"3.3 Arkiv p\u00e5 r\u00e4tt s\u00e4tt - Arkivens anv\u00e4ndning i krishantering\"\n            data-abs-nbr=\"\"\n            data-ystart=\"15.25\"\n            data-yend=\"15.75\"\n            data-time=\"15:15-15:45\"\n            data-room=\"0\"\n            data-room-id=\"1ec6275b-dcb9-6ab6-b842-06740b380f04\"\n            data-room-name=\"Lokal B123 - Webbs\u00e4nds - Plenary\"\n            data-day=\"0\"\n            data-abs-path=\"\"\n            data-speaker=\"Erik Borglund\"\n            data-speakercell=\"Erik Borglund\"\n            data-info=\"&lt;p&gt;&lt;strong&gt;Arkivens anv&amp;auml;ndning i krishantering&lt;\/strong&gt;, Erik Borglund \ud83c\uddf8\ud83c\uddea&lt;\/p&gt;\n&lt;p&gt;Arkiven &amp;auml;r en relativt oanv&amp;auml;nd k&amp;auml;lla f&amp;ouml;r kunskap kring modern krishantering. I f&amp;ouml;redraget kommer fokus att ligga p&amp;aring; hur arkiven kan bli mer anv&amp;auml;ndbara i krishantering.&lt;\/p&gt;\n&lt;p&gt;&lt;iframe src=&quot;https:\/\/player.vimeo.com\/video\/755141953?h=784a620fbe&quot; width=&quot;640&quot; height=&quot;564&quot; frameborder=&quot;0&quot; allowfullscreen=&quot;&quot;&gt;&lt;\/iframe&gt;&lt;\/p&gt;&lt;br&gt;&lt;br&gt;&lt;b&gt;Dokument: &lt;\/b&gt;&lt;br&gt;&lt;a href='https:\/\/beyond-production.objects.dc-sto1.glesys.net\/projects\/1ec62755-9b51-6318-9c6c-06740b380f04\/documents\/aw12kLFNmoYyIVG1UpxTqg7h9nQMFmybVthYPjsg.pdf' target='_blank'&gt;15.15 - Erik Borglund.pdf&lt;\/a&gt;&lt;br&gt;&lt;br&gt;\"\n            data-category=\"Arkiv p\u00e5 r\u00e4tt s\u00e4tt -  om legala och etiska aspekter\"\n            data-category-ids=\"1252\"\n            data-span-all=\"\"\n                          style=\"background-color: #fadf9f; color: white;\"\n                      >\n\n            <div class=\"event_content\">\n              <div class=\"title\">\n                                <span>3.3 Arkiv p\u00e5 r\u00e4tt s\u00e4tt - Arkivens anv\u00e4ndning i krishantering<\/span>\n              <\/div>\n              <div class=\"span_room\"><span><\/span><\/div>\n              <div class=\"time\">\n                <span>\n                  15:15-15:45                <\/span><\/div>\n\n              <div class=\"lecturer\"><span>Erik Borglund<\/span><\/div>\n            <\/div>\n\n\n                                <div style=\"background-color:#fadf9f; position: absolute !important ; height: 4px !important; left: 4px; right: 4px; bottom : 2px !important;  border\"><\/div>\n            \n          <\/div>\n\n      \n          <div class=\"event event-extra\"\n            data-id=\"1ec63138-6a09-6c50-aa6b-06740b380f04\"\n            data-project=\"1ec62755-9b51-6318-9c6c-06740b380f04\"\n            data-title=\"1.3 F\u00f6rb\u00e4ttra den digitala anv\u00e4ndningen - Brukarperspektiv, historiska befolkningsregister, metadata och geotaggning\"\n            data-abs-nbr=\"\"\n            data-ystart=\"15.25\"\n            data-yend=\"16.75\"\n            data-time=\"15:15-16:45\"\n            data-room=\"1\"\n            data-room-id=\"1ec63105-bf66-66d6-a574-06740b380f04\"\n            data-room-name=\"Lokal C1&2 - Parallel sessions\"\n            data-day=\"0\"\n            data-abs-path=\"\"\n            data-speaker=\"Kristin Br\u00f8gger Jensen; Allan Vestergaard; Mai-Brit Lauritsen; Laura Klingenbjerg Staugaard; Lars Nygaard; Kristin Jacobsen; Unnar Rafn Ingvarsson\"\n            data-speakercell=\"Kristin Br\u00f8gger Jensen; Allan Vestergaard; Mai-Brit Lauritsen; Laura Klingenbjerg Staugaard; Lars Nygaard; Kristin Jacobsen; Unnar Rafn Ingvarsson\"\n            data-info=\"&lt;b&gt;Moderator: &lt;\/b&gt;Jan Dalsten S\u00f8rensen, Danmark&lt;br&gt;&lt;br&gt;&lt;p&gt;15:15-15:45&lt;br \/&gt;&lt;strong&gt;Bedre adgang til Rigsarkivets data - En Indgang-projektet&lt;\/strong&gt;, Kristin Br&amp;oslash;gger Jensen \ud83c\udde9\ud83c\uddf0 og Allan Vestergaard \ud83c\udde9\ud83c\uddf0&lt;\/p&gt;\n&lt;p&gt;Adgang til arkiver handler ikke kun om affotografering, transskribering og metadata. Det handler ogs&amp;aring; om synlighed, overblik og overskuelighed. Og det handler om brugerrejser. Arkiverne har mange typer af brugere, med forskellige behov, forskellig kontekst og forskellig forh&amp;aring;ndsviden. Rigsarkivet i Danmark har i forbindelse med forberedelse af vores nye hjemmeside arbejdet indg&amp;aring;ende med at skabe overblik over brugertyperne og med at designe diversificerede brugerrejser for de v&amp;aelig;sentligste af disse.&lt;\/p&gt;\n&lt;p&gt;15:45-16:15&lt;br \/&gt;&lt;strong&gt;Folk i fortiden - et befolkningshistorisk danmarkskort&lt;\/strong&gt;, Mai-Brit Lauritsen \ud83c\udde9\ud83c\uddf0 og Laura Klingenbjerg Staugaard \ud83c\udde9\ud83c\uddf0&lt;\/p&gt;\n&lt;p&gt;I Danmark har vi i Rigsarkivet en ambition om at s&amp;aelig;tte data i spil til s&amp;aring; mange mennesker som muligt. Vores samlinger skal v&amp;aelig;re for alle. Det har blandt andet f&amp;oslash;rt til udviklingen af Folk i Fortiden &amp;ndash; Danmarks Befolkningshistoriske Atlas.&lt;\/p&gt;\n&lt;p&gt;Folk i Fortiden er et digitalt danmarkskort baseret p&amp;aring; oplysninger fra bl.a. folket&amp;aelig;llingerne, hvor de digitale data ikke blot anvendes til at vise forskelle i den demografiske udvikling i landet, men ogs&amp;aring; fungerer som en platform, hvorfra brugerne kan downloade data. Brugerne inviteres til at g&amp;aring; p&amp;aring; opdagelse p&amp;aring; kortet og selv unders&amp;oslash;ge, hvordan befolkningsudviklingen har v&amp;aelig;ret i et bestemt omr&amp;aring;de og m&amp;aring;ske endda selv downloade data og arbejde videre med dem.&lt;\/p&gt;\n&lt;p&gt;&lt;strong&gt;Historisk befolkningsregister&lt;\/strong&gt;, Lars Nygaard \ud83c\uddf3\ud83c\uddf4&lt;br \/&gt;Historisk befolkningsregister (HBR) er et prosjekt som i prinsippet forlenger det norske folkeregistret fra 1964 bakover i tid til 1801. Dette gj&amp;oslash;res ved &amp;aring;&amp;nbsp;&lt;em&gt;lenke&lt;\/em&gt;&amp;nbsp;sammen forekomster av identifiserbare personer i kildene til livsl&amp;oslash;p, og&amp;nbsp;&lt;em&gt;koble&lt;\/em&gt;&amp;nbsp;personene sammen i familienettverk (mor &amp;ndash; far &amp;ndash; barn). Hovedkildene til registret er kirkeb&amp;oslash;ker og folketellinger. HBR har en &amp;aring;pen del som er tilgjengelig for alle p&amp;aring; nettstedet&amp;nbsp;&lt;a href=&quot;https:\/\/url11.mailanyone.net\/v1\/?m=1nPjZC-0001BG-3y&amp;amp;i=57e1b682&amp;amp;c=2JZXtcb8w78MpajEf6HkF8p12KEntlit84GQO8ZrMeIDiotkAjjGVARjIJfq0su-nbdYGUO4ZNSXPsEUem2HKQRDS_eciWMKJCZ9rg2wx418wBqFxA8vtgxIiEIDphKMdeFYEtZ-zIjhC5QnV39ej1Hnatcupl9-5n5hIt59Bs2Drv7rNEGdsAVk-9MGbUQZvbVufQL_d7K8BXupkyLMOM-yMpIAx88MlKYy_LyV8F4&quot;&gt;histreg.no&lt;\/a&gt;. Den omfatter kun avd&amp;oslash;de personer f&amp;oslash;dt frem til ca. 1920. HBR har ogs&amp;aring; en tilgangsbegrenset del som ogs&amp;aring; omfatter n&amp;aring;levende personer og perioden fra 1920 til 1964. Den er kun tilgjengelig for forskere, fortrinnsvis i anonymisert versjon. Prosjektet er i to perioder &lt;a href=&quot;tel:20142018&quot;&gt;(2014-2018&lt;\/a&gt; og &lt;a href=&quot;tel:20222026&quot;&gt;2022-2026&lt;\/a&gt;) finansiert av Norges Forskningsr&amp;aring;ds program for forskningsinfrastruktur. Mange forskningsmilj&amp;oslash;er deltar i prosjektet.&amp;nbsp;&lt;\/p&gt;\n&lt;p&gt;16:15-16:45&lt;br \/&gt;&lt;strong&gt;Semantisk informasjonsmodell for metadata&lt;\/strong&gt;, Kristin Jacobsen \ud83c\uddf3\ud83c\uddf4&lt;\/p&gt;\n&lt;p&gt;I arbeidet rundt digitalisering, forenkling og bedre tilgang til arkiv p&amp;aring; tvers av forvaltningsniv&amp;aring; har Arkivverket satt i gang arbeid med en oppdatert tiln&amp;aelig;rming til metadata for arkiver. Et m&amp;aring;l med arbeidet er &amp;aring; kunne gi fleksibilitet for de som skal avlevere arkiver, samtidig som vi ivaretar viktige arkivfaglige krav og egenskaper. Ved en fleksibel og semantisk informasjonsmodell for metadata, som tar hensyn til ulike forvaltningsniv&amp;aring;, temaomr&amp;aring;der og formater for arkiv, vil man etablere en enhetlig m&amp;aring;te &amp;aring; beskrive arkivene.&lt;\/p&gt;\n&lt;p&gt;Brukere av arkivene har ofte ikke et forhold eller kjennskap til hvor arkivene kommer fra, hvilke format de har, eller hvilket temaomr&amp;aring;de de er etablert innen. Denne informasjonsmodellen legger ogs&amp;aring; til rette for en bedre kataloginngang med felles inngang til ulike arkiv.&lt;\/p&gt;\n&lt;p&gt;&lt;strong&gt;Geo-tagging i arkiver&lt;\/strong&gt;, Unnar Rafn \ud83c\uddee\ud83c\uddf8&lt;\/p&gt;\n&lt;p&gt;Unnar Rafn will talk about how AI technology and other modern technology has been used to combine datasets in a geoportal that various Iceland institutions have formed in cooperation. It includes geotagged names of people, farms and places since the beginning of the 20th century that have been harvested from archival material. Unnar will give insight into the project and talk about its prospects.&lt;\/p&gt;&lt;br&gt;&lt;br&gt;&lt;b&gt;Dokument: &lt;\/b&gt;&lt;br&gt;&lt;a href='https:\/\/beyond-production.objects.dc-sto1.glesys.net\/projects\/1ec62755-9b51-6318-9c6c-06740b380f04\/documents\/soxeqs1FGW42TdP6msBOBqcGvK6LGi8PBZ3PEQpQ.pdf' target='_blank'&gt;15.15 Kristin Br\u00f8gger Jensen &amp; Allan Vestergaard.pdf&lt;\/a&gt;&lt;br&gt;&lt;a href='https:\/\/beyond-production.objects.dc-sto1.glesys.net\/projects\/1ec62755-9b51-6318-9c6c-06740b380f04\/documents\/W2BjCGrXtCt17NFSy3WFaX74zfDikxhtKYoN7nct.pdf' target='_blank'&gt;15.45 Mai-Brit Lauritsen &amp; Laura Klingenbjerg Staugaard.pdf&lt;\/a&gt;&lt;br&gt;&lt;a href='https:\/\/beyond-production.objects.dc-sto1.glesys.net\/projects\/1ec62755-9b51-6318-9c6c-06740b380f04\/documents\/zOvKBOIOHEoxppATQ7HjglAMhMY9BhAl2CaXZ5vx.pdf' target='_blank'&gt;16.00 Lars_Nygaard.pdf&lt;\/a&gt;&lt;br&gt;&lt;a href='https:\/\/beyond-production.objects.dc-sto1.glesys.net\/projects\/1ec62755-9b51-6318-9c6c-06740b380f04\/documents\/rlp5vKkJO9YJxHeiAO2TgUAy8HONtG0StA67imDV.pdf' target='_blank'&gt;16.30 Unnar Rafn Ingvarsson.pdf&lt;\/a&gt;&lt;br&gt;&lt;br&gt;\"\n            data-category=\"Demokrati och r\u00e4tten till arkiv\"\n            data-category-ids=\"1249\"\n            data-span-all=\"\"\n                          style=\"background-color: #9dcdf8; color: white;\"\n                      >\n\n            <div class=\"event_content\">\n              <div class=\"title\">\n                                <span>1.3 F\u00f6rb\u00e4ttra den digitala anv\u00e4ndningen - Brukarperspektiv, historiska befolkningsregister, metadata och geotaggning<\/span>\n              <\/div>\n              <div class=\"span_room\"><span><\/span><\/div>\n              <div class=\"time\">\n                <span>\n                  15:15-16:45                <\/span><\/div>\n\n              <div class=\"lecturer\"><span>Kristin Br\u00f8gger Jensen; Allan Vestergaard; Mai-Brit Lauritsen; Laura Klingenbjerg Staugaard; Lars Nygaard; Kristin Jacobsen; Unnar Rafn Ingvarsson<\/span><\/div>\n            <\/div>\n\n\n                                <div style=\"background-color:#9dcdf8; position: absolute !important ; height: 4px !important; left: 4px; right: 4px; bottom : 2px !important;  border\"><\/div>\n            \n          <\/div>\n\n      \n          <div class=\"event event-extra\"\n            data-id=\"1ec6313a-9db8-61da-b8de-06740b380f04\"\n            data-project=\"1ec62755-9b51-6318-9c6c-06740b380f04\"\n            data-title=\"2.3 Arkiven bidrar och anpassas till den digitala samh\u00e4llsutvecklingen - F\u00f6rvaltning  och tillsyn i f\u00f6r\u00e4ndring; digital infrastruktur och IT-arkitektur\"\n            data-abs-nbr=\"\"\n            data-ystart=\"15.25\"\n            data-yend=\"16.75\"\n            data-time=\"15:15-16:45\"\n            data-room=\"4\"\n            data-room-id=\"1ec63105-fc5b-62b2-be64-06740b380f04\"\n            data-room-name=\"Lokal C3 - Parallel sessions\"\n            data-day=\"0\"\n            data-abs-path=\"\"\n            data-speaker=\"Annica R\u00e9nud; Anna-Kristina Andersson; Helga J\u00f3na Eir\u00edksd\u00f3ttir; \u00c1rni J\u00f3hannsson; Petra Dornbusch; Kjetil Reithaug\"\n            data-speakercell=\"Annica R\u00e9nud; Anna-Kristina Andersson; Helga J\u00f3na Eir\u00edksd\u00f3ttir; \u00c1rni J\u00f3hannsson; Petra Dornbusch; Kjetil Reithaug\"\n            data-info=\"&lt;b&gt;Moderator: &lt;\/b&gt;Nj\u00f6r\u00f0ur Sigur\u00f0sson, Island&lt;br&gt;&lt;br&gt;&lt;p&gt;Preliminary choices shows that this session might get full quickly.&lt;\/p&gt;\n&lt;p&gt;Be sure to plan a second option in your personal program, and we kindly ask you to respect limitations due to security policy.&lt;\/p&gt;\n&lt;p&gt;&amp;nbsp;&lt;\/p&gt;\n&lt;p&gt;15:15-15:45&lt;br \/&gt;&lt;strong&gt;Den digitala transformationens betydelse f&amp;ouml;r samh&amp;auml;llets informationsf&amp;ouml;rs&amp;ouml;rjning&lt;\/strong&gt;, Annica R&amp;eacute;nud \ud83c\uddf8\ud83c\uddea&lt;\/p&gt;\n&lt;p&gt;R&amp;auml;tten till arkivinformation kombinerat med den digitala utvecklingen &amp;auml;r centrala delar i f&amp;ouml;redraget och med informationen i centrum belyses en rad fr&amp;aring;gest&amp;auml;llningar. Vad bestod informationslandskapet av tidigare? Vad p&amp;aring;verkar informationens ekosystem idag? Vad blir resultatet f&amp;ouml;r samh&amp;auml;llets informationsf&amp;ouml;rs&amp;ouml;rjning? Och vad inneb&amp;auml;r den digitala transformationen f&amp;ouml;r samh&amp;auml;llets informationsf&amp;ouml;rs&amp;ouml;rjning?&lt;br \/&gt;&lt;br \/&gt;&lt;strong&gt;Arkivperspektiv som en del av den digitala infrastrukturen&lt;\/strong&gt;, Anna-Kristina Andersson \ud83c\uddf8\ud83c\uddea&lt;\/p&gt;\n&lt;p&gt;Den f&amp;ouml;rvaltningsgemensamma digitala infrastrukturen f&amp;ouml;r informationsutbyte best&amp;aring;r av byggblock, nationella grunddata och en struktur f&amp;ouml;r styrning. Kompetensomr&amp;aring;de Arkiv &amp;auml;r en del av styrmodellen och ska ge st&amp;ouml;d och v&amp;auml;gledning i arkivfr&amp;aring;gor till de deltagande myndigheterna. P&amp;aring; s&amp;aring; s&amp;auml;tt kommer arkivperspektivet att beaktas i ett tidigt skede i utvecklingen av Infrastrukturen.&lt;br \/&gt;&lt;br \/&gt;&lt;\/p&gt;\n&lt;p&gt;15:45-16:45&lt;br \/&gt;&lt;strong&gt;Organized surveillance in the public sector&lt;\/strong&gt;, Helga J&amp;oacute;na Eir&amp;iacute;ksd&amp;oacute;ttir \ud83c\uddee\ud83c\uddf8, &amp;Aacute;rni J&amp;oacute;hannsson \ud83c\uddee\ud83c\uddf8&lt;\/p&gt;\n&lt;p&gt;Helga J&amp;oacute;na Eir&amp;iacute;ksd&amp;oacute;ttir and &amp;Aacute;rni J&amp;oacute;hannsson will demonstrate how NAIS systematic surveillance surveys have had positive impact on record management in Iceland in recent years. Drawing on that experience, NAIS is taking the next step to an organized surveillance to bolster compliance to laws and regulations. Helga J&amp;oacute;na and &amp;Aacute;rni will talk about the blueprint of this next step and lessons learned in the process.&lt;br \/&gt;&lt;br \/&gt;&lt;strong&gt;Hvordan jobber vi med tilsyn?&lt;\/strong&gt; Kjetil Reithaug \ud83c\uddf3\ud83c\uddf4&lt;\/p&gt;\n&lt;p&gt;I sin tilsynsvirksomhet har Arkivverket sterkt fokus p&amp;aring; at tilsynene skal v&amp;aelig;re nyttige for form&amp;aring;let &amp;ndash; nemlig bedre arkiver og dokumentasjon. Metoden videreutvikles stadig, med sm&amp;aring; justering og utpr&amp;oslash;ving underveis. Tilsynsobjekter velges &amp;aring;rlig ut ved en risikobasert og arkivfaglig vurdering for &amp;aring; avdekke s&amp;aring;rbarheter. Tilsynene har hovedfokus p&amp;aring; elektronisk dokumentasjon og systemer, herunder ogs&amp;aring; organisering, ansvarsfordeling og dokumentasjon. Vi legger vekt p&amp;aring; at rapporten med resultat av tilsynet blir forst&amp;aring;tt av tilsynsobjektet, samtidig som vi fors&amp;oslash;ker holder en klar og tydelig linje mellom tilsyn p&amp;aring; ene siden og veiledning p&amp;aring; den andre.&lt;br \/&gt;&lt;br \/&gt;&lt;strong&gt;Hur jobbar svenska Riksarkivet med utveckling av tillsyns- och leveransfr&amp;aring;gor?&lt;\/strong&gt; Petra Dornbusch \ud83c\uddf8\ud83c\uddea&lt;\/p&gt;\n&lt;p&gt;Riksarkivets tillsynsverksamhet inneh&amp;aring;ller inspektioner, r&amp;aring;dgivning och utv&amp;auml;rdering. Ett utvecklingsarbete har p&amp;aring;g&amp;aring;tt f&amp;ouml;r att tydligg&amp;ouml;ra insatser p&amp;aring; kortare och l&amp;auml;ngre sikt. Nu finns &amp;auml;ven en strategi f&amp;ouml;r leveranser och f&amp;ouml;r r&amp;aring;dgivning finns en strategi f&amp;ouml;r fr&amp;auml;mjande av informationshantering. Tillsammans skapar dessa strategier en gemensam grund f&amp;ouml;r framtida arbete.&lt;\/p&gt;&lt;br&gt;&lt;br&gt;&lt;b&gt;Dokument: &lt;\/b&gt;&lt;br&gt;&lt;a href='https:\/\/beyond-production.objects.dc-sto1.glesys.net\/projects\/1ec62755-9b51-6318-9c6c-06740b380f04\/documents\/QYVv2IuLv6UfbbzT32txnHZSXwnD85fyMPtFNt1k.pdf' target='_blank'&gt;16.15 Petra Dornbusch.pdf&lt;\/a&gt;&lt;br&gt;&lt;a href='https:\/\/beyond-production.objects.dc-sto1.glesys.net\/projects\/1ec62755-9b51-6318-9c6c-06740b380f04\/documents\/HElA6VW3yAFPYBgBCP5vbfGSokKSgLKEd2qD7eAB.pdf' target='_blank'&gt;16.00 Kjetil Reithaug.pdf&lt;\/a&gt;&lt;br&gt;&lt;a href='https:\/\/beyond-production.objects.dc-sto1.glesys.net\/projects\/1ec62755-9b51-6318-9c6c-06740b380f04\/documents\/RWJ3nGF3kl8mt5wwWFOTkw6i2VZSWHhVhLQoIsYX.pdf' target='_blank'&gt;15.45 Helga J\u00f3na Eir\u00edksd\u00f3ttir &amp; \u00c1rni J\u00f3hannsson.pdf&lt;\/a&gt;&lt;br&gt;&lt;a href='https:\/\/beyond-production.objects.dc-sto1.glesys.net\/projects\/1ec62755-9b51-6318-9c6c-06740b380f04\/documents\/5Mz0trQlqAQExW20LUwfzk4gwqw98sfw2pzsh7Xs.pdf' target='_blank'&gt;15.30 Anna-Kristina Andersson.pdf&lt;\/a&gt;&lt;br&gt;&lt;a href='https:\/\/beyond-production.objects.dc-sto1.glesys.net\/projects\/1ec62755-9b51-6318-9c6c-06740b380f04\/documents\/wzVilgeRsFE7SLUjQmfFGV3LzRrDRc2DyZprQvL2.pdf' target='_blank'&gt;15.15 Annica Renud.pdf&lt;\/a&gt;&lt;br&gt;&lt;br&gt;\"\n            data-category=\"Effektiv informationshantering\"\n            data-category-ids=\"1251\"\n            data-span-all=\"\"\n                          style=\"background-color: #e0929b; color: white;\"\n                      >\n\n            <div class=\"event_content\">\n              <div class=\"title\">\n                                <span>2.3 Arkiven bidrar och anpassas till den digitala samh\u00e4llsutvecklingen - F\u00f6rvaltning  och tillsyn i f\u00f6r\u00e4ndring; digital infrastruktur och IT-arkitektur<\/span>\n              <\/div>\n              <div class=\"span_room\"><span><\/span><\/div>\n              <div class=\"time\">\n                <span>\n                  15:15-16:45                <\/span><\/div>\n\n              <div class=\"lecturer\"><span>Annica R\u00e9nud; Anna-Kristina Andersson; Helga J\u00f3na Eir\u00edksd\u00f3ttir; \u00c1rni J\u00f3hannsson; Petra Dornbusch; Kjetil Reithaug<\/span><\/div>\n            <\/div>\n\n\n                                <div style=\"background-color:#e0929b; position: absolute !important ; height: 4px !important; left: 4px; right: 4px; bottom : 2px !important;  border\"><\/div>\n            \n          <\/div>\n\n      \n          <div class=\"event event-extra\"\n            data-id=\"1ec6313e-0f96-66f0-bf3c-06740b380f04\"\n            data-project=\"1ec62755-9b51-6318-9c6c-06740b380f04\"\n            data-title=\"Workshop - Erfaringer med crowdsourcing\"\n            data-abs-nbr=\"\"\n            data-ystart=\"15.25\"\n            data-yend=\"16\"\n            data-time=\"15:15-16:00\"\n            data-room=\"5\"\n            data-room-id=\"1ec63106-320d-6cfc-a9c6-06740b380f04\"\n            data-room-name=\"Lokal C4 - Workshops\"\n            data-day=\"0\"\n            data-abs-path=\"\"\n            data-speaker=\"Markus Schunck; Allan Vestergaard; Renathe Johanne W\u00e5genes\"\n            data-speakercell=\"Markus Schunck; Allan Vestergaard; Renathe Johanne W\u00e5genes\"\n            data-info=\"&lt;p&gt;&lt;strong&gt;V&amp;auml;rd:&lt;\/strong&gt; Hrafnkell L&amp;aacute;russon \ud83c\uddee\ud83c\uddf8&lt;\/p&gt;\n&lt;p&gt;&lt;strong&gt;Erfaringer med crowdsourcing. Hvor langt kan vi g&amp;aring; med brugerinddragelse? Erfaringer fra brugerinddragelsesarbejdet i det danske Rigsarkiv&lt;\/strong&gt;, Markus Schunck \ud83c\udde9\ud83c\uddf0, Allan Vestergaard \ud83c\udde9\ud83c\uddf0 og Renathe Johanne W&amp;aring;genes \ud83c\uddf3\ud83c\uddf4&lt;\/p&gt;\n&lt;p&gt;Med udgangspunkt i erfaringerne fra arbejdet i Kildeindtastningskomiteen, d.v.s. den styregruppe der siden 1990erne har tilrettelagt arbejdet med afskrivningen af folket&amp;aelig;llinger til Dansk Demografisk Database, og som best&amp;aring;r af forskere, sl&amp;aelig;gts- og lokalhistorikere og repr&amp;aelig;sentanter fra Rigsarkivet, har Rigsarkivets crowdsourcing-team udviklet konceptet om radikal brugerinddragelse. Indtastningsprojekterne p&amp;aring; cs.sa.dk og andre af de brugerinddragelsesaktiviteter som cs-teamet arbejder med, er s&amp;aring;ledes kendetegnet ved, at de altid tager udgangspunkt i dr&amp;oslash;ftelser med de grupper som t&amp;aelig;nkes at bidrage til arbejdet samt de brugere som efterf&amp;oslash;lgende t&amp;aelig;nkes at kunne anvende data. Det g&amp;aelig;lder b&amp;aring;de projekternes omfang, hvilke data der skal afskrives hvis der er tale om et indtastningsprojekt o.s.v. afhandles p&amp;aring; forh&amp;aring;nd med disse grupper, ligesom der l&amp;oslash;bende er kontakt imellem cs-teamets medarbejdere, forskere og indtastere.&lt;\/p&gt;&lt;br&gt;&lt;br&gt;&lt;b&gt;Dokument: &lt;\/b&gt;&lt;br&gt;&lt;a href='https:\/\/beyond-production.objects.dc-sto1.glesys.net\/projects\/1ec62755-9b51-6318-9c6c-06740b380f04\/documents\/flD7Mgdj7e8GiVkPhmwdWDcMSTgtJVUbxUvWjKZ2.pdf' target='_blank'&gt;15.15 Markus Schunck &amp; Allan Vestergaard - Erfaringer med crowdsourcing.pdf&lt;\/a&gt;&lt;br&gt;&lt;a href='https:\/\/beyond-production.objects.dc-sto1.glesys.net\/projects\/1ec62755-9b51-6318-9c6c-06740b380f04\/documents\/ZmFVM9MWeCdCUVbGfkP1e7BleeeqDkdniruHhD6r.pdf' target='_blank'&gt;15.15 Renathe Johanne W\u00e5genes - Erfaringer med crowdsourcing.pdf&lt;\/a&gt;&lt;br&gt;&lt;br&gt;\"\n            data-category=\"Workshop,Demokrati och r\u00e4tten till arkiv\"\n            data-category-ids=\"1255,1249\"\n            data-span-all=\"\"\n                          style=\"background-color: #ced3ff; color: white;\"\n                      >\n\n            <div class=\"event_content\">\n              <div class=\"title\">\n                                <span>Workshop - Erfaringer med crowdsourcing<\/span>\n              <\/div>\n              <div class=\"span_room\"><span><\/span><\/div>\n              <div class=\"time\">\n                <span>\n                  15:15-16:00                <\/span><\/div>\n\n              <div class=\"lecturer\"><span>Markus Schunck; Allan Vestergaard; Renathe Johanne W\u00e5genes<\/span><\/div>\n            <\/div>\n\n\n                                <div style=\"background-color:#ced3ff; position: absolute !important ; height: 4px !important; left: 4px; right: 4px; bottom : 2px !important;  border\"><\/div>\n            \n          <\/div>\n\n      \n          <div class=\"event event-extra\"\n            data-id=\"1ec79e1e-20bc-6abc-b17b-06740b380f04\"\n            data-project=\"1ec62755-9b51-6318-9c6c-06740b380f04\"\n            data-title=\"3.3 Arkiv p\u00e5 r\u00e4tt s\u00e4tt - Etiske aspekter ved adgang til og udstilling af data\"\n            data-abs-nbr=\"\"\n            data-ystart=\"15.75\"\n            data-yend=\"16.25\"\n            data-time=\"15:45-16:15\"\n            data-room=\"0\"\n            data-room-id=\"1ec6275b-dcb9-6ab6-b842-06740b380f04\"\n            data-room-name=\"Lokal B123 - Webbs\u00e4nds - Plenary\"\n            data-day=\"0\"\n            data-abs-path=\"\"\n            data-speaker=\"Ole Magnus M\u00f8lbak Andersen, Danmark\"\n            data-speakercell=\"Ole Magnus M\u00f8lbak Andersen, Danmark\"\n            data-info=\"&lt;p&gt;&lt;strong&gt;Etiske aspekter ved adgang til og udstilling af data&lt;\/strong&gt;, Ole Magnus M&amp;oslash;lbak Andersen \ud83c\udde9\ud83c\uddf0&lt;\/p&gt;\n&lt;p&gt;De nationale arkivlove, GDPR og &amp;oslash;vrig lovgivning s&amp;aelig;tter rammer for, hvilke data arkiverne kan udlevere og under hvilke vilk&amp;aring;r, samt hvad og hvorn&amp;aring;r data kan publiceres. Dette skaber udfordringer af b&amp;aring;de praktisk og etisk karakter. I Danmark opleves et stigende fokus p&amp;aring; at beskytte f&amp;oslash;lsomme persondata parallelt med et stigende pres p&amp;aring; at give adgang til dem. Arkiverne m&amp;aring; derfor ofte v&amp;aelig;gte modsatrettede hensyn i h&amp;aring;ndteringen af sagerne. I pr&amp;aelig;sentationen beskrives en r&amp;aelig;kke dilemmaer, og der fort&amp;aelig;lles om det danske Rigsarkivs h&amp;aring;ndtering heraf.&lt;\/p&gt;\n&lt;p&gt;English version&lt;\/p&gt;\n&lt;p style=&quot;text-align: center;&quot;&gt;&lt;iframe src=&quot;https:\/\/player.vimeo.com\/video\/755094780?h=cf789ea33d&quot; width=&quot;640&quot; height=&quot;564&quot; frameborder=&quot;0&quot; allowfullscreen=&quot;&quot;&gt;&lt;\/iframe&gt;&lt;\/p&gt;&lt;br&gt;&lt;br&gt;&lt;b&gt;Dokument: &lt;\/b&gt;&lt;br&gt;&lt;a href='https:\/\/beyond-production.objects.dc-sto1.glesys.net\/projects\/1ec62755-9b51-6318-9c6c-06740b380f04\/documents\/GLn4k3lybxOosnVdvJ6QkaPST0SvaHEzskJee906.pdf' target='_blank'&gt;15.40 - Ole Magnus M\u00f8lbak Andersen.pdf&lt;\/a&gt;&lt;br&gt;&lt;br&gt;\"\n            data-category=\"Arkiv p\u00e5 r\u00e4tt s\u00e4tt -  om legala och etiska aspekter\"\n            data-category-ids=\"1252\"\n            data-span-all=\"\"\n                          style=\"background-color: #fadf9f; color: white;\"\n                      >\n\n            <div class=\"event_content\">\n              <div class=\"title\">\n                                <span>3.3 Arkiv p\u00e5 r\u00e4tt s\u00e4tt - Etiske aspekter ved adgang til og udstilling af data<\/span>\n              <\/div>\n              <div class=\"span_room\"><span><\/span><\/div>\n              <div class=\"time\">\n                <span>\n                  15:45-16:15                <\/span><\/div>\n\n              <div class=\"lecturer\"><span>Ole Magnus M\u00f8lbak Andersen, Danmark<\/span><\/div>\n            <\/div>\n\n\n                                <div style=\"background-color:#fadf9f; position: absolute !important ; height: 4px !important; left: 4px; right: 4px; bottom : 2px !important;  border\"><\/div>\n            \n          <\/div>\n\n      \n          <div class=\"event event-extra\"\n            data-id=\"1ec79e39-3a56-658e-8f33-06740b380f04\"\n            data-project=\"1ec62755-9b51-6318-9c6c-06740b380f04\"\n            data-title=\"Workshop - Att g\u00f6ra podcast om arkivmaterial - att kasta sig in i podd-trenden\"\n            data-abs-nbr=\"\"\n            data-ystart=\"16\"\n            data-yend=\"16.75\"\n            data-time=\"16:00-16:45\"\n            data-room=\"5\"\n            data-room-id=\"1ec63106-320d-6cfc-a9c6-06740b380f04\"\n            data-room-name=\"Lokal C4 - Workshops\"\n            data-day=\"0\"\n            data-abs-path=\"\"\n            data-speaker=\"Jens Kling; Maria Press\"\n            data-speakercell=\"Jens Kling; Maria Press\"\n            data-info=\"&lt;p&gt;&lt;strong&gt;V&amp;auml;rd:&lt;\/strong&gt; Hrafnkell L&amp;aacute;russon \ud83c\uddee\ud83c\uddf8&lt;\/p&gt;\n&lt;p&gt;&lt;strong&gt;Att g&amp;ouml;ra podcast om arkivmaterial - att kasta sig in i podd-trenden&lt;\/strong&gt;, Jens Kling \ud83c\uddf8\ud83c\uddea och Maria Press \ud83c\uddf8\ud83c\uddea&lt;\/p&gt;\n&lt;p&gt;Under Corona-pandemin har det svenska Riksarkivet s&amp;ouml;kt nya v&amp;auml;gar f&amp;ouml;r att n&amp;aring; sina anv&amp;auml;ndare och startat en podcast. Podden drivs fr&amp;aring;n Riksarkivet Landsarkivet i &amp;Ouml;stersund och medarbetare runt om i organisationen har bidragit med sin kunskap. Enheten f&amp;ouml;r ljud, bild och elektroniska arkiv har medverkat med en serie podd-avsnitt om den statliga svenska filmcensuren. Hur g&amp;aring;r man tillv&amp;auml;ga? Hur n&amp;aring;r man ut? Vilka &amp;auml;r erfarenheterna? Och hur skapas dialog med anv&amp;auml;ndarna?&lt;\/p&gt;&lt;br&gt;&lt;br&gt;&lt;b&gt;Dokument: &lt;\/b&gt;&lt;br&gt;&lt;a href='https:\/\/beyond-production.objects.dc-sto1.glesys.net\/projects\/1ec62755-9b51-6318-9c6c-06740b380f04\/documents\/ZJ5X54K2VS2FMmLnV1rYEbcHdPXABNyOZQxFTvpP.pdf' target='_blank'&gt;16.00 Jens Kling &amp; Maria Press - Att g\u00f6ra podcast om arkivmaterial.pdf&lt;\/a&gt;&lt;br&gt;&lt;br&gt;\"\n            data-category=\"Workshop,Demokrati och r\u00e4tten till arkiv\"\n            data-category-ids=\"1255,1249\"\n            data-span-all=\"\"\n                          style=\"background-color: #ced3ff; color: white;\"\n                      >\n\n            <div class=\"event_content\">\n              <div class=\"title\">\n                                <span>Workshop - Att g\u00f6ra podcast om arkivmaterial - att kasta sig in i podd-trenden<\/span>\n              <\/div>\n              <div class=\"span_room\"><span><\/span><\/div>\n              <div class=\"time\">\n                <span>\n                  16:00-16:45                <\/span><\/div>\n\n              <div class=\"lecturer\"><span>Jens Kling; Maria Press<\/span><\/div>\n            <\/div>\n\n\n                                <div style=\"background-color:#ced3ff; position: absolute !important ; height: 4px !important; left: 4px; right: 4px; bottom : 2px !important;  border\"><\/div>\n            \n          <\/div>\n\n      \n          <div class=\"event event-extra\"\n            data-id=\"1ec79e1e-95d7-6194-97b5-06740b380f04\"\n            data-project=\"1ec62755-9b51-6318-9c6c-06740b380f04\"\n            data-title=\"UTG\u00c5R: 3.3 Arkiv p\u00e5 r\u00e4tt s\u00e4tt - Demokrati och retten til arkiv\"\n            data-abs-nbr=\"\"\n            data-ystart=\"16.25\"\n            data-yend=\"16.75\"\n            data-time=\"16:15-16:45\"\n            data-room=\"0\"\n            data-room-id=\"1ec6275b-dcb9-6ab6-b842-06740b380f04\"\n            data-room-name=\"Lokal B123 - Webbs\u00e4nds - Plenary\"\n            data-day=\"0\"\n            data-abs-path=\"\"\n            data-speaker=\"Inga Marja Steinfjell\"\n            data-speakercell=\"Inga Marja Steinfjell\"\n            data-info=\"&lt;p&gt;&lt;strong&gt;&lt;span style=&quot;text-decoration: underline;&quot;&gt;UTG&amp;Aring;R:&lt;\/span&gt; Demokrati och retten til arkiv&lt;\/strong&gt;, Inga Marja Steinfjell \ud83c\uddf3\ud83c\uddf4&lt;\/p&gt;&lt;br&gt;&lt;br&gt;\"\n            data-category=\"Arkiv p\u00e5 r\u00e4tt s\u00e4tt -  om legala och etiska aspekter\"\n            data-category-ids=\"1252\"\n            data-span-all=\"\"\n                          style=\"background-color: #fadf9f; color: white;\"\n                      >\n\n            <div class=\"event_content\">\n              <div class=\"title\">\n                                <span>UTG\u00c5R: 3.3 Arkiv p\u00e5 r\u00e4tt s\u00e4tt - Demokrati och retten til arkiv<\/span>\n              <\/div>\n              <div class=\"span_room\"><span><\/span><\/div>\n              <div class=\"time\">\n                <span>\n                  16:15-16:45                <\/span><\/div>\n\n              <div class=\"lecturer\"><span>Inga Marja Steinfjell<\/span><\/div>\n            <\/div>\n\n\n                                <div style=\"background-color:#fadf9f; position: absolute !important ; height: 4px !important; left: 4px; right: 4px; bottom : 2px !important;  border\"><\/div>\n            \n          <\/div>\n\n      \n          <div class=\"event event-extra\"\n            data-id=\"1ed1d3bf-e745-66da-a2ba-020287552602\"\n            data-project=\"1ec62755-9b51-6318-9c6c-06740b380f04\"\n            data-title=\"Mingel\"\n            data-abs-nbr=\"\"\n            data-ystart=\"18.5\"\n            data-yend=\"19\"\n            data-time=\"18:30-19:00\"\n            data-room=\"6\"\n            data-room-id=\"1ec6c818-5b77-6238-be18-06740b380f04\"\n            data-room-name=\"Konferensfoaj\u00e9\"\n            data-day=\"0\"\n            data-abs-path=\"\"\n            data-speaker=\"\"\n            data-speakercell=\"\"\n            data-info=\"&lt;p&gt;F&amp;ouml;rdrink i konferesfoaj&amp;eacute;n, nedre plan.&lt;\/p&gt;&lt;br&gt;&lt;br&gt;\"\n            data-category=\"Socialt\"\n            data-category-ids=\"1254\"\n            data-span-all=\"1\"\n                          style=\"background-color: #dddddd; color: white;\"\n                      >\n\n            <div class=\"event_content\">\n              <div class=\"title\">\n                                <span>Mingel<\/span>\n              <\/div>\n              <div class=\"span_room\"><span>Konferensfoaj\u00e9<br\/><\/span><\/div>\n              <div class=\"time\">\n                <span>\n                  18:30-19:00                <\/span><\/div>\n\n              \n            <\/div>\n\n\n                                <div style=\"background-color:#dddddd; position: absolute !important ; height: 4px !important; left: 4px; right: 4px; bottom : 2px !important;  border\"><\/div>\n            \n          <\/div>\n\n      \n          <div class=\"event event-extra\"\n            data-id=\"1ec6313f-a306-62d6-91e1-06740b380f04\"\n            data-project=\"1ec62755-9b51-6318-9c6c-06740b380f04\"\n            data-title=\"Festmiddag\"\n            data-abs-nbr=\"\"\n            data-ystart=\"19\"\n            data-yend=\"22\"\n            data-time=\"19:00-22:00\"\n            data-room=\"7\"\n            data-room-id=\"1ec79e48-6fe7-66f8-b0a8-06740b380f04\"\n            data-room-name=\"Bankettsalen\"\n            data-day=\"0\"\n            data-abs-path=\"\"\n            data-speaker=\"\"\n            data-speakercell=\"\"\n            data-info=\"&lt;p&gt;Clarion Hotel Sign&lt;\/p&gt;&lt;br&gt;&lt;br&gt;\"\n            data-category=\"Socialt\"\n            data-category-ids=\"1254\"\n            data-span-all=\"1\"\n                          style=\"background-color: #dddddd; color: white;\"\n                      >\n\n            <div class=\"event_content\">\n              <div class=\"title\">\n                                <span>Festmiddag<\/span>\n              <\/div>\n              <div class=\"span_room\"><span>Bankettsalen<br\/><\/span><\/div>\n              <div class=\"time\">\n                <span>\n                  19:00-22:00                <\/span><\/div>\n\n              \n            <\/div>\n\n\n                                <div style=\"background-color:#dddddd; position: absolute !important ; height: 4px !important; left: 4px; right: 4px; bottom : 2px !important;  border\"><\/div>\n            \n          <\/div>\n\n      \n          <div class=\"event event-extra\"\n            data-id=\"1ed1d3c1-8d62-65bc-832a-020287552602\"\n            data-project=\"1ec62755-9b51-6318-9c6c-06740b380f04\"\n            data-title=\"Archive Dance Party\"\n            data-abs-nbr=\"\"\n            data-ystart=\"22\"\n            data-yend=\"0\"\n            data-time=\"22:00-00:00\"\n            data-room=\"7\"\n            data-room-id=\"1ec79e48-6fe7-66f8-b0a8-06740b380f04\"\n            data-room-name=\"Bankettsalen\"\n            data-day=\"0\"\n            data-abs-path=\"\"\n            data-speaker=\"\"\n            data-speakercell=\"\"\n            data-info=\"\"\n            data-category=\"Socialt\"\n            data-category-ids=\"1254\"\n            data-span-all=\"1\"\n                          style=\"background-color: #dddddd; color: white;\"\n                      >\n\n            <div class=\"event_content\">\n              <div class=\"title\">\n                                <span>Archive Dance Party<\/span>\n              <\/div>\n              <div class=\"span_room\"><span>Bankettsalen<br\/><\/span><\/div>\n              <div class=\"time\">\n                <span>\n                  22:00-00:00                <\/span><\/div>\n\n              \n            <\/div>\n\n\n                                <div style=\"background-color:#dddddd; position: absolute !important ; height: 4px !important; left: 4px; right: 4px; bottom : 2px !important;  border\"><\/div>\n            \n          <\/div>\n\n      \n          <div class=\"event event-extra\"\n            data-id=\"1ec63160-1a84-6310-b980-06740b380f04\"\n            data-project=\"1ec62755-9b51-6318-9c6c-06740b380f04\"\n            data-title=\"Andra konferensdagen \u00f6ppnar\"\n            data-abs-nbr=\"\"\n            data-ystart=\"8.75\"\n            data-yend=\"9\"\n            data-time=\"08:45-09:00\"\n            data-room=\"0\"\n            data-room-id=\"1ec6275b-dcb9-6ab6-b842-06740b380f04\"\n            data-room-name=\"Lokal B123 - Webbs\u00e4nds - Plenary\"\n            data-day=\"1\"\n            data-abs-path=\"\"\n            data-speaker=\"\"\n            data-speakercell=\"\"\n            data-info=\"\"\n            data-category=\"Gemensamt program\"\n            data-category-ids=\"1250\"\n            data-span-all=\"1\"\n                          style=\"background-color: #c2e798; color: white;\"\n                      >\n\n            <div class=\"event_content\">\n              <div class=\"title\">\n                                <span>Andra konferensdagen \u00f6ppnar<\/span>\n              <\/div>\n              <div class=\"span_room\"><span>Lokal B123 - Webbs\u00e4nds - Plenary<br\/><\/span><\/div>\n              <div class=\"time\">\n                <span>\n                  08:45-09:00                <\/span><\/div>\n\n              \n            <\/div>\n\n\n                                <div style=\"background-color:#c2e798; position: absolute !important ; height: 4px !important; left: 4px; right: 4px; bottom : 2px !important;  border\"><\/div>\n            \n          <\/div>\n\n      \n          <div class=\"event event-extra\"\n            data-id=\"1ec63164-8375-6a46-aec3-06740b380f04\"\n            data-project=\"1ec62755-9b51-6318-9c6c-06740b380f04\"\n            data-title=\"V\u00e4rldens b\u00e4sta offentliga f\u00f6rvaltning\"\n            data-abs-nbr=\"\"\n            data-ystart=\"9\"\n            data-yend=\"9.5\"\n            data-time=\"09:00-09:30\"\n            data-room=\"0\"\n            data-room-id=\"1ec6275b-dcb9-6ab6-b842-06740b380f04\"\n            data-room-name=\"Lokal B123 - Webbs\u00e4nds - Plenary\"\n            data-day=\"1\"\n            data-abs-path=\"\"\n            data-speaker=\"Eeva Kaunismaa, Finland\"\n            data-speakercell=\"Eeva Kaunismaa, Finland\"\n            data-info=\"&lt;p&gt;Eeva Kaunismaa, projektledare f&amp;ouml;r strategin f&amp;ouml;r reformering av offentlig f&amp;ouml;rvaltning, finansministeriet, \ud83c\uddeb\ud83c\uddee&lt;\/p&gt;\n&lt;p&gt;&amp;Auml;mnet f&amp;ouml;r presentationen &amp;auml;r strategin f&amp;ouml;r den offentliga f&amp;ouml;rvaltningen och hur den styr och st&amp;ouml;der reformeringen av hela den offentliga f&amp;ouml;rvaltningen under 2020-talet.&lt;\/p&gt;\n&lt;p&gt;En fungerande offentlig f&amp;ouml;rvaltning &amp;auml;r en v&amp;auml;sentlig del av en fungerande demokrati och ett blomstrande v&amp;auml;lf&amp;auml;rdssamh&amp;auml;lle. Den systematiska och m&amp;aring;lmedvetna reformeringen av f&amp;ouml;rvaltningen som beskrivs i strategin leder till smidigare vardagsservice, b&amp;auml;ttre r&amp;auml;ttss&amp;auml;kerhet i samh&amp;auml;llet och nya m&amp;ouml;jligheter f&amp;ouml;r f&amp;ouml;retag och sammanslutningar. En av m&amp;aring;ls&amp;auml;ttningarna i reformeringen av den offentliga f&amp;ouml;rvaltningen &amp;auml;r att verksamheten grundar sig p&amp;aring; information. Ett genomg&amp;aring;ende tema i riktlinjerna &amp;auml;r digitalisering som f&amp;ouml;r&amp;auml;ndringsmedel och en av de sju riktlinjerna heter &amp;rdquo;&amp;nbsp;Vi utnyttjar och erbjuder information p&amp;aring; ett f&amp;ouml;rutseende och m&amp;aring;ngsidigt s&amp;auml;tt&amp;rdquo;.&lt;\/p&gt;\n&lt;p&gt;&lt;iframe src=&quot;https:\/\/player.vimeo.com\/video\/755338679?h=0cb3e7aca6&quot; width=&quot;640&quot; height=&quot;564&quot; frameborder=&quot;0&quot; allowfullscreen=&quot;&quot;&gt;&lt;\/iframe&gt;&lt;\/p&gt;&lt;br&gt;&lt;br&gt;\"\n            data-category=\"Gemensamt program,Keynote\"\n            data-category-ids=\"1250,1253\"\n            data-span-all=\"1\"\n                          style=\"background-color: #c2e798; color: white;\"\n                      >\n\n            <div class=\"event_content\">\n              <div class=\"title\">\n                                <span>V\u00e4rldens b\u00e4sta offentliga f\u00f6rvaltning<\/span>\n              <\/div>\n              <div class=\"span_room\"><span>Lokal B123 - Webbs\u00e4nds - Plenary<br\/><\/span><\/div>\n              <div class=\"time\">\n                <span>\n                  09:00-09:30                <\/span><\/div>\n\n              <div class=\"lecturer\"><span>Eeva Kaunismaa, Finland<\/span><\/div>\n            <\/div>\n\n\n                                <div style=\"background-color:#c2e798; position: absolute !important ; height: 4px !important; left: 4px; right: 4px; bottom : 2px !important;  border\"><\/div>\n            \n          <\/div>\n\n      \n          <div class=\"event event-extra\"\n            data-id=\"1ec63167-feaf-6f4c-9583-06740b380f04\"\n            data-project=\"1ec62755-9b51-6318-9c6c-06740b380f04\"\n            data-title=\"Digitalisering av offentlige tjenester\"\n            data-abs-nbr=\"\"\n            data-ystart=\"9.5\"\n            data-yend=\"10\"\n            data-time=\"09:30-10:00\"\n            data-room=\"0\"\n            data-room-id=\"1ec6275b-dcb9-6ab6-b842-06740b380f04\"\n            data-room-name=\"Lokal B123 - Webbs\u00e4nds - Plenary\"\n            data-day=\"1\"\n            data-abs-path=\"\"\n            data-speaker=\"Knut Bj\u00f8rgaas, Norge\"\n            data-speakercell=\"Knut Bj\u00f8rgaas, Norge\"\n            data-info=\"&lt;p&gt;Knut Bj&amp;oslash;rgaas, avdelingsdirekt&amp;oslash;r med ansvar for digital strategi og samhandling i Digdir \ud83c\uddf3\ud83c\uddf4&lt;\/p&gt;\n&lt;p&gt;Norge har en digitaliseringsstrategi, &amp;eacute;n digital offentlig sektor. Foredraget vil handle om strategien og hvordan det g&amp;aring;r med implementeringen av den. Et sentralt element i strategien er felles &amp;oslash;kosystem, eller det digitale fundamentet som offentlige digitale tjenester hviler p&amp;aring;. Hvordan f&amp;aring;r vi arkiv til &amp;aring; passe godt inn i v&amp;aring;rt felles &amp;oslash;kosystem, og hvordan kan vi bruke arkiv til &amp;aring; bygge digitale tjenester for innbyggere, n&amp;aelig;ringsliv og frivillig sektor? Foredraget vil inneholde konkrete eksempler som illustrerer sp&amp;oslash;rsm&amp;aring;lene.&lt;\/p&gt;\n&lt;p&gt;&lt;iframe src=&quot;https:\/\/player.vimeo.com\/video\/755330770?h=fd50e6d698&quot; width=&quot;640&quot; height=&quot;564&quot; frameborder=&quot;0&quot; allowfullscreen=&quot;&quot;&gt;&lt;\/iframe&gt;&lt;\/p&gt;&lt;br&gt;&lt;br&gt;&lt;b&gt;Dokument: &lt;\/b&gt;&lt;br&gt;&lt;a href='https:\/\/beyond-production.objects.dc-sto1.glesys.net\/projects\/1ec62755-9b51-6318-9c6c-06740b380f04\/documents\/rPGJJMRXIZ697IIo79k9QzjNNAFWHvnC82aVlgOJ.pdf' target='_blank'&gt;09.30 - Knut Bj\u00f8rgaas.pdf&lt;\/a&gt;&lt;br&gt;&lt;br&gt;\"\n            data-category=\"Gemensamt program,Keynote\"\n            data-category-ids=\"1250,1253\"\n            data-span-all=\"1\"\n                          style=\"background-color: #c2e798; color: white;\"\n                      >\n\n            <div class=\"event_content\">\n              <div class=\"title\">\n                                <span>Digitalisering av offentlige tjenester<\/span>\n              <\/div>\n              <div class=\"span_room\"><span>Lokal B123 - Webbs\u00e4nds - Plenary<br\/><\/span><\/div>\n              <div class=\"time\">\n                <span>\n                  09:30-10:00                <\/span><\/div>\n\n              <div class=\"lecturer\"><span>Knut Bj\u00f8rgaas, Norge<\/span><\/div>\n            <\/div>\n\n\n                                <div style=\"background-color:#c2e798; position: absolute !important ; height: 4px !important; left: 4px; right: 4px; bottom : 2px !important;  border\"><\/div>\n            \n          <\/div>\n\n      \n          <div class=\"event event-extra\"\n            data-id=\"1ec63169-a388-6586-b32e-06740b380f04\"\n            data-project=\"1ec62755-9b51-6318-9c6c-06740b380f04\"\n            data-title=\"Kaffepaus\"\n            data-abs-nbr=\"\"\n            data-ystart=\"10\"\n            data-yend=\"10.5\"\n            data-time=\"10:00-10:30\"\n            data-room=\"6\"\n            data-room-id=\"1ec6c818-5b77-6238-be18-06740b380f04\"\n            data-room-name=\"Konferensfoaj\u00e9\"\n            data-day=\"1\"\n            data-abs-path=\"\"\n            data-speaker=\"\"\n            data-speakercell=\"\"\n            data-info=\"\"\n            data-category=\"Socialt\"\n            data-category-ids=\"1254\"\n            data-span-all=\"1\"\n                          style=\"background-color: #dddddd; color: white;\"\n                      >\n\n            <div class=\"event_content\">\n              <div class=\"title\">\n                                <span>Kaffepaus<\/span>\n              <\/div>\n              <div class=\"span_room\"><span>Konferensfoaj\u00e9<br\/><\/span><\/div>\n              <div class=\"time\">\n                <span>\n                  10:00-10:30                <\/span><\/div>\n\n              \n            <\/div>\n\n\n                                <div style=\"background-color:#dddddd; position: absolute !important ; height: 4px !important; left: 4px; right: 4px; bottom : 2px !important;  border\"><\/div>\n            \n          <\/div>\n\n      \n          <div class=\"event event-extra\"\n            data-id=\"1eced4a1-b678-641e-b850-020287552602\"\n            data-project=\"1ec62755-9b51-6318-9c6c-06740b380f04\"\n            data-title=\"Ukraina\"\n            data-abs-nbr=\"\"\n            data-ystart=\"10.5\"\n            data-yend=\"12\"\n            data-time=\"10:30-12:00\"\n            data-room=\"0\"\n            data-room-id=\"1ec6275b-dcb9-6ab6-b842-06740b380f04\"\n            data-room-name=\"Lokal B123 - Webbs\u00e4nds - Plenary\"\n            data-day=\"1\"\n            data-abs-path=\"\"\n            data-speaker=\"Marina Trattner; Anna-Karin Johansson; Maryna Paliienko\"\n            data-speakercell=\"Marina Trattner; Anna-Karin Johansson; Maryna Paliienko\"\n            data-info=\"&lt;p&gt;&lt;strong&gt;Riksarkivets roll i Ukrainas kamp f&amp;ouml;r sanningen, &lt;\/strong&gt;Marina Trattner \ud83c\uddf8\ud83c\uddea&lt;\/p&gt;\n&lt;p&gt;Ukrainska bibliotek och arkiv br&amp;auml;ndes ner av fiender och landets historia skrevs om i omg&amp;aring;ngar sedan 1169 n&amp;auml;r Kiev attackerades och plundrades av Andrej Bogoljubskij m.fl. En stor del av ukrainska historiker som p&amp;aring; ett eller annat s&amp;auml;tt aktivt f&amp;ouml;rs&amp;ouml;kt bevara landets historia f&amp;auml;ngslades eller m&amp;ouml;rdades.&lt;\/p&gt;\n&lt;p&gt;Kriget mellan moskoviterna och ukrainare har p&amp;aring;g&amp;aring;tt i m&amp;aring;nga hundra &amp;aring;r i olika former. Moskoviterna skrev om Ukrainas historia s&amp;aring; att den skulle passa deras aktuella politik. I dag vill Ryssland utrota allt ukrainskt &amp;rdquo;f&amp;ouml;r att l&amp;ouml;sa den ukrainska fr&amp;aring;gan&amp;rdquo; f&amp;ouml;r alltid. Den ryska arm&amp;eacute;n bombar ukrainska bibliotek, museum och arkiv. Historikerna m&amp;ouml;rdas eller tvingas att f&amp;ouml;rmedla rysk propaganda i skolor och p&amp;aring; universitet. Historien skrivs om igen, men i dag f&amp;aring;ngas ryssarnas medeltida grymhet momentant p&amp;aring; bild tack vare dagens tillg&amp;auml;ngliga teknik och bevisen blir omots&amp;auml;gliga. Att motarbeta rysk propaganda p&amp;aring; &lt;a href=&quot;tel:16001700&quot;&gt;1600-1700&lt;\/a&gt;-talet var betydligt sv&amp;aring;rare, men Sverige arbetade aktivt med detta och det finns gott om bevis bevarade p&amp;aring; Riksarkivet. Dessa handlingar hj&amp;auml;lper ukrainare att &amp;aring;terskapa sin historia.&lt;\/p&gt;\n&lt;p&gt;Marina Trattners m&amp;aring;l &amp;auml;r att hitta, &amp;ouml;vers&amp;auml;tta och publicera de dokument som talar om viktiga h&amp;auml;ndelser i Ukrainas historia och ber&amp;auml;tta sanningen om dem f&amp;ouml;r ukrainare och omv&amp;auml;rlden. Alla har r&amp;auml;tt att k&amp;auml;nna till sitt lands sanna historia, l&amp;auml;ra sig av tidigare fel och undvika dem i framtiden.&lt;\/p&gt;\n&lt;p&gt;Marina Trattner har samarbetat med Riksarkivet sedan ett &amp;aring;r tillbaka, unders&amp;ouml;kt svensk-ukrainska relationer, &amp;ouml;versatt diplomatisk korrespondens, rapporter, r&amp;aring;dsprotokoll och ber&amp;auml;ttelser fr&amp;aring;n svenska till ukrainska och publicerat dem i Ukraina. Tillsammans med svenska och ukrainska historiker, jurister och konstn&amp;auml;rer har hon skrivit en bok &amp;rdquo;Svenska arkivs skatter. Dokument om Ukrainas historia&amp;rdquo; d&amp;auml;r hon publicerar en rad k&amp;auml;llor fr&amp;aring;n slutet av 1500-talet till b&amp;ouml;rjan av 1900-talet. Boken inneh&amp;aring;ller bilder p&amp;aring; diplomatisk korrespondens, kartor, avskrifter p&amp;aring; originalspr&amp;aring;k och &amp;ouml;vers&amp;auml;ttningar till ukrainska.&lt;br \/&gt;&lt;br \/&gt;&lt;\/p&gt;\n&lt;p&gt;&lt;strong&gt;Kulturarvet i Ukraina under attack &amp;ndash; hur arbetar Unesco?, &lt;\/strong&gt;Anna-Karin Johansson \ud83c\uddf8\ud83c\uddea&lt;\/p&gt;\n&lt;p&gt;Kulturarvet i Ukraina har drabbats h&amp;aring;rt efter Rysslands anfall. Fram till juli fanns uppgifter om att omkring 170 bibliotek, monument, byggnader och museer hade skadats eller f&amp;ouml;rst&amp;ouml;rts. Unesco arbetar aktivt f&amp;ouml;r dokumentera det som sker och bidra till att skydda och &amp;aring;terst&amp;auml;lla det skadade. Det &amp;auml;r ett omfattande och l&amp;aring;ngsiktigt arbete som v&amp;auml;ntar&lt;\/p&gt;\n&lt;p&gt;&lt;br \/&gt;&lt;strong&gt;The Ukrainian archives during Russian military aggression: Mission of preserving cultural and historical heritage, &lt;\/strong&gt;Maryna Pallienko&lt;\/p&gt;\n&lt;p&gt;Archival institutions are extremely important factors in the existence of the state, functioning of public institutions, and the development of civil society. They take an active part in the processes of state formation; contribute to the successful performance of important managerial and administrative functions, the economic development, and implementation of significant scientific and cultural projects.&lt;\/p&gt;\n&lt;p&gt;The Ukrainian archives preserve a valuable documentary heritage, which can be used for research the political, economic, and socio-cultural development of the country since the Middle Ages to nowadays. In the process of evolving the independent Ukrainian statehood during the last thirty years, archives transformed into open democratic institutions. They demonstrate leading tendencies of Ukrainian societal development in their activity, participating in democratization and decommunization processes, as well as providing an important source base for scientific investigations.&lt;\/p&gt;\n&lt;p&gt;Regretfully, Russian destructive military aggression against Ukraine&amp;rsquo;s territorial integrity and sovereignty created the threat for our national cultural and archival heritage preservation. During the full-scale war and hybrid information confrontation, the importance of Ukrainian archives and the role of Ukrainian archivists have been significantly increased.&lt;\/p&gt;\n&lt;p&gt;Among the main challenges facing archival institutions, we should emphasize the threats to national security, the destruction of cultural objects as a result of military operations, the risk of documents&amp;rsquo; seizure by invaders. Mass bombardment of Ukrainian cities threatens to damage the buildings that house archival institutions and destroy the documents themselves.&lt;\/p&gt;\n&lt;p&gt;Nowadays, among the prior objectives that lie ahead the Ukrainian archivists, we should highlight preservation of the National Archival Fond of Ukraine as well as creation of the new archival collections that would accumulate documentary evidence of the Ukrainian nation&amp;rsquo;s heroic struggle against the Russian aggressor, thus, establishing the source base for scientific research of war events and contributing to the preservation of collective memory and national identity. An important area of activity should be the participation of Ukrainian scientists and archivists in international projects for the preservation, digitization and representation of archival and documentary resources. Today, the world supports Ukraine in the war for democratic values, and we must demonstrate to the world our readiness to defend our own national interests, &lt;span style=&quot;text-decoration: line-through;&quot;&gt;to&lt;\/span&gt; and respond to the challenges of war not only with weapons in our hands, but also in the information&lt;span style=&quot;text-decoration: line-through;&quot;&gt;al&lt;\/span&gt;, archival and scientific field.&lt;\/p&gt;\n&lt;p&gt;&amp;nbsp;&lt;\/p&gt;\n&lt;p&gt;&lt;strong&gt;Ukrainian archives during wartime,&lt;\/strong&gt; Anatolij Khromov&lt;\/p&gt;\n&lt;p&gt;&lt;iframe src=&quot;https:\/\/player.vimeo.com\/video\/755322694?h=a83cbc88d0&quot; width=&quot;640&quot; height=&quot;564&quot; frameborder=&quot;0&quot; allowfullscreen=&quot;&quot;&gt;&lt;\/iframe&gt; &lt;iframe src=&quot;https:\/\/player.vimeo.com\/video\/755314101?h=e954f57a5b&quot; width=&quot;640&quot; height=&quot;564&quot; frameborder=&quot;0&quot; allowfullscreen=&quot;&quot;&gt;&lt;\/iframe&gt; &lt;iframe src=&quot;https:\/\/player.vimeo.com\/video\/755307019?h=4e04d61920&quot; width=&quot;640&quot; height=&quot;564&quot; frameborder=&quot;0&quot; allowfullscreen=&quot;&quot;&gt;&lt;\/iframe&gt;&lt;\/p&gt;\n&lt;p&gt;&lt;iframe src=&quot;https:\/\/player.vimeo.com\/video\/755299893?h=158685f671&quot; width=&quot;640&quot; height=&quot;564&quot; frameborder=&quot;0&quot; allowfullscreen=&quot;&quot;&gt;&lt;\/iframe&gt;&lt;\/p&gt;&lt;br&gt;&lt;br&gt;&lt;b&gt;Dokument: &lt;\/b&gt;&lt;br&gt;&lt;a href='https:\/\/beyond-production.objects.dc-sto1.glesys.net\/projects\/1ec62755-9b51-6318-9c6c-06740b380f04\/documents\/52X30MM5ylYxU5zfEgWzl12oOmh8Fa2IEkbndtgS.pdf' target='_blank'&gt;Anatolij Khromov, Ukrainian archives during wartime.pdf&lt;\/a&gt;&lt;br&gt;&lt;a href='https:\/\/beyond-production.objects.dc-sto1.glesys.net\/projects\/1ec62755-9b51-6318-9c6c-06740b380f04\/documents\/S3TkV7igCCBbDAszljRbwRLlgWJG81fmbq8UGEKQ.pdf' target='_blank'&gt;11.00 - Anna-Karin Johansson.pdf&lt;\/a&gt;&lt;br&gt;&lt;a href='https:\/\/beyond-production.objects.dc-sto1.glesys.net\/projects\/1ec62755-9b51-6318-9c6c-06740b380f04\/documents\/FXYDBEzznzPfwpDUv3r79ooewnh7ZjoNzw4DpXMt.pdf' target='_blank'&gt;10.55 - Marina Trattner.pdf&lt;\/a&gt;&lt;br&gt;&lt;a href='https:\/\/beyond-production.objects.dc-sto1.glesys.net\/projects\/1ec62755-9b51-6318-9c6c-06740b380f04\/documents\/Ebvy0nemkkUV1s3Wov4F2A2wIAxnqhz3Si0EXf3f.pdf' target='_blank'&gt;10.30 - Karin \u00c5str\u00f6m Iko - Ukraina.pdf&lt;\/a&gt;&lt;br&gt;&lt;br&gt;10:30-10:52: Karin \u00c5str\u00f6m &amp; Marina trattner&lt;br&gt;&lt;br\/&gt;10:52-11:14: Anna-Carin Johansson&lt;br&gt;&lt;br\/&gt;11:14-11:36: Maryna Palilenko&lt;br&gt;&lt;br\/&gt;11:36-12:00: Anatoli Khromov\"\n            data-category=\"Demokrati och r\u00e4tten till arkiv\"\n            data-category-ids=\"1249\"\n            data-span-all=\"\"\n                          style=\"background-color: #9dcdf8; color: white;\"\n                      >\n\n            <div class=\"event_content\">\n              <div class=\"title\">\n                                <span>Ukraina<\/span>\n              <\/div>\n              <div class=\"span_room\"><span><\/span><\/div>\n              <div class=\"time\">\n                <span>\n                  10:30-12:00                <\/span><\/div>\n\n              <div class=\"lecturer\"><span>Marina Trattner; Anna-Karin Johansson; Maryna Paliienko<\/span><\/div>\n            <\/div>\n\n\n                                <div style=\"background-color:#9dcdf8; position: absolute !important ; height: 4px !important; left: 4px; right: 4px; bottom : 2px !important;  border\"><\/div>\n            \n          <\/div>\n\n      \n          <div class=\"event event-extra\"\n            data-id=\"1ec631d5-ce43-6214-bb18-06740b380f04\"\n            data-project=\"1ec62755-9b51-6318-9c6c-06740b380f04\"\n            data-title=\"1.4 Tillg\u00e5ng till arkiv - gemensamma l\u00f6sningar, digitala s\u00f6ktj\u00e4nster och processf\u00f6rb\u00e4ttringar\"\n            data-abs-nbr=\"\"\n            data-ystart=\"10.5\"\n            data-yend=\"12\"\n            data-time=\"10:30-12:00\"\n            data-room=\"2\"\n            data-room-id=\"1eced49a-525f-6e2a-b03a-020287552602\"\n            data-room-name=\"Lokal C1 - Parallel sessions\"\n            data-day=\"1\"\n            data-abs-path=\"\"\n            data-speaker=\"Hilde Uthaug; Maria Kallio-Hirvonen; Asbj\u00f8rn Romvig Thomsen; Jeppe Klok Due; Monica Strand\"\n            data-speakercell=\"Hilde Uthaug; Maria Kallio-Hirvonen; Asbj\u00f8rn Romvig Thomsen; Jeppe Klok Due; Monica Strand\"\n            data-info=\"&lt;b&gt;Moderator: &lt;\/b&gt;Magnus Geber, Sverige&lt;br&gt;&lt;br&gt;&lt;p&gt;Preliminary choices shows that this session might get full quickly.&lt;\/p&gt;\n&lt;p&gt;Be sure to plan a second option in your personal program, and we kindly ask you to respect limitations due to security policy.&lt;\/p&gt;\n&lt;p&gt;&amp;nbsp;&lt;\/p&gt;\n&lt;p&gt;&lt;strong&gt;Information from the moderator&lt;\/strong&gt;&lt;\/p&gt;\n&lt;p&gt;Here are some remarks regarding the session.&lt;\/p&gt;\n&lt;p&gt;The presentations will come as in the program, but there might be some minor adjustments of the time. Normally after each presentation, there will be some minutes for questions.&lt;\/p&gt;\n&lt;p&gt;The presentations can be in different languages. But the questions and discussion are supposed to be in English.&lt;\/p&gt;\n&lt;p&gt;There will be a possibility to receive the presentations in advance. I always thought it is a great advantage to be able to have a presentation before the session, to be able to prepare and easier make notes while listening. And now when some in the audience can have languages problem it may help a lot for them. So each person attending this session may contact me and I will send them the presentations by e-mail. Important to remember is that it might not be the final version, there may occur some updates at the actual session. Write to me at magnus.geber@riksarkivet.se .&lt;\/p&gt;\n&lt;p&gt;&amp;nbsp;&lt;\/p&gt;\n&lt;p&gt;&lt;strong&gt;Program&lt;\/strong&gt;&lt;\/p&gt;\n&lt;p&gt;10:30-11:00&lt;strong&gt;&lt;br \/&gt;Digitalarkivet som en nasjonal ressurs&lt;\/strong&gt;, Hilde Uthaug \ud83c\uddf3\ud83c\uddf4&lt;\/p&gt;\n&lt;p&gt;Digitalarkivet skal bli en fellesl&amp;oslash;sning for mottak, bevaring og publisering av historiske data fra hele arkivfeltet, for statlige, kommunale og bevaringsinstitusjoner for private arkiv. L&amp;oslash;sningen vil gi en vesentlig forenkling og forbedring av verdikjeden fra mottak og bevaring, til publisering. Sentrale sp&amp;oslash;rsm&amp;aring;l er: Hvordan jobber man med &amp;aring; utvikle Digitalarkivet for hele arkivsektoren? Hvordan tenker man n&amp;aring;r man utvikler kjernen i et &amp;oslash;kosystem?&lt;\/p&gt;\n&lt;p&gt;&lt;strong&gt;Digitala domb&amp;ouml;cker&lt;\/strong&gt;, Maria Kallio-Hirvonen \ud83c\uddeb\ud83c\uddee&lt;\/p&gt;\n&lt;p&gt;Presentationen beskriver ett fler&amp;aring;rigt projekt d&amp;auml;r miljontals sidor digitaliserades och bearbetades till en helt digital version av 1800-talets domb&amp;ouml;cker. I Riksarkivets Dombokss&amp;ouml;kning kan kunderna l&amp;auml;sa och s&amp;ouml;ka direkt ur handskrivet material p&amp;aring; basis av automatiskt producerade transkriberingar. Dessutom har man med tanke p&amp;aring; forskningen gjort ett gr&amp;auml;nssnitt f&amp;ouml;r tj&amp;auml;nsten. Med hj&amp;auml;lp av gr&amp;auml;nssnittet kan man utifr&amp;aring;n materialet bilda omfattande datapaket av forskningsmaterial och analysera stora m&amp;auml;ngder material med hj&amp;auml;lp av digitala verktyg.&lt;\/p&gt;\n&lt;p&gt;11:00-11:30&lt;strong&gt;&lt;br \/&gt;Linked lives&lt;\/strong&gt;, Asbj&amp;oslash;rn Romvig Thomsen \ud83c\udde9\ud83c\uddf0&lt;\/p&gt;\n&lt;p&gt;Link-Lives er et tv&amp;aelig;rfagligt samarbejdsprojekt mellem Rigsarkivet, K&amp;oslash;benhavns Stadsarkiv og K&amp;oslash;benhavns Universitet, som er finansieret af Innovationsfonden og Carlsberg-Fondet i perioden 2019-2024. Projektets m&amp;aring;l er at foretage maskinel linkning af transskriberede folket&amp;aelig;llinger og kirkeb&amp;oslash;ger, s&amp;aring; der skabes nationale big data om danskernes livsl&amp;oslash;b fra den f&amp;oslash;rste folket&amp;aelig;lling i 1787 frem til det centrale personregisters indf&amp;oslash;relse i 1968. I opl&amp;aelig;gget vil vi for det f&amp;oslash;rste vise, hvilke metodiske udfordringer det giver, n&amp;aring;r mennesker og algoritmer linker menneskeskabte data, og for det andet vise, hvordan et s&amp;aring;dant projekt kan give data tilbage til brugerne &amp;ndash; hvad enten det er de sl&amp;aelig;gtsforskere, der har transskriberet grundmaterialet, eller forskere, som har brug for data til andre projekter.&lt;\/p&gt;\n&lt;p&gt;&lt;strong&gt;Multigenerationsregisteret&lt;\/strong&gt;, Jeppe Klok Due \ud83c\udde9\ud83c\uddf0&lt;\/p&gt;\n&lt;p&gt;Multigenerationsregistret (MGR) etablerer familierelationer for hele den danske befolkning fra 1920 frem til det Centrale Person Register i 1968. MGR dannes ved en digitalisering af kirkeb&amp;oslash;gerne ved hj&amp;aelig;lp af kunstig intelligens, hvorefter information fra kirkeb&amp;oslash;gerne linkes til CPR-registret.&lt;\/p&gt;\n&lt;p&gt;Form&amp;aring;let med MGR at etablere en infrastruktur, der g&amp;oslash;r det muligt at koble data fra eksisterende registre og biobanker i l&amp;aelig;ngden over 3-4 generationer og i bredden mellem f&amp;aelig;tre og kusiner. Dette vil bidraget il en bedre forst&amp;aring;else af v&amp;aelig;sentlige samfundsproblemer vedr&amp;oslash;rende sundhed, sygdom og sociale forhold.&lt;\/p&gt;\n&lt;p&gt;MGR er et unikt samarbejde mellem f&amp;oslash;rende eksperter inden for kunstig intelligens fra K&amp;oslash;benhavns Universitet, registerforskning fra Aarhus Universitet og historiske data fra Rigsarkivet. MGR er finansieret af Novo Nordisk Fonden.&lt;\/p&gt;\n&lt;p&gt;Projektet vil ydermere unders&amp;oslash;ge perspektiverne ved at udnytte teknologien til at &amp;aring;bne andre analoge data for forskning, herunder mulighederne for at danne historiske fx et nationalt landspatientregister, medicinsk f&amp;oslash;dselsregister, kriminalitetsregister.&lt;\/p&gt;\n&lt;p&gt;11:30-12:00&lt;strong&gt;&lt;br \/&gt;Prosessforbedringer p&amp;aring; publikumsomr&amp;aring;det&lt;\/strong&gt;, Monica Strand \ud83c\uddf3\ud83c\uddf4&lt;\/p&gt;\n&lt;p&gt;Monica skal presentere Arkivverkets arbeid med prosessforbedringer knyttet til brukerbetjening. Den digitale samfunnsutviklingen f&amp;oslash;rer til at publikum forventer bedre og smidigere tilgang til informasjonen i arkivene. De &amp;oslash;kte forventningene b&amp;oslash;r m&amp;oslash;tes med mer agil prosessforbedring og tverrfaglig samarbeid. En viktig utfordring er hvordan automatisering og robotisering skal m&amp;oslash;te publikums behov og forventninger p&amp;aring; en bedre m&amp;aring;te enn dagens personlige saksbehandling og selvbetjente l&amp;oslash;sninger.&lt;\/p&gt;&lt;br&gt;&lt;br&gt;&lt;b&gt;Dokument: &lt;\/b&gt;&lt;br&gt;&lt;a href='https:\/\/beyond-production.objects.dc-sto1.glesys.net\/projects\/1ec62755-9b51-6318-9c6c-06740b380f04\/documents\/UqKLCjnUD4uw2tREYUz66tUcq8XgdFLWcZmAHQGv.pdf' target='_blank'&gt;11.30 Monica Strand.pdf&lt;\/a&gt;&lt;br&gt;&lt;a href='https:\/\/beyond-production.objects.dc-sto1.glesys.net\/projects\/1ec62755-9b51-6318-9c6c-06740b380f04\/documents\/mBoe6h8PfZ71ZAC4QRb9FF5vb7Z0P2ztnGHNQxOJ.pdf' target='_blank'&gt;11.15 Jeppe Klok Due.pdf&lt;\/a&gt;&lt;br&gt;&lt;a href='https:\/\/beyond-production.objects.dc-sto1.glesys.net\/projects\/1ec62755-9b51-6318-9c6c-06740b380f04\/documents\/IVIX69R07Be47nADOTN5DzbdsFUCK43e2uR2irEU.pdf' target='_blank'&gt;11.00 Asbj\u00f8rn Romvig Thomsen.pdf&lt;\/a&gt;&lt;br&gt;&lt;a href='https:\/\/beyond-production.objects.dc-sto1.glesys.net\/projects\/1ec62755-9b51-6318-9c6c-06740b380f04\/documents\/zFPUwxSD2UDfTIXwECiq613XubVhbwz1l2dvtXXH.pdf' target='_blank'&gt;10.45 Maria Kallio-Hirvonen.pdf&lt;\/a&gt;&lt;br&gt;&lt;a href='https:\/\/beyond-production.objects.dc-sto1.glesys.net\/projects\/1ec62755-9b51-6318-9c6c-06740b380f04\/documents\/mRk14W9ZKJcDZtb5bs0rogLNoHs5vtWlHrxBtZsc.pdf' target='_blank'&gt;10.30_Hilde Uthaug.pdf&lt;\/a&gt;&lt;br&gt;&lt;br&gt;\"\n            data-category=\"Demokrati och r\u00e4tten till arkiv\"\n            data-category-ids=\"1249\"\n            data-span-all=\"\"\n                          style=\"background-color: #9dcdf8; color: white;\"\n                      >\n\n            <div class=\"event_content\">\n              <div class=\"title\">\n                                <span>1.4 Tillg\u00e5ng till arkiv - gemensamma l\u00f6sningar, digitala s\u00f6ktj\u00e4nster och processf\u00f6rb\u00e4ttringar<\/span>\n              <\/div>\n              <div class=\"span_room\"><span><\/span><\/div>\n              <div class=\"time\">\n                <span>\n                  10:30-12:00                <\/span><\/div>\n\n              <div class=\"lecturer\"><span>Hilde Uthaug; Maria Kallio-Hirvonen; Asbj\u00f8rn Romvig Thomsen; Jeppe Klok Due; Monica Strand<\/span><\/div>\n            <\/div>\n\n\n                                <div style=\"background-color:#9dcdf8; position: absolute !important ; height: 4px !important; left: 4px; right: 4px; bottom : 2px !important;  border\"><\/div>\n            \n          <\/div>\n\n      \n          <div class=\"event event-extra\"\n            data-id=\"1ec6c7fc-c0af-6b58-bdb2-06740b380f04\"\n            data-project=\"1ec62755-9b51-6318-9c6c-06740b380f04\"\n            data-title=\"3.4 Samarbete, samverkan och skydd av k\u00e4nslig information - Integritet, informationss\u00e4kerhet, samverkan f\u00f6r r\u00e4tten till arkiv och kulturarv\"\n            data-abs-nbr=\"\"\n            data-ystart=\"10.5\"\n            data-yend=\"12\"\n            data-time=\"10:30-12:00\"\n            data-room=\"3\"\n            data-room-id=\"1eced49a-a7d9-6108-b599-020287552602\"\n            data-room-name=\"Lokal C2 - Parallel sessions\"\n            data-day=\"1\"\n            data-abs-path=\"\"\n            data-speaker=\"Benedikt Ey\u00fe\u00f3rsson; Marie Lennersand; Nj\u00f6r\u00f0ur Sigur\u00f0sson, Island; Grete Gunn Bergstr\u00f8m; Hans Nikolai Nissen; Outi Hupaniittu\"\n            data-speakercell=\"Benedikt Ey\u00fe\u00f3rsson; Marie Lennersand; Nj\u00f6r\u00f0ur Sigur\u00f0sson, Island; Grete Gunn Bergstr\u00f8m; Hans Nikolai Nissen; Outi Hupaniittu\"\n            data-info=\"&lt;b&gt;Moderator: &lt;\/b&gt;Ole Magnus M\u00f8lbak Andersen, Danmark&lt;br&gt;&lt;br&gt;&lt;p&gt;Preliminary choices shows that this session might get full quickly.&lt;\/p&gt;\n&lt;p&gt;Be sure to plan a second option in your personal program, and we kindly ask you to respect limitations due to security policy.&lt;\/p&gt;\n&lt;p&gt;&amp;nbsp;&lt;\/p&gt;\n&lt;p&gt;10:30-11:00&lt;br \/&gt;&lt;strong&gt;&lt;span style=&quot;text-decoration: underline;&quot;&gt;UTG&amp;Aring;R&lt;\/span&gt; - Moral issues in the past and present&lt;\/strong&gt;, Benedikt Ey&amp;thorn;&amp;oacute;rsson \ud83c\uddee\ud83c\uddf8&lt;\/p&gt;\n&lt;p&gt;Benedikt Ey&amp;thorn;&amp;oacute;rsson discusses moral challenges that have risen due to opening of archives of various documents from WW2 in Iceland. These are mainly documents concerning the so called &amp;rdquo;Situation&amp;rdquo;, a historical label on the interaction between Allied soldiers and and Icelandic women. Benedikt will talk about the legal framework concerning these types of documents and the moral questions that have come about.&lt;br \/&gt;&lt;br \/&gt;&lt;strong&gt;Riksarkivets arbete med informationss&amp;auml;kerhet&lt;\/strong&gt;, Marie Lennersand \ud83c\uddf8\ud83c\uddea&lt;\/p&gt;\n&lt;p&gt;Personalen vid svenska Riksarkivet f&amp;aring;r sedan 2019 fortl&amp;ouml;pande utbildning inom informationss&amp;auml;kerhet och s&amp;auml;kerhetsskydd via webbs&amp;auml;nda seminarier. Bakgrunden &amp;auml;r nya lagar och f&amp;ouml;reskrifter inom dessa omr&amp;aring;den. Alla som arbetar med informationshantering ska ha tillr&amp;auml;ckliga kunskaper inom s&amp;auml;kerhetsomr&amp;aring;det alltifr&amp;aring;n cybers&amp;auml;kerhet till hantering av sekretess och personuppgifter. Seminarierna h&amp;aring;lls i egen regi f&amp;ouml;r att vara anpassad till den egna verksamheten.&lt;\/p&gt;\n&lt;p&gt;11:00-11:30&lt;br \/&gt;&lt;strong&gt;Shared Archival Heritage in the Nordic&lt;\/strong&gt;, Nj&amp;ouml;r&amp;eth;ur Sigur&amp;eth;sson \ud83c\uddee\ud83c\uddf8&lt;\/p&gt;\n&lt;p&gt;The Nordic region has a history of shared archival heritage, and disputed archival claims. The session will outline the results of recent Nordic expertseminar on the issue and further discuss number of questions on the matter: What examples do we have of shared archival heritage in the Nordic? How have archival claims been solved and are there unsolved cases? How can the Nordic archival community work together to make these records accessible in a way that allows all people to connect with their archival heritage?&lt;br \/&gt;&lt;br \/&gt;&lt;\/p&gt;\n&lt;p&gt;11:30-12:00&lt;br \/&gt;&lt;strong&gt;Doalli - digitale stier til ny samisk kunnskaps-utvikling&lt;\/strong&gt;, Grete Gunn Bergstr&amp;oslash;m \ud83c\uddf3\ud83c\uddf4 og Hans Nikolai Nissen&amp;nbsp; \ud83c\uddf3\ud83c\uddf4&lt;\/p&gt;\n&lt;p&gt;Doalli &amp;ndash; digitale stier til ny samisk kunnskapsutvikling &amp;ndash; handler om utfordringene som urfolk og minoriteter opplever for &amp;aring; benytte seg av sin rett til tilgang til viktige kilder til egen kultur, historie, spr&amp;aring;k og rettsutvikling. Den digitale utviklinga gir oss bedre muligheter til &amp;aring; ut&amp;oslash;ve denne retten. Foredraget vil vise eksempler p&amp;aring; hvordan hittil ukjente kilder kan bidra til ny kunnskapsutvikling for det samiske samfunn og muligens utfordre tradisjonelle oppfatninger.&lt;br \/&gt;&lt;br \/&gt;&lt;strong&gt;Encouraging people to own the cultural heritage&lt;\/strong&gt;, Outi Hupaniittu \ud83c\uddeb\ud83c\uddee&lt;\/p&gt;\n&lt;p&gt;In 2013, archival theorist Terry Cook wrote about four shifting paradigms that can be seen in archival thinking. Evidence, memory, identity, and community can also be seen as perspectives towards the profession and as tools in strategic planning. When assessed with the Cook&amp;rsquo;s terms, the major Finnish museums have reached the community paradigm, where the organisation invites citizens to partake in the cultural heritage. Simultaneously, strategies of the archives focus on their high standards of professionalism, on acquisition and preservation, research infrastructures and co-operation with the academic researchers. Whereas museums seem to highlight the societal aspects of cultural heritage, archives appear to focus on their own role as professionals of the past.&lt;\/p&gt;&lt;br&gt;&lt;br&gt;&lt;b&gt;Dokument: &lt;\/b&gt;&lt;br&gt;&lt;a href='https:\/\/beyond-production.objects.dc-sto1.glesys.net\/projects\/1ec62755-9b51-6318-9c6c-06740b380f04\/documents\/fhe7ejpbvFvKpK7enb3OAHlQX5xt0PsFFRSdUmEA.pdf' target='_blank'&gt;11.45 Outi Hupaniittu.pdf&lt;\/a&gt;&lt;br&gt;&lt;a href='https:\/\/beyond-production.objects.dc-sto1.glesys.net\/projects\/1ec62755-9b51-6318-9c6c-06740b380f04\/documents\/fnuq0leTjd7SAdVvALuREp4V5IX8L0MEnQouDdVz.pdf' target='_blank'&gt;11.30 Grete Gunn Bergstr\u00f8m &amp; Hans Nicolai Nissen.pdf&lt;\/a&gt;&lt;br&gt;&lt;a href='https:\/\/beyond-production.objects.dc-sto1.glesys.net\/projects\/1ec62755-9b51-6318-9c6c-06740b380f04\/documents\/SFkSAAmgsUtWOfauzAtaZcgaJxcPpGhlGroo7HJz.pdf' target='_blank'&gt;11.00 Nj\u00f6r\u00f0ur Sigur\u00f0sson.pdf&lt;\/a&gt;&lt;br&gt;&lt;a href='https:\/\/beyond-production.objects.dc-sto1.glesys.net\/projects\/1ec62755-9b51-6318-9c6c-06740b380f04\/documents\/i1ZDF0CuOdMQAaXVZ45ZRBq3xraPhGQmMI68lZKs.pdf' target='_blank'&gt;10.45 Marie Lennersand.pdf&lt;\/a&gt;&lt;br&gt;&lt;br&gt;\"\n            data-category=\"Arkiv p\u00e5 r\u00e4tt s\u00e4tt -  om legala och etiska aspekter\"\n            data-category-ids=\"1252\"\n            data-span-all=\"\"\n                          style=\"background-color: #fadf9f; color: white;\"\n                      >\n\n            <div class=\"event_content\">\n              <div class=\"title\">\n                                <span>3.4 Samarbete, samverkan och skydd av k\u00e4nslig information - Integritet, informationss\u00e4kerhet, samverkan f\u00f6r r\u00e4tten till arkiv och kulturarv<\/span>\n              <\/div>\n              <div class=\"span_room\"><span><\/span><\/div>\n              <div class=\"time\">\n                <span>\n                  10:30-12:00                <\/span><\/div>\n\n              <div class=\"lecturer\"><span>Benedikt Ey\u00fe\u00f3rsson; Marie Lennersand; Nj\u00f6r\u00f0ur Sigur\u00f0sson, Island; Grete Gunn Bergstr\u00f8m; Hans Nikolai Nissen; Outi Hupaniittu<\/span><\/div>\n            <\/div>\n\n\n                                <div style=\"background-color:#fadf9f; position: absolute !important ; height: 4px !important; left: 4px; right: 4px; bottom : 2px !important;  border\"><\/div>\n            \n          <\/div>\n\n      \n          <div class=\"event event-extra\"\n            data-id=\"1ec631e0-fef6-6306-80d0-06740b380f04\"\n            data-project=\"1ec62755-9b51-6318-9c6c-06740b380f04\"\n            data-title=\"2.4 Enskilda arkivens betydelse f\u00f6r det gemensamma kulturarvet och det demokratiska samtalet\"\n            data-abs-nbr=\"\"\n            data-ystart=\"10.5\"\n            data-yend=\"12\"\n            data-time=\"10:30-12:00\"\n            data-room=\"4\"\n            data-room-id=\"1ec63105-fc5b-62b2-be64-06740b380f04\"\n            data-room-name=\"Lokal C3 - Parallel sessions\"\n            data-day=\"1\"\n            data-abs-path=\"\"\n            data-speaker=\"Maud Almstr\u00f6m Blom; Jette H. Kjellberg; Mette Hall-Andersen; Katri Kivilaakso; Maiju Korte; Meeri Siukonen\"\n            data-speakercell=\"Maud Almstr\u00f6m Blom; Jette H. Kjellberg; Mette Hall-Andersen; Katri Kivilaakso; Maiju Korte; Meeri Siukonen\"\n            data-info=\"&lt;b&gt;Moderator: &lt;\/b&gt;Arja Rantanen, Finland&lt;br&gt;&lt;br&gt;&lt;p&gt;Preliminary choices shows that this session might get full quickly.&lt;\/p&gt;\n&lt;p&gt;Be sure to plan a second option in your personal program, and we kindly ask you to respect limitations due to security policy.&lt;\/p&gt;\n&lt;p&gt;&amp;nbsp;&lt;\/p&gt;\n&lt;p&gt;10:30-11:00&lt;br \/&gt;&lt;strong&gt;Bevara enskilda arkiv i en svensk kontext&lt;\/strong&gt;, Maud Almstr&amp;ouml;m Blom \ud83c\uddf8\ud83c\uddea&lt;\/p&gt;\n&lt;p&gt;Privatarkiven &amp;auml;r sparsamt reglerade i svensk lagstiftning. De flesta av Riksarkivets uppgifter n&amp;auml;r det g&amp;auml;ller privatarkiv &amp;auml;r uttryckta s&amp;aring; att myndigheten &lt;u&gt;f&amp;aring;r&lt;\/u&gt; g&amp;ouml;ra det, inte ska. Det inneb&amp;auml;r att dessa uppgifter riskerar att f&amp;aring; st&amp;aring; tillbaka vid prioriteringar inom myndigheten till f&amp;ouml;rm&amp;aring;n f&amp;ouml;r de tvingande uppgifter som Riksarkivet ska g&amp;ouml;ra. &amp;Auml;r det viktigt med en f&amp;ouml;r&amp;auml;ndring av regelverket n&amp;auml;r det finns verksamheter utanf&amp;ouml;r myndigheten som garanterar bevarandet av privata arkiv?&lt;br \/&gt;&lt;br \/&gt;&lt;\/p&gt;\n&lt;p&gt;11:00-11:30&lt;br \/&gt;&lt;strong&gt;Towards More Inclusive Collecting of Written Memories&lt;\/strong&gt;, Katri Kivilaakso \ud83c\uddeb\ud83c\uddee&lt;\/p&gt;\n&lt;p&gt;Using our collection campaign &quot;Refugee Journeys&quot; as an example, I will discuss the premises of more inclusive collecting of written memories. Though topics and themes of the collections vary, the audience we manage to invite to take part and write, pretty much stays the same from one collection campaign to another. How can we challenge our own practices in order to carry out more inclusive politics of collecting? I want to point out and discuss the difficulties we faced when trying to reach out for a wider, mainly non-finnish-speaking but multilingual audience.&lt;br \/&gt;&lt;br \/&gt;&lt;strong&gt;Increasing the diversity and inclusiveness of cultural heritage&lt;\/strong&gt;, Maiju Korte \ud83c\uddeb\ud83c\uddee og Meeri Siukonen \ud83c\uddeb\ud83c\uddee&lt;\/p&gt;\n&lt;p&gt;In recent years, the Archives of the Finnish Literature Society has taken an active role in increasing the diversity and inclusiveness of Finnish cultural heritage by responding to initiatives arising from within minorities or larger societal discussion. This has been realized first and foremost in two large-scale projects, The Ingria and Ingrians &amp;ndash; recording histories, preserving memories &amp;ndash;project (2018-2020) and Memories of the Stalinist repression -project (2020-2021) The projects have produced a great number of oral history interviews. The Ingrian project also released an online educational resource about Ingrian history and culture.&lt;\/p&gt;\n&lt;p&gt;&lt;br \/&gt;11:30-12:00&lt;\/p&gt;\n&lt;p&gt;&lt;strong&gt;Indsamling af private digitale arkivalier&lt;\/strong&gt;, Jette H. Kjellberg \ud83c\udde9\ud83c\uddf0 og Mette Hall-Andersen \ud83c\udde9\ud83c\uddf0&lt;\/p&gt;\n&lt;p&gt;Den danske arkivlov giver Rigsarkivet mulighed for at indsamle private arkivalier og tr&amp;aelig;ffe s&amp;aelig;rlige aftaler med private arkivskabere. I arkivets strategi for indsamling er det pointeret, at de arkivalier, som indsamles skal v&amp;aelig;re af national betydning. Dette g&amp;aelig;lder ogs&amp;aring; digitale arkivalier, som arkivet gennem de sidste godt 10 &amp;aring;r har gjort sig erfaringer med.&lt;\/p&gt;\n&lt;p&gt;I opl&amp;aelig;gget vil vi komme ind p&amp;aring; Rigsarkivets lovhjemmel i forhold private digitale arkivalier, organiseringen af arbejdet, forskellige metoder til at samle digitale arkivalier ind p&amp;aring;, hvilket &amp;oslash;konomiske omkostninger og udfordringer, der er forbundet med digital arkivering og ikke mindst hvilke erfaringer vi har gjort os indtil videre.&lt;\/p&gt;&lt;br&gt;&lt;br&gt;&lt;b&gt;Dokument: &lt;\/b&gt;&lt;br&gt;&lt;a href='https:\/\/beyond-production.objects.dc-sto1.glesys.net\/projects\/1ec62755-9b51-6318-9c6c-06740b380f04\/documents\/56dXOY29U0cSF3DbVsSbBuVN2nwIKO6acCqliyuD.pdf' target='_blank'&gt;11.30 Jette Kjellberg &amp; Mette Hall-Andersen.pdf&lt;\/a&gt;&lt;br&gt;&lt;a href='https:\/\/beyond-production.objects.dc-sto1.glesys.net\/projects\/1ec62755-9b51-6318-9c6c-06740b380f04\/documents\/kfg8gSTQMimFQEpFUqyGnVB3lAt3VsdnUQRNjMZI.pdf' target='_blank'&gt;11.15 Maiju Korte &amp; Meeri Siukonen.pdf&lt;\/a&gt;&lt;br&gt;&lt;a href='https:\/\/beyond-production.objects.dc-sto1.glesys.net\/projects\/1ec62755-9b51-6318-9c6c-06740b380f04\/documents\/1Te98Hci54SmPlfcEQr4pPo15qqx4iqb1JLKMPhE.pdf' target='_blank'&gt;11.00 Katri Kivilaakso.pdf&lt;\/a&gt;&lt;br&gt;&lt;a href='https:\/\/beyond-production.objects.dc-sto1.glesys.net\/projects\/1ec62755-9b51-6318-9c6c-06740b380f04\/documents\/z2me755dG5P8oFwC0nqNwsPFlbHGOQBoDQcEKHJ2.pdf' target='_blank'&gt;10.30 Maud Almstr\u00f6m Blom.pdf&lt;\/a&gt;&lt;br&gt;&lt;br&gt;\"\n            data-category=\"Effektiv informationshantering\"\n            data-category-ids=\"1251\"\n            data-span-all=\"\"\n                          style=\"background-color: #e0929b; color: white;\"\n                      >\n\n            <div class=\"event_content\">\n              <div class=\"title\">\n                                <span>2.4 Enskilda arkivens betydelse f\u00f6r det gemensamma kulturarvet och det demokratiska samtalet<\/span>\n              <\/div>\n              <div class=\"span_room\"><span><\/span><\/div>\n              <div class=\"time\">\n                <span>\n                  10:30-12:00                <\/span><\/div>\n\n              <div class=\"lecturer\"><span>Maud Almstr\u00f6m Blom; Jette H. Kjellberg; Mette Hall-Andersen; Katri Kivilaakso; Maiju Korte; Meeri Siukonen<\/span><\/div>\n            <\/div>\n\n\n                                <div style=\"background-color:#e0929b; position: absolute !important ; height: 4px !important; left: 4px; right: 4px; bottom : 2px !important;  border\"><\/div>\n            \n          <\/div>\n\n      \n          <div class=\"event event-extra\"\n            data-id=\"1ec6c802-ec88-6d78-836c-06740b380f04\"\n            data-project=\"1ec62755-9b51-6318-9c6c-06740b380f04\"\n            data-title=\"Workshop - Archiving by Design Workshop - nytenking rundt offentlige virksomheter arkivering i en digital tid\"\n            data-abs-nbr=\"\"\n            data-ystart=\"10.5\"\n            data-yend=\"12\"\n            data-time=\"10:30-12:00\"\n            data-room=\"5\"\n            data-room-id=\"1ec63106-320d-6cfc-a9c6-06740b380f04\"\n            data-room-name=\"Lokal C4 - Workshops\"\n            data-day=\"1\"\n            data-abs-path=\"\"\n            data-speaker=\"Espen Sj\u00f8voll; Cathrin Blitzner M\u00f8ller\"\n            data-speakercell=\"Espen Sj\u00f8voll; Cathrin Blitzner M\u00f8ller\"\n            data-info=\"&lt;p&gt;&lt;strong&gt;V&amp;auml;rd:&lt;\/strong&gt; Espen Sj&amp;oslash;voll \ud83c\uddf3\ud83c\uddf4&lt;\/p&gt;\n&lt;p&gt;&lt;strong&gt;Archiving by Design Workshop - nytenking rundt offentlige virksomheter arkivering i en digital tid&lt;\/strong&gt;, Espen Sj&amp;oslash;voll \ud83c\uddf3\ud83c\uddf4 og Cathrin Blitzner M&amp;oslash;ller \ud83c\uddf3\ud83c\uddf4&lt;\/p&gt;\n&lt;p&gt;I workshopen vil Arkivverket presentere ett av sine to hovedsatsningsomr&amp;aring;der; innebygd arkivering. Satsningen har som m&amp;aring;l &amp;aring; bidra til at offentlig ansatte ikke skal beh&amp;oslash;ve &amp;aring; bruke un&amp;oslash;dig tid p&amp;aring; arkivering, og at oppgavel&amp;oslash;sningen p&amp;aring; omr&amp;aring;det skjer s&amp;aring; enkelt og innebygd i eksisterende arbeidsprosesser og -verkt&amp;oslash;y som mulig. Tiden er overmoden for at forvaltningen tenker nytt rundt hvordan offentlige virksomheter tar vare p&amp;aring; arkivverdig dokumentasjon. Under workshopen vil vi g&amp;aring; inn i hvordan vi kan re-tenke arkiv i en digital tid n&amp;aring;r verkt&amp;oslash;y, arbeidsprosesser og teknologi er i stor endring.&lt;\/p&gt;&lt;br&gt;&lt;br&gt;&lt;b&gt;Dokument: &lt;\/b&gt;&lt;br&gt;&lt;a href='https:\/\/beyond-production.objects.dc-sto1.glesys.net\/projects\/1ec62755-9b51-6318-9c6c-06740b380f04\/documents\/znqT7KDzC7WPUScwZ1KCCBXPHH9ZRnmikO89MB4m.pdf' target='_blank'&gt;10.30 Espen Sj\u00f8voll &amp; Cathrin Blitzner M\u00f8ller .pdf&lt;\/a&gt;&lt;br&gt;&lt;br&gt;\"\n            data-category=\"Workshop,Effektiv informationshantering\"\n            data-category-ids=\"1255,1251\"\n            data-span-all=\"\"\n                          style=\"background-color: #ced3ff; color: white;\"\n                      >\n\n            <div class=\"event_content\">\n              <div class=\"title\">\n                                <span>Workshop - Archiving by Design Workshop - nytenking rundt offentlige virksomheter arkivering i en digital tid<\/span>\n              <\/div>\n              <div class=\"span_room\"><span><\/span><\/div>\n              <div class=\"time\">\n                <span>\n                  10:30-12:00                <\/span><\/div>\n\n              <div class=\"lecturer\"><span>Espen Sj\u00f8voll; Cathrin Blitzner M\u00f8ller<\/span><\/div>\n            <\/div>\n\n\n                                <div style=\"background-color:#ced3ff; position: absolute !important ; height: 4px !important; left: 4px; right: 4px; bottom : 2px !important;  border\"><\/div>\n            \n          <\/div>\n\n      \n          <div class=\"event event-extra\"\n            data-id=\"1ed38171-d90f-642e-b8ec-020211776702\"\n            data-project=\"1ec62755-9b51-6318-9c6c-06740b380f04\"\n            data-title=\"Dag 2 - Svenska\"\n            data-abs-nbr=\"\"\n            data-ystart=\"10.5\"\n            data-yend=\"12\"\n            data-time=\"10:30-12:00\"\n            data-room=\"8\"\n            data-room-id=\"1ed22e14-47df-69ba-a91c-020287552602\"\n            data-room-name=\"Only digital sessions\"\n            data-day=\"1\"\n            data-abs-path=\"\"\n            data-speaker=\"\"\n            data-speakercell=\"\"\n            data-info=\"\"\n            data-category=\"\"\n            data-category-ids=\"\"\n            data-span-all=\"\"\n                          style=\"background-color: #347694;; color: white;\"\n                      >\n\n            <div class=\"event_content\">\n              <div class=\"title\">\n                                <span>Dag 2 - Svenska<\/span>\n              <\/div>\n              <div class=\"span_room\"><span><\/span><\/div>\n              <div class=\"time\">\n                <span>\n                  10:30-12:00                <\/span><\/div>\n\n              \n            <\/div>\n\n\n            \n          <\/div>\n\n      \n          <div class=\"event event-extra\"\n            data-id=\"1ec6275c-d7a5-69e8-be2b-06740b380f04\"\n            data-project=\"1ec62755-9b51-6318-9c6c-06740b380f04\"\n            data-title=\"Lunch\"\n            data-abs-nbr=\"\"\n            data-ystart=\"12\"\n            data-yend=\"13.25\"\n            data-time=\"12:00-13:15\"\n            data-room=\"6\"\n            data-room-id=\"1ec6c818-5b77-6238-be18-06740b380f04\"\n            data-room-name=\"Konferensfoaj\u00e9\"\n            data-day=\"1\"\n            data-abs-path=\"\"\n            data-speaker=\"\"\n            data-speakercell=\"\"\n            data-info=\"\"\n            data-category=\"Socialt\"\n            data-category-ids=\"1254\"\n            data-span-all=\"1\"\n                          style=\"background-color: #dddddd; color: white;\"\n                      >\n\n            <div class=\"event_content\">\n              <div class=\"title\">\n                                <span>Lunch<\/span>\n              <\/div>\n              <div class=\"span_room\"><span>Konferensfoaj\u00e9<br\/><\/span><\/div>\n              <div class=\"time\">\n                <span>\n                  12:00-13:15                <\/span><\/div>\n\n              \n            <\/div>\n\n\n                                <div style=\"background-color:#dddddd; position: absolute !important ; height: 4px !important; left: 4px; right: 4px; bottom : 2px !important;  border\"><\/div>\n            \n          <\/div>\n\n      \n          <div class=\"event event-extra\"\n            data-id=\"1ec6c806-e181-6bec-adba-06740b380f04\"\n            data-project=\"1ec62755-9b51-6318-9c6c-06740b380f04\"\n            data-title=\"2.5 Vetenskapliga perspektiv - Norsk helsearkiv og helsearkivregisteret\"\n            data-abs-nbr=\"\"\n            data-ystart=\"13.25\"\n            data-yend=\"13.75\"\n            data-time=\"13:15-13:45\"\n            data-room=\"0\"\n            data-room-id=\"1ec6275b-dcb9-6ab6-b842-06740b380f04\"\n            data-room-name=\"Lokal B123 - Webbs\u00e4nds - Plenary\"\n            data-day=\"1\"\n            data-abs-path=\"\"\n            data-speaker=\"Bj\u00f8rn B\u00f8rresen\"\n            data-speakercell=\"Bj\u00f8rn B\u00f8rresen\"\n            data-info=\"&lt;p&gt;&lt;strong&gt;Norsk helsearkiv og helsearkivregisteret&lt;\/strong&gt;, Bj&amp;oslash;rn B&amp;oslash;rresen \ud83c\uddf3\ud83c\uddf4&lt;\/p&gt;\n&lt;p&gt;Norsk helsearkiv (NHA) er et nytt, nasjonalt helseregister for forskning. NHA digitaliserer pasientarkivene fra offentlige og private sykehus i Norge, samt mottar uttrekk fra elektroniske journalsystemer. Oppgavene best&amp;aring;r i langtidsbevaring og tilrettelegging av historisk pasientinformasjon, samt &amp;aring; tilby dette som data for helsefaglig forskning over en felles plattform for helsedata.&lt;\/p&gt;\n&lt;p&gt;&amp;nbsp;&lt;\/p&gt;\n&lt;p&gt;&lt;iframe src=&quot;https:\/\/player.vimeo.com\/video\/755289570?h=4a8e77ac83&quot; width=&quot;640&quot; height=&quot;564&quot; frameborder=&quot;0&quot; allowfullscreen=&quot;&quot;&gt;&lt;\/iframe&gt;&lt;\/p&gt;&lt;br&gt;&lt;br&gt;&lt;b&gt;Dokument: &lt;\/b&gt;&lt;br&gt;&lt;a href='https:\/\/beyond-production.objects.dc-sto1.glesys.net\/projects\/1ec62755-9b51-6318-9c6c-06740b380f04\/documents\/yGc9xp09gg7ZMiK3JvInRDSKNPk4TsnnCbmW2Tbc.pdf' target='_blank'&gt;13.15 - Bj\u00f8rn B\u00f8rresen.pdf&lt;\/a&gt;&lt;br&gt;&lt;br&gt;\"\n            data-category=\"Effektiv informationshantering\"\n            data-category-ids=\"1251\"\n            data-span-all=\"\"\n                          style=\"background-color: #e0929b; color: white;\"\n                      >\n\n            <div class=\"event_content\">\n              <div class=\"title\">\n                                <span>2.5 Vetenskapliga perspektiv - Norsk helsearkiv og helsearkivregisteret<\/span>\n              <\/div>\n              <div class=\"span_room\"><span><\/span><\/div>\n              <div class=\"time\">\n                <span>\n                  13:15-13:45                <\/span><\/div>\n\n              <div class=\"lecturer\"><span>Bj\u00f8rn B\u00f8rresen<\/span><\/div>\n            <\/div>\n\n\n                                <div style=\"background-color:#e0929b; position: absolute !important ; height: 4px !important; left: 4px; right: 4px; bottom : 2px !important;  border\"><\/div>\n            \n          <\/div>\n\n      \n          <div class=\"event event-extra\"\n            data-id=\"1ec6c80a-7461-670c-938a-06740b380f04\"\n            data-project=\"1ec62755-9b51-6318-9c6c-06740b380f04\"\n            data-title=\"1.5 A Processerna att ta emot, bevara, tillg\u00e4ngligg\u00f6ra och sprida - Arbetss\u00e4tt i f\u00f6r\u00e4ndring, att flytta arkiv, gallring efter skanning\"\n            data-abs-nbr=\"\"\n            data-ystart=\"13.25\"\n            data-yend=\"14.75\"\n            data-time=\"13:15-14:45\"\n            data-room=\"2\"\n            data-room-id=\"1eced49a-525f-6e2a-b03a-020287552602\"\n            data-room-name=\"Lokal C1 - Parallel sessions\"\n            data-day=\"1\"\n            data-abs-path=\"\"\n            data-speaker=\"Niko M\u00e4kinen; Morgan Svedlund; Jan Dahlstr\u00f6m; Stian Norli; Monika Jansson\"\n            data-speakercell=\"Niko M\u00e4kinen; Morgan Svedlund; Jan Dahlstr\u00f6m; Stian Norli; Monika Jansson\"\n            data-info=\"&lt;b&gt;Moderator: &lt;\/b&gt;Synne Stavheim&lt;br&gt;&lt;br&gt;&lt;p&gt;Preliminary choices shows that this session might get full quickly.&lt;\/p&gt;\n&lt;p&gt;Be sure to plan a second option in your personal program, and we kindly ask you to respect limitations due to security policy.&lt;\/p&gt;\n&lt;p&gt;&amp;nbsp;&lt;\/p&gt;\n&lt;p&gt;The&lt;strong&gt; Central Archives in Mikkeli&lt;\/strong&gt;, Niko M&amp;auml;kinen \ud83c\uddeb\ud83c\uddee&lt;\/p&gt;\n&lt;p&gt;In 2018 the National Archives of Finland opened its new archives repository in Mikkeli in the eastern part of Finland. This meant transfers of analog materials on a large scale, the biggest logistic operation in our history. Today one strategic goal of the National Archives is that no new archives repositories are built for analog materials. This goal can be achieved by receiving materials in digital format. Only materials with cultural-historical and scientific value will still be archived permanently in the analog format. Analog material management and effective logistics will support these processes and purposeful operating methods.&lt;\/p&gt;\n&lt;p&gt;&lt;br \/&gt;&lt;strong&gt;Att flytta en hel arkivinstitution&lt;\/strong&gt;, Morgan Svedlund \ud83c\uddf8\ud83c\uddea och Jan Dahlstr&amp;ouml;m \ud83c\uddf8\ud83c\uddea&lt;\/p&gt;\n&lt;p&gt;&amp;Aring;ren 2020-2021 flyttades Krigsarkivets samlade best&amp;aring;nd fr&amp;aring;n Stockholm till T&amp;auml;by. Ett tio&amp;aring;rigt projekt r&amp;ouml;rande Riksarkivets lokaler i Stockholmsomr&amp;aring;det kunde d&amp;aring; avslutas med syftet att uppn&amp;aring; s&amp;auml;ker f&amp;ouml;rvaring av kulturarvet och lokaler b&amp;auml;ttre anpassade till dagens krav p&amp;aring; en rationell arkivverksamhet. Vilka &amp;auml;r erfarenheterna som kan vara till nytta i framtiden?&lt;br \/&gt;&lt;br \/&gt;&lt;strong&gt;Mediekonvertering &amp;ndash; digitalisering for kassasjon i Norge&lt;\/strong&gt;, Stian Norli \ud83c\uddf3\ud83c\uddf4&lt;\/p&gt;\n&lt;p&gt;Den norske forvaltningen har fortsatt n&amp;aelig;rmere &lt;a href=&quot;tel:200000&quot;&gt;200.000&lt;\/a&gt; hm med papirarkiver mens Arkivverket kun har plass til &amp;aring; ta imot 70.000 hm. Lavere priser p&amp;aring; digitalisering og digital lagring har f&amp;oslash;rt til at mediekonvertering (digitalisering for kassasjon) har blitt det viktigste verkt&amp;oslash;yet for &amp;aring; m&amp;oslash;te denne utfordringen. Men dette er ikke alltid f&amp;oslash;rstevalget for de &amp;laquo;papirtunge&amp;raquo; virksomhetene. Arkivverket har derfor tatt i bruk andre virkemidler og incitamenter for &amp;aring; f&amp;aring; staten til &amp;aring; levere digitalt.&lt;br \/&gt;&lt;br \/&gt;&lt;strong&gt;Gallring av pappershandlingar efter skanning&lt;\/strong&gt;, Monika Jansson \ud83c\uddf8\ud83c\uddea&lt;\/p&gt;\n&lt;p&gt;Svenska Riksarkivet gav under &amp;aring;r 2021 ut generella f&amp;ouml;reskrifter som till&amp;aring;ter statliga myndigheter att gallra pappershandlingar efter att de har skannats. Syftet &amp;auml;r att skapa en effektiv f&amp;ouml;rvaltning utan on&amp;ouml;diga kostnader f&amp;ouml;r en dubbel hantering av handlingar p&amp;aring; olika medier ifall det inte beh&amp;ouml;vs. De generella f&amp;ouml;reskrifterna ska underl&amp;auml;tta b&amp;aring;de f&amp;ouml;r Riksarkivet och f&amp;ouml;r andra statliga myndigheter.&lt;\/p&gt;\n&lt;p&gt;&amp;nbsp;&lt;\/p&gt;&lt;br&gt;&lt;br&gt;&lt;b&gt;Dokument: &lt;\/b&gt;&lt;br&gt;&lt;a href='https:\/\/beyond-production.objects.dc-sto1.glesys.net\/projects\/1ec62755-9b51-6318-9c6c-06740b380f04\/documents\/dvQLrqiAqf97c44KrqXtrYfYP19X1ouDaOdm69Io.pdf' target='_blank'&gt;Jan Dalstr\u00f6m_Bilaga 2. Flytt av storformat fr\u00e5n kartsal.pdf&lt;\/a&gt;&lt;br&gt;&lt;a href='https:\/\/beyond-production.objects.dc-sto1.glesys.net\/projects\/1ec62755-9b51-6318-9c6c-06740b380f04\/documents\/wNcEJ8d0urWqVabFjUra6foDchzcR4v6thCVTIrU.pdf' target='_blank'&gt;Jan Dalstr\u00f6m_Bilaga 3. Teknisk kravspecifikation.pdf&lt;\/a&gt;&lt;br&gt;&lt;a href='https:\/\/beyond-production.objects.dc-sto1.glesys.net\/projects\/1ec62755-9b51-6318-9c6c-06740b380f04\/documents\/npoH2RU8q4tHh8hbRQwV1SFsiB1ropK6clpklt0K.pdf' target='_blank'&gt;Jan Dalstr\u00f6m_RA KS 2021-00098 Bilaga.pdf&lt;\/a&gt;&lt;br&gt;&lt;a href='https:\/\/beyond-production.objects.dc-sto1.glesys.net\/projects\/1ec62755-9b51-6318-9c6c-06740b380f04\/documents\/YWlzEg0pVStKC2DWYDEMNaB8r27EmadNtzeDYlu4.pdf' target='_blank'&gt;Jan Dalstr\u00f6m_RA KS 2021-00098 Slutrapport.pdf&lt;\/a&gt;&lt;br&gt;&lt;a href='https:\/\/beyond-production.objects.dc-sto1.glesys.net\/projects\/1ec62755-9b51-6318-9c6c-06740b380f04\/documents\/eLC5w0YNGnxxABZfN4TfvxQkvreRtAv8EVQKRMQ3.pdf' target='_blank'&gt;Jan Dalstr\u00f6m_RA KS 2021-00098 Utv\u00e4rdering.pdf&lt;\/a&gt;&lt;br&gt;&lt;a href='https:\/\/beyond-production.objects.dc-sto1.glesys.net\/projects\/1ec62755-9b51-6318-9c6c-06740b380f04\/documents\/HF0o1v840rwZLDqQDA6v8dE1Y1rNhhx4ekzJtoYM.pdf' target='_blank'&gt;Jan Dalstr\u00f6m_RA-KS 2021-01522 BEKO rapport.pdf&lt;\/a&gt;&lt;br&gt;&lt;a href='https:\/\/beyond-production.objects.dc-sto1.glesys.net\/projects\/1ec62755-9b51-6318-9c6c-06740b380f04\/documents\/p3qbPfAqwruax65SfVmQG6mNKpb0Fz2pSs3S7uhs.pdf' target='_blank'&gt;13.15 Stian Norli.pdf&lt;\/a&gt;&lt;br&gt;&lt;a href='https:\/\/beyond-production.objects.dc-sto1.glesys.net\/projects\/1ec62755-9b51-6318-9c6c-06740b380f04\/documents\/dWZWE3u87eitk8eWf65Yxrf0a6VhIyXsgtsBrDmm.pdf' target='_blank'&gt;13.15 Niko M\u00e4kinen.pdf&lt;\/a&gt;&lt;br&gt;&lt;a href='https:\/\/beyond-production.objects.dc-sto1.glesys.net\/projects\/1ec62755-9b51-6318-9c6c-06740b380f04\/documents\/xIWxBhP3bpKOpPZ1PftSoi4AjrIlSRhS1Ksdrjra.pdf' target='_blank'&gt;13.15 Monika Jansson.pdf&lt;\/a&gt;&lt;br&gt;&lt;a href='https:\/\/beyond-production.objects.dc-sto1.glesys.net\/projects\/1ec62755-9b51-6318-9c6c-06740b380f04\/documents\/DKwctM52l0rlnAxekKX2uHv0bOifBVzwV3uucxrl.pdf' target='_blank'&gt;13.15 Jan Dahlstr\u00f6m &amp; Morgan Svedlund.pdf&lt;\/a&gt;&lt;br&gt;&lt;br&gt;\"\n            data-category=\"Demokrati och r\u00e4tten till arkiv\"\n            data-category-ids=\"1249\"\n            data-span-all=\"\"\n                          style=\"background-color: #9dcdf8; color: white;\"\n                      >\n\n            <div class=\"event_content\">\n              <div class=\"title\">\n                                <span>1.5 A Processerna att ta emot, bevara, tillg\u00e4ngligg\u00f6ra och sprida - Arbetss\u00e4tt i f\u00f6r\u00e4ndring, att flytta arkiv, gallring efter skanning<\/span>\n              <\/div>\n              <div class=\"span_room\"><span><\/span><\/div>\n              <div class=\"time\">\n                <span>\n                  13:15-14:45                <\/span><\/div>\n\n              <div class=\"lecturer\"><span>Niko M\u00e4kinen; Morgan Svedlund; Jan Dahlstr\u00f6m; Stian Norli; Monika Jansson<\/span><\/div>\n            <\/div>\n\n\n                                <div style=\"background-color:#9dcdf8; position: absolute !important ; height: 4px !important; left: 4px; right: 4px; bottom : 2px !important;  border\"><\/div>\n            \n          <\/div>\n\n      \n          <div class=\"event event-extra\"\n            data-id=\"1eced4a7-faf0-673a-993e-020287552602\"\n            data-project=\"1ec62755-9b51-6318-9c6c-06740b380f04\"\n            data-title=\"1.5 B Processerna att ta emot, bevara, tillg\u00e4ngligg\u00f6ra och sprida - Arbetss\u00e4tt i f\u00f6r\u00e4ndring, bevarandeutmaningar\"\n            data-abs-nbr=\"\"\n            data-ystart=\"13.25\"\n            data-yend=\"14.75\"\n            data-time=\"13:15-14:45\"\n            data-room=\"3\"\n            data-room-id=\"1eced49a-a7d9-6108-b599-020287552602\"\n            data-room-name=\"Lokal C2 - Parallel sessions\"\n            data-day=\"1\"\n            data-abs-path=\"\"\n            data-speaker=\"Leif Pettersson; Magdalena Sj\u00f6dahl; Roger Broberg; Celine Orman; Johanna Fries Markiewicz; Istvan Kesckemeti\"\n            data-speakercell=\"Leif Pettersson; Magdalena Sj\u00f6dahl; Roger Broberg; Celine Orman; Johanna Fries Markiewicz; Istvan Kesckemeti\"\n            data-info=\"&lt;b&gt;Moderator: &lt;\/b&gt;Maria Larsson \u00d6stergren&lt;br&gt;&lt;br&gt;&lt;p&gt;13:15-14:00&lt;br \/&gt;&lt;strong&gt;N&amp;auml;r informationen riskeras: skadade arkivhandlingar och utl&amp;auml;mnande&lt;\/strong&gt;, Johanna Fries Markiewicz \ud83c\uddf8\ud83c\uddea and Istvan Kesckemeti \ud83c\uddeb\ud83c\uddee&lt;\/p&gt;\n&lt;p&gt;Med utg&amp;aring;ngspunkt fr&amp;aring;n en dom i H&amp;ouml;gsta F&amp;ouml;rvaltningsdomstolen d&amp;auml;r svenska Riksarkivet fick r&amp;auml;tt att avsl&amp;aring; ett utl&amp;auml;mnande och en digitalisering av arkivhandlingar p&amp;aring; grund av dess mycket d&amp;aring;liga skick diskuteras avv&amp;auml;gningen mellan tillg&amp;auml;ngligg&amp;ouml;rande idag och bevarande f&amp;ouml;r framtiden. Vad inneb&amp;auml;r denna dom n&amp;auml;r vi ska besluta om l&amp;aring;ngsiktiga strategier f&amp;ouml;r nedbrutna och trasiga arkivhandlingar? Hur ser m&amp;ouml;tet mellan juridik och praktik ut, utifr&amp;aring;n en mycket skadad handlings horisont?&lt;\/p&gt;\n&lt;p&gt;Finska Riksarkivets uppdrag &amp;auml;r att s&amp;auml;kerst&amp;auml;lla att myndighetshandlingar som h&amp;ouml;r till det nationella kulturarvet ska f&amp;ouml;rvaras och finnas tillg&amp;auml;ngliga. Beslutsberedningen i fr&amp;aring;ga om material som ska arkiveras baserar sig p&amp;aring; bevarande- och gallringspolicyn samt p&amp;aring; kriterierna f&amp;ouml;r fastst&amp;auml;llande av kulturhistoriskt v&amp;auml;rde. Handlingar som &amp;auml;r kulturhistoriskt v&amp;auml;rdefulla till sitt analoga bevarandeformat ska bevaras analogt. Tv&amp;aring; av de viktigaste kriterierna f&amp;ouml;r kulturhistoriskt v&amp;auml;rde &amp;auml;r handlingens skick och &amp;aring;lder. Riksarkivets konserveringsresurser kommer att inriktas p&amp;aring; konditionsbed&amp;ouml;mningar av samlingar, d&amp;auml;r vi vet att sj&amp;auml;lvdestruktiva eller annars d&amp;aring;ligt h&amp;aring;llbara analogiska handlingar finns.&lt;br \/&gt;&lt;br \/&gt;14:00-14:45&lt;br \/&gt;&lt;strong&gt;Varf&amp;ouml;r ska vi bevara sociala medier?&lt;\/strong&gt; Leif Pettersson \ud83c\uddf8\ud83c\uddea, Magdalena Sj&amp;ouml;dahl \ud83c\uddf8\ud83c\uddea, Roger Broberg \ud83c\uddf8\ud83c\uddea&lt;\/p&gt;\n&lt;p&gt;Sociala medier har m&amp;ouml;jliggjort en ut&amp;ouml;kad dialog i det offentliga rummet. Nyheter sprids snabbare &amp;auml;n n&amp;aring;gonsin, makthavare kan kommunicera direkt med sina v&amp;auml;ljare och alla kan bli opinionsbildare eller influensers. F&amp;ouml;r arkiven skapar detta nya utmaningar och fr&amp;aring;gest&amp;auml;llningar. Hur bevarar vi det som sker p&amp;aring; sociala medier och hur hanterar vi &amp;auml;gandeskap, gr&amp;auml;ns mellan det offentliga och privata, regelverk och lagar f&amp;ouml;r insamling? F&amp;ouml;rel&amp;auml;sning utg&amp;aring;r fr&amp;aring;n fr&amp;aring;gest&amp;auml;llningen: Vad &amp;auml;r syftet med arkiveringen?&lt;br \/&gt;&lt;br \/&gt;&lt;strong&gt;Bevara R&amp;ouml;relse&lt;\/strong&gt;, Celine Orman \ud83c\uddf8\ud83c\uddea&lt;\/p&gt;\n&lt;p&gt;Bevara R&amp;ouml;relse &amp;auml;r ett forsknings- och insamlingsprojekt mellan Sk&amp;aring;nes Dansteater och Celine Orman som dokumenterar m&amp;auml;nniskors upplevelse av dans. Orman vill utmana och utveckla arkivarierollen och hur vi arkiverar och bevarar danskonsten. Dans &amp;auml;r i sin natur flyktig, r&amp;ouml;relsen f&amp;ouml;rsvinner i samma stund som den uppst&amp;aring;r. Bevara R&amp;ouml;relse intervjuar publik, dansare och konstn&amp;auml;rligt team f&amp;ouml;r att samla in upplevelse, id&amp;eacute; och intention bakom ett dansverk. Kan bevarandemetoden anv&amp;auml;ndas i andra sammanhang f&amp;ouml;r att berika arkiven med subjektiva ber&amp;auml;ttelser?&lt;br \/&gt;&lt;br \/&gt;&lt;\/p&gt;&lt;br&gt;&lt;br&gt;&lt;b&gt;Dokument: &lt;\/b&gt;&lt;br&gt;&lt;a href='https:\/\/beyond-production.objects.dc-sto1.glesys.net\/projects\/1ec62755-9b51-6318-9c6c-06740b380f04\/documents\/V6YKro59azyhBXLXXKA8CclrpCtmk0ptBaV64p8k.pdf' target='_blank'&gt;14.00 Leif Pettersson &amp; Magdalena Sj\u00f6dahl &amp; Roger Broberg.pdf&lt;\/a&gt;&lt;br&gt;&lt;a href='https:\/\/beyond-production.objects.dc-sto1.glesys.net\/projects\/1ec62755-9b51-6318-9c6c-06740b380f04\/documents\/lNnNp6g2dxbka0aOeuWlfhbrl1Q1FCa69YYOljn9.pdf' target='_blank'&gt;13.15 Johanna Fries Markiewicz.pdf&lt;\/a&gt;&lt;br&gt;&lt;a href='https:\/\/beyond-production.objects.dc-sto1.glesys.net\/projects\/1ec62755-9b51-6318-9c6c-06740b380f04\/documents\/8ybZ0pjzoK40N7ahVZSSh2XIg8qBgIaLabmuqGnm.pdf' target='_blank'&gt;13.15 Istvan Kecskemeti.pdf&lt;\/a&gt;&lt;br&gt;&lt;br&gt;\"\n            data-category=\"Demokrati och r\u00e4tten till arkiv\"\n            data-category-ids=\"1249\"\n            data-span-all=\"\"\n                          style=\"background-color: #9dcdf8; color: white;\"\n                      >\n\n            <div class=\"event_content\">\n              <div class=\"title\">\n                                <span>1.5 B Processerna att ta emot, bevara, tillg\u00e4ngligg\u00f6ra och sprida - Arbetss\u00e4tt i f\u00f6r\u00e4ndring, bevarandeutmaningar<\/span>\n              <\/div>\n              <div class=\"span_room\"><span><\/span><\/div>\n              <div class=\"time\">\n                <span>\n                  13:15-14:45                <\/span><\/div>\n\n              <div class=\"lecturer\"><span>Leif Pettersson; Magdalena Sj\u00f6dahl; Roger Broberg; Celine Orman; Johanna Fries Markiewicz; Istvan Kesckemeti<\/span><\/div>\n            <\/div>\n\n\n                                <div style=\"background-color:#9dcdf8; position: absolute !important ; height: 4px !important; left: 4px; right: 4px; bottom : 2px !important;  border\"><\/div>\n            \n          <\/div>\n\n      \n          <div class=\"event event-extra\"\n            data-id=\"1ec6c80d-3b5e-642a-97ac-06740b380f04\"\n            data-project=\"1ec62755-9b51-6318-9c6c-06740b380f04\"\n            data-title=\"3.5 Framtiden - en fr\u00e5ga om h\u00e5llbarhet - Politiska ambitioner och milj\u00f6fr\u00e5gor\"\n            data-abs-nbr=\"\"\n            data-ystart=\"13.25\"\n            data-yend=\"14.75\"\n            data-time=\"13:15-14:45\"\n            data-room=\"4\"\n            data-room-id=\"1ec63105-fc5b-62b2-be64-06740b380f04\"\n            data-room-name=\"Lokal C3 - Parallel sessions\"\n            data-day=\"1\"\n            data-abs-path=\"\"\n            data-speaker=\"Kjetil Landrog; Mette Fransiska M. Seidelin; Kristiina Laine\"\n            data-speakercell=\"Kjetil Landrog; Mette Fransiska M. Seidelin; Kristiina Laine\"\n            data-info=\"&lt;b&gt;Moderator: &lt;\/b&gt;Steen Andersen, Danmark&lt;br&gt;&lt;br&gt;&lt;p&gt;13:15-13:45&lt;br \/&gt;&lt;strong&gt;Politisk p&amp;aring;virkningsarbeid&lt;\/strong&gt;, Kjetil Landrog \ud83c\uddf3\ud83c\uddf4&lt;\/p&gt;\n&lt;p&gt;Presentasjonen vil gi informasjon om Arkivforbundets erfaringer fra politisk p&amp;aring;virkningsarbeid. Arkivforbundet er en landsdekkende interesseorganisasjon som jobber for &amp;aring; fremme bevaring og formidling av kommunale og private arkiver. Foredraget vil gi innsikt i hvordan de som en liten interesseorganisasjon de siste &amp;aring;rene i sterke grad har rettet sitt arbeid mot politisk kontakt og innflytelse. Det har skjedd gjennom samtaler med politikere og myndigheter, budsjettinnspill, h&amp;oslash;ringsarbeid m.m.&lt;\/p&gt;\n&lt;p&gt;13:45-14:15&lt;br \/&gt;&lt;strong&gt;Arkivernes rolle i opg&amp;oslash;r med fortiden - om historisk udredningsarbejde&lt;\/strong&gt;, Mette Fransiska M. Seidelin \ud83c\udde9\ud83c\uddf0&lt;\/p&gt;\n&lt;p&gt;I nyere tid har der rundt omkring i verden &amp;ndash; og ikke mindst i Norden &amp;ndash; v&amp;aelig;ret rejst en r&amp;aelig;kke krav om at g&amp;oslash;re op med fortiden, n&amp;aring;r det g&amp;aelig;lder svigt og overgreb p&amp;aring; b&amp;oslash;rn og unge, der var anbragt p&amp;aring; b&amp;oslash;rnehjem i statens varet&amp;aelig;gt. I Danmark gav statsminister Mette Frederiksen i 2019 en undskyldning til tidligere b&amp;oslash;rnehjemsb&amp;oslash;rn, og senest har Socialministeriet nedsat en videnskabelig arbejdsgruppe, der skal unders&amp;oslash;ge, om der er sket svigt og overgreb i s&amp;aelig;rforsorgen i perioden 1933-1980. I opg&amp;oslash;ret med fortiden spiller arkiverne en central rolle, idet fortidens synder skal dokumenteres via deres samlinger.&lt;\/p&gt;\n&lt;p&gt;14:15-14:45&lt;br \/&gt;&lt;strong&gt;Riksarkivets m&amp;aring;ls&amp;auml;ttningar f&amp;ouml;r h&amp;aring;llbar utveckling&lt;\/strong&gt;, Kristiina Laine \ud83c\uddeb\ud83c\uddee&lt;\/p&gt;\n&lt;p&gt;H&amp;aring;llbar utveckling &amp;auml;r en central del av Riksarkivets strategi, och m&amp;aring;ls&amp;auml;ttningarna i F&amp;ouml;renta nationernas Agenda2030 beaktas i all v&amp;aring;r verksamhet. Vi har redan skissat upp v&amp;aring;r egen agenda och nu arbetar vi med hur m&amp;aring;ls&amp;auml;ttningarna ska implementeras. Riksarkivet vill fr&amp;auml;mja &amp;aring;tg&amp;auml;rder som &amp;auml;r etiska och st&amp;ouml;der h&amp;aring;llbar utveckling och vi kommer att m&amp;auml;ta och utv&amp;auml;rdera &amp;aring;tg&amp;auml;rderna regelbundet. V&amp;aring;rt servicel&amp;ouml;fte &amp;auml;r att vi utvecklar och utnyttjar nya s&amp;auml;tt att anv&amp;auml;nda och arkivera offentlig information p&amp;aring; ett h&amp;aring;llbart och kostnadseffektivt s&amp;auml;tt. Arbetet g&amp;ouml;rs i samarbete med bl.a. &amp;nbsp;andra kulturorganisationer.&lt;\/p&gt;\n&lt;p&gt;&amp;nbsp;&lt;\/p&gt;&lt;br&gt;&lt;br&gt;&lt;b&gt;Dokument: &lt;\/b&gt;&lt;br&gt;&lt;a href='https:\/\/beyond-production.objects.dc-sto1.glesys.net\/projects\/1ec62755-9b51-6318-9c6c-06740b380f04\/documents\/TFI98j2zc4mcDkvK6DznKl0REYHQcI8bCI5rADSx.pdf' target='_blank'&gt;14.15 Kristiina Laine.pdf&lt;\/a&gt;&lt;br&gt;&lt;a href='https:\/\/beyond-production.objects.dc-sto1.glesys.net\/projects\/1ec62755-9b51-6318-9c6c-06740b380f04\/documents\/q4wt1whFA7trEQoGRFwZY7RAqcd7lvVhCP0SPIVA.pdf' target='_blank'&gt;13.45 Mette Seidelin &amp; Annemarie Borregaard.pdf&lt;\/a&gt;&lt;br&gt;&lt;a href='https:\/\/beyond-production.objects.dc-sto1.glesys.net\/projects\/1ec62755-9b51-6318-9c6c-06740b380f04\/documents\/xukw7Ke6a5jOMD9gY4jx2jGBjZYFOMPOFIXxY18m.pdf' target='_blank'&gt;13.15 Kjetil Landrog.pdf&lt;\/a&gt;&lt;br&gt;&lt;br&gt;\"\n            data-category=\"Arkiv p\u00e5 r\u00e4tt s\u00e4tt -  om legala och etiska aspekter\"\n            data-category-ids=\"1252\"\n            data-span-all=\"\"\n                          style=\"background-color: #fadf9f; color: white;\"\n                      >\n\n            <div class=\"event_content\">\n              <div class=\"title\">\n                                <span>3.5 Framtiden - en fr\u00e5ga om h\u00e5llbarhet - Politiska ambitioner och milj\u00f6fr\u00e5gor<\/span>\n              <\/div>\n              <div class=\"span_room\"><span><\/span><\/div>\n              <div class=\"time\">\n                <span>\n                  13:15-14:45                <\/span><\/div>\n\n              <div class=\"lecturer\"><span>Kjetil Landrog; Mette Fransiska M. Seidelin; Kristiina Laine<\/span><\/div>\n            <\/div>\n\n\n                                <div style=\"background-color:#fadf9f; position: absolute !important ; height: 4px !important; left: 4px; right: 4px; bottom : 2px !important;  border\"><\/div>\n            \n          <\/div>\n\n      \n          <div class=\"event event-extra\"\n            data-id=\"1ec6c810-3cca-6054-b6f4-06740b380f04\"\n            data-project=\"1ec62755-9b51-6318-9c6c-06740b380f04\"\n            data-title=\"Workshop - Tv\u00e5filig motorv\u00e4g till Riksarkivet\"\n            data-abs-nbr=\"\"\n            data-ystart=\"13.25\"\n            data-yend=\"13.75\"\n            data-time=\"13:15-13:45\"\n            data-room=\"5\"\n            data-room-id=\"1ec63106-320d-6cfc-a9c6-06740b380f04\"\n            data-room-name=\"Lokal C4 - Workshops\"\n            data-day=\"1\"\n            data-abs-path=\"\"\n            data-speaker=\"Susanne Blomqvist; Elin Lindstr\u00f6m\"\n            data-speakercell=\"Susanne Blomqvist; Elin Lindstr\u00f6m\"\n            data-info=\"&lt;p&gt;&lt;strong&gt;V&amp;auml;rd:&lt;\/strong&gt; Hei&amp;eth;ar Lind Hansson \ud83c\uddee\ud83c\uddf8&lt;\/p&gt;\n&lt;p&gt;&lt;strong&gt;Tv&amp;aring;filig motorv&amp;auml;g till Riksarkivet&lt;\/strong&gt;, Susanne Blomqvist \ud83c\uddf8\ud83c\uddea och Elin Lindstr&amp;ouml;m \ud83c\uddf8\ud83c\uddea&lt;\/p&gt;\n&lt;p&gt;Idag kan Riksarkivets anv&amp;auml;ndare best&amp;auml;lla uppgifter och kopior genom best&amp;auml;llningsformul&amp;auml;r p&amp;aring; Riksarkivets hemsida. Bes&amp;ouml;kare kan best&amp;auml;lla material till l&amp;auml;sesal inf&amp;ouml;r ett planerat bes&amp;ouml;k. Best&amp;auml;llningar kan g&amp;ouml;ras dygnet runt och tj&amp;auml;nsterna ger f&amp;ouml;rdelar f&amp;ouml;r v&amp;aring;ra anv&amp;auml;ndare och bidrar samtidigt till en effektivare handl&amp;auml;ggning. M&amp;aring;let &amp;auml;r att Riksarkivet ska vara tillg&amp;auml;ngligt f&amp;ouml;r alla, f&amp;ouml;r myndigheter, forskare och eng&amp;aring;ngsanv&amp;auml;ndare. Ett samtal om anv&amp;auml;ndare och hur olika tj&amp;auml;nster kan anpassas p&amp;aring; b&amp;auml;sta s&amp;auml;tt f&amp;ouml;r olika behov.&lt;\/p&gt;&lt;br&gt;&lt;br&gt;&lt;b&gt;Dokument: &lt;\/b&gt;&lt;br&gt;&lt;a href='https:\/\/beyond-production.objects.dc-sto1.glesys.net\/projects\/1ec62755-9b51-6318-9c6c-06740b380f04\/documents\/lFw4mTmciH1dDII1PLyexSneYLvvx2vzvJvaz2rT.pdf' target='_blank'&gt;13.15 Susanne Blomqvist &amp; Elin Lindstr\u00f6m.pdf&lt;\/a&gt;&lt;br&gt;&lt;br&gt;1: F\u00f6rinspelad film - L\u00e4sesalsbest\u00e4llning&lt;br&gt;&lt;br\/&gt;2: F\u00f6rinspelad film - Riksarkivets webbformul\u00e4r\"\n            data-category=\"Workshop,Effektiv informationshantering\"\n            data-category-ids=\"1255,1251\"\n            data-span-all=\"\"\n                          style=\"background-color: #ced3ff; color: white;\"\n                      >\n\n            <div class=\"event_content\">\n              <div class=\"title\">\n                                <span>Workshop - Tv\u00e5filig motorv\u00e4g till Riksarkivet<\/span>\n              <\/div>\n              <div class=\"span_room\"><span><\/span><\/div>\n              <div class=\"time\">\n                <span>\n                  13:15-13:45                <\/span><\/div>\n\n              <div class=\"lecturer\"><span>Susanne Blomqvist; Elin Lindstr\u00f6m<\/span><\/div>\n            <\/div>\n\n\n                                <div style=\"background-color:#ced3ff; position: absolute !important ; height: 4px !important; left: 4px; right: 4px; bottom : 2px !important;  border\"><\/div>\n            \n          <\/div>\n\n      \n          <div class=\"event event-extra\"\n            data-id=\"1ed38172-2612-6136-ba0b-020211776702\"\n            data-project=\"1ec62755-9b51-6318-9c6c-06740b380f04\"\n            data-title=\"Day 2 - English\"\n            data-abs-nbr=\"\"\n            data-ystart=\"13.333333333333\"\n            data-yend=\"14.833333333333\"\n            data-time=\"13:20-14:50\"\n            data-room=\"8\"\n            data-room-id=\"1ed22e14-47df-69ba-a91c-020287552602\"\n            data-room-name=\"Only digital sessions\"\n            data-day=\"1\"\n            data-abs-path=\"\"\n            data-speaker=\"\"\n            data-speakercell=\"\"\n            data-info=\"\"\n            data-category=\"\"\n            data-category-ids=\"\"\n            data-span-all=\"\"\n                          style=\"background-color: #347694;; color: white;\"\n                      >\n\n            <div class=\"event_content\">\n              <div class=\"title\">\n                                <span>Day 2 - English<\/span>\n              <\/div>\n              <div class=\"span_room\"><span><\/span><\/div>\n              <div class=\"time\">\n                <span>\n                  13:20-14:50                <\/span><\/div>\n\n              \n            <\/div>\n\n\n            \n          <\/div>\n\n      \n          <div class=\"event event-extra\"\n            data-id=\"1ec79e22-b2bc-610c-b0c1-06740b380f04\"\n            data-project=\"1ec62755-9b51-6318-9c6c-06740b380f04\"\n            data-title=\"2.5 Vetenskapliga perspektiv - \u00d6kad tillg\u00e5ng till forskningsdata\"\n            data-abs-nbr=\"\"\n            data-ystart=\"13.75\"\n            data-yend=\"14.25\"\n            data-time=\"13:45-14:15\"\n            data-room=\"0\"\n            data-room-id=\"1ec6275b-dcb9-6ab6-b842-06740b380f04\"\n            data-room-name=\"Lokal B123 - Webbs\u00e4nds - Plenary\"\n            data-day=\"1\"\n            data-abs-path=\"\"\n            data-speaker=\"Elisabeth Strandhagen\"\n            data-speakercell=\"Elisabeth Strandhagen\"\n            data-info=\"&lt;p&gt;&lt;strong&gt;&amp;Ouml;kad tillg&amp;aring;ng till forskningsdata - presentation av SND och SND:s arbete&lt;\/strong&gt;, Elisabeth Strandhagen \ud83c\uddf8\ud83c\uddea&lt;\/p&gt;\n&lt;p&gt;Svensk nationell datatj&amp;auml;nst (SND) &amp;auml;r en forskningsinfrastruktur med uppdrag att skapa m&amp;ouml;jligheter f&amp;ouml;r forskare att beskriva, dela och &amp;aring;teranv&amp;auml;nda forskningsdata. SND &amp;auml;r ett konsortium best&amp;aring;ende av nio av Sveriges st&amp;ouml;rsta l&amp;auml;ros&amp;auml;ten med G&amp;ouml;teborgs universitet som v&amp;auml;rduniversitet.&lt;\/p&gt;\n&lt;p&gt;&lt;iframe src=&quot;https:\/\/player.vimeo.com\/video\/755275405?h=8d1d4b787a&quot; width=&quot;640&quot; height=&quot;564&quot; frameborder=&quot;0&quot; allowfullscreen=&quot;&quot;&gt;&lt;\/iframe&gt;&lt;\/p&gt;&lt;br&gt;&lt;br&gt;&lt;b&gt;Dokument: &lt;\/b&gt;&lt;br&gt;&lt;a href='https:\/\/beyond-production.objects.dc-sto1.glesys.net\/projects\/1ec62755-9b51-6318-9c6c-06740b380f04\/documents\/ki43y7dPoUBd27SStY0HjJrKSbFB7xXJs9byzehF.pdf' target='_blank'&gt;13.45 - Elisabeth Strandhagen.pdf&lt;\/a&gt;&lt;br&gt;&lt;br&gt;\"\n            data-category=\"Effektiv informationshantering\"\n            data-category-ids=\"1251\"\n            data-span-all=\"\"\n                          style=\"background-color: #e0929b; color: white;\"\n                      >\n\n            <div class=\"event_content\">\n              <div class=\"title\">\n                                <span>2.5 Vetenskapliga perspektiv - \u00d6kad tillg\u00e5ng till forskningsdata<\/span>\n              <\/div>\n              <div class=\"span_room\"><span><\/span><\/div>\n              <div class=\"time\">\n                <span>\n                  13:45-14:15                <\/span><\/div>\n\n              <div class=\"lecturer\"><span>Elisabeth Strandhagen<\/span><\/div>\n            <\/div>\n\n\n                                <div style=\"background-color:#e0929b; position: absolute !important ; height: 4px !important; left: 4px; right: 4px; bottom : 2px !important;  border\"><\/div>\n            \n          <\/div>\n\n      \n          <div class=\"event event-extra\"\n            data-id=\"1ec79e42-8215-61b4-abaf-06740b380f04\"\n            data-project=\"1ec62755-9b51-6318-9c6c-06740b380f04\"\n            data-title=\"Workshop - Digitala m\u00f6tesplatser f\u00f6r dialog - inte bara en teknisk fr\u00e5ga\"\n            data-abs-nbr=\"\"\n            data-ystart=\"13.75\"\n            data-yend=\"14.25\"\n            data-time=\"13:45-14:15\"\n            data-room=\"5\"\n            data-room-id=\"1ec63106-320d-6cfc-a9c6-06740b380f04\"\n            data-room-name=\"Lokal C4 - Workshops\"\n            data-day=\"1\"\n            data-abs-path=\"\"\n            data-speaker=\"Andreas Wallg\u00e5rd; Petra Dornbusch\"\n            data-speakercell=\"Andreas Wallg\u00e5rd; Petra Dornbusch\"\n            data-info=\"&lt;p&gt;&lt;strong&gt;V&amp;auml;rd:&lt;\/strong&gt; Hei&amp;eth;ar Lind Hansson \ud83c\uddee\ud83c\uddf8&lt;\/p&gt;\n&lt;p&gt;&lt;strong&gt;Digitala m&amp;ouml;tesplatser f&amp;ouml;r dialog - inte bara en teknisk fr&amp;aring;ga&lt;\/strong&gt;, Andreas Wallg&amp;aring;rd \ud83c\uddf8\ud83c\uddea och Petra Dornbusch \ud83c\uddf8\ud83c\uddea&lt;\/p&gt;\n&lt;p&gt;Riksarkivets konferens med de statliga myndigheternas representanter och s&amp;aring; kallade arkivfrukostar d&amp;auml;r Riksarkivet inbj&amp;ouml;d till dialog i samband med den p&amp;aring;g&amp;aring;ende arkivutredningen fick i samband med Corona-pandemin st&amp;auml;llas om till digitala varianter. M&amp;aring;let var att det p&amp;aring;g&amp;aring;ende samtalet med v&amp;aring;ra anv&amp;auml;ndare skulle forts&amp;auml;tta, trots pandemi. Hur s&amp;aring;g resan ut fr&amp;aring;n analogt till digitalt? Vilka har varit l&amp;auml;rdomarna? Vilka vinster och f&amp;ouml;rluster finns n&amp;auml;r aktiviteter byter rum och hur g&amp;aring;r vi vidare?&lt;\/p&gt;&lt;br&gt;&lt;br&gt;&lt;b&gt;Dokument: &lt;\/b&gt;&lt;br&gt;&lt;a href='https:\/\/beyond-production.objects.dc-sto1.glesys.net\/projects\/1ec62755-9b51-6318-9c6c-06740b380f04\/documents\/xCb8XSOQ264u09JvxoAmfTkweji5f8yrBf4jnPGX.pdf' target='_blank'&gt;13.45 Andreas Wallg\u00e5rd &amp; Petra Dornbusch.pdf&lt;\/a&gt;&lt;br&gt;&lt;br&gt;\"\n            data-category=\"Workshop,Effektiv informationshantering\"\n            data-category-ids=\"1255,1251\"\n            data-span-all=\"\"\n                          style=\"background-color: #ced3ff; color: white;\"\n                      >\n\n            <div class=\"event_content\">\n              <div class=\"title\">\n                                <span>Workshop - Digitala m\u00f6tesplatser f\u00f6r dialog - inte bara en teknisk fr\u00e5ga<\/span>\n              <\/div>\n              <div class=\"span_room\"><span><\/span><\/div>\n              <div class=\"time\">\n                <span>\n                  13:45-14:15                <\/span><\/div>\n\n              <div class=\"lecturer\"><span>Andreas Wallg\u00e5rd; Petra Dornbusch<\/span><\/div>\n            <\/div>\n\n\n                                <div style=\"background-color:#ced3ff; position: absolute !important ; height: 4px !important; left: 4px; right: 4px; bottom : 2px !important;  border\"><\/div>\n            \n          <\/div>\n\n      \n          <div class=\"event event-extra\"\n            data-id=\"1ec79e22-ecfb-6d86-95d2-06740b380f04\"\n            data-project=\"1ec62755-9b51-6318-9c6c-06740b380f04\"\n            data-title=\"2.5 Vetenskapliga perspektiv - Anv\u00e4ndningen av otryckt k\u00e4llmaterial i historisk forskning\"\n            data-abs-nbr=\"\"\n            data-ystart=\"14.25\"\n            data-yend=\"14.75\"\n            data-time=\"14:15-14:45\"\n            data-room=\"0\"\n            data-room-id=\"1ec6275b-dcb9-6ab6-b842-06740b380f04\"\n            data-room-name=\"Lokal B123 - Webbs\u00e4nds - Plenary\"\n            data-day=\"1\"\n            data-abs-path=\"\"\n            data-speaker=\"Erik W\u00e5ngmar\"\n            data-speakercell=\"Erik W\u00e5ngmar\"\n            data-info=\"&lt;p&gt;&lt;strong&gt;Anv&amp;auml;ndningen av otryckt k&amp;auml;llmaterial fr&amp;aring;n arkiv i svensk historisk forskning&lt;\/strong&gt;, Erik W&amp;aring;ngmar \ud83c\uddf8\ud83c\uddea&lt;\/p&gt;\n&lt;p&gt;Erik W&amp;aring;ngmar har bland annat forskat om den minskade anv&amp;auml;ndningen av otryckt k&amp;auml;llmaterial i doktorsavhandlingar och grundutbildningsuppsatser i historia i Sverige 1959-2015. I presentationen diskuteras det faktum att andelen svenska doktorsavhandlingar i historia som anv&amp;auml;nder sig av otryckt k&amp;auml;llmaterial har reducerats fr&amp;aring;n &amp;ouml;ver 90 procent till under 70 procent sedan 2008. Nedg&amp;aring;ngen &amp;auml;r &amp;auml;nnu st&amp;ouml;rre n&amp;auml;r det g&amp;auml;ller uppsatser p&amp;aring; grundutbildningen i historia. Fr&amp;aring;gan &amp;auml;r om en liknande utveckling har &amp;auml;gt rum i de &amp;ouml;vriga nordiska l&amp;auml;nderna och vad man kan g&amp;ouml;ra &amp;aring;t det.&lt;\/p&gt;\n&lt;p&gt;&lt;iframe src=&quot;https:\/\/player.vimeo.com\/video\/755261102?h=44aee13065&quot; width=&quot;640&quot; height=&quot;564&quot; frameborder=&quot;0&quot; allowfullscreen=&quot;&quot;&gt;&lt;\/iframe&gt;&lt;\/p&gt;&lt;br&gt;&lt;br&gt;\"\n            data-category=\"Effektiv informationshantering\"\n            data-category-ids=\"1251\"\n            data-span-all=\"\"\n                          style=\"background-color: #e0929b; color: white;\"\n                      >\n\n            <div class=\"event_content\">\n              <div class=\"title\">\n                                <span>2.5 Vetenskapliga perspektiv - Anv\u00e4ndningen av otryckt k\u00e4llmaterial i historisk forskning<\/span>\n              <\/div>\n              <div class=\"span_room\"><span><\/span><\/div>\n              <div class=\"time\">\n                <span>\n                  14:15-14:45                <\/span><\/div>\n\n              <div class=\"lecturer\"><span>Erik W\u00e5ngmar<\/span><\/div>\n            <\/div>\n\n\n                                <div style=\"background-color:#e0929b; position: absolute !important ; height: 4px !important; left: 4px; right: 4px; bottom : 2px !important;  border\"><\/div>\n            \n          <\/div>\n\n      \n          <div class=\"event event-extra\"\n            data-id=\"1ec79e46-d6e5-64a6-82fa-06740b380f04\"\n            data-project=\"1ec62755-9b51-6318-9c6c-06740b380f04\"\n            data-title=\"Workshop - Lightning talk on democracy\"\n            data-abs-nbr=\"\"\n            data-ystart=\"14.25\"\n            data-yend=\"14.75\"\n            data-time=\"14:15-14:45\"\n            data-room=\"5\"\n            data-room-id=\"1ec63106-320d-6cfc-a9c6-06740b380f04\"\n            data-room-name=\"Lokal C4 - Workshops\"\n            data-day=\"1\"\n            data-abs-path=\"\"\n            data-speaker=\"Hei\u00f0ar Lind Hansson; Jan Dalsten S\u00f8rensen, Danmark; Hrafnkell L\u00e1russon\"\n            data-speakercell=\"Hei\u00f0ar Lind Hansson; Jan Dalsten S\u00f8rensen, Danmark; Hrafnkell L\u00e1russon\"\n            data-info=\"&lt;p&gt;&lt;strong&gt;V&amp;auml;rd:&lt;\/strong&gt; Hei&amp;eth;ar Lind Hansson \ud83c\uddee\ud83c\uddf8&lt;\/p&gt;\n&lt;p&gt;&lt;strong&gt;Lightning talk on democracy&lt;\/strong&gt;, Hei&amp;eth;ar Lind Hansson \ud83c\uddee\ud83c\uddf8&lt;\/p&gt;\n&lt;p&gt;Heidar Lind Hansson will talk about the lightningtalk format, its charachteristics and how it is in practice.&lt;br \/&gt;&lt;br \/&gt;&lt;\/p&gt;\n&lt;p&gt;&lt;strong&gt;An introduction to the concept and moderates a lightning talk on two topics: &amp;rdquo;Demokrati gennem data&amp;rdquo;&lt;\/strong&gt;, Jan Dalsten S&amp;oslash;rensen \ud83c\udde9\ud83c\uddf0&lt;\/p&gt;\n&lt;p&gt;In her talk, Jan Dalsten S&amp;oslash;rensen will exhibit how the The Danish National Archives shared data in its holdings for voters in the Danish municipal elections of 2021. The data consisted of such material as registers and old surveys but the purpose was to help voters to get a better understanding on politicans, voters, the administration and various public service.&lt;br \/&gt;&lt;br \/&gt;&lt;\/p&gt;\n&lt;p&gt;&lt;strong&gt;&amp;rdquo;Democratic rights and Icelandic parliamentary elections&amp;rdquo;&lt;\/strong&gt;, Hrafnkell L&amp;aacute;russon \ud83c\uddee\ud83c\uddf8&lt;\/p&gt;\n&lt;p&gt;Hrafnkell will talk about the obstacles that faced voters in public ballot parliamentary elections in early 20th century Iceland and how they were overcome. Through various documents in both private and public archives, Hrafnkell was able to study these obstacles and how voters were influenced by others.&lt;\/p&gt;&lt;br&gt;&lt;br&gt;&lt;b&gt;Dokument: &lt;\/b&gt;&lt;br&gt;&lt;a href='https:\/\/beyond-production.objects.dc-sto1.glesys.net\/projects\/1ec62755-9b51-6318-9c6c-06740b380f04\/documents\/UgEDZKWfYx59OZ4gT9rRcmkBlgddks2En4Aox05S.pdf' target='_blank'&gt;14.15 Jan Dalsten S\u00f8rensen.pdf&lt;\/a&gt;&lt;br&gt;&lt;a href='https:\/\/beyond-production.objects.dc-sto1.glesys.net\/projects\/1ec62755-9b51-6318-9c6c-06740b380f04\/documents\/20EVk3bZMxemM0v4A4g7994FjjVijYisEA42SGDr.pdf' target='_blank'&gt;14.15 Hrafnkell L\u00e1russon.pdf&lt;\/a&gt;&lt;br&gt;&lt;a href='https:\/\/beyond-production.objects.dc-sto1.glesys.net\/projects\/1ec62755-9b51-6318-9c6c-06740b380f04\/documents\/DjrZS3s9doHEteoOQUNwAc39ogHSfU6jVHk8ndNC.pdf' target='_blank'&gt;14.15 Hei\u00f0ar Lind Hansson.pdf&lt;\/a&gt;&lt;br&gt;&lt;br&gt;\"\n            data-category=\"Workshop,Effektiv informationshantering\"\n            data-category-ids=\"1255,1251\"\n            data-span-all=\"\"\n                          style=\"background-color: #ced3ff; color: white;\"\n                      >\n\n            <div class=\"event_content\">\n              <div class=\"title\">\n                                <span>Workshop - Lightning talk on democracy<\/span>\n              <\/div>\n              <div class=\"span_room\"><span><\/span><\/div>\n              <div class=\"time\">\n                <span>\n                  14:15-14:45                <\/span><\/div>\n\n              <div class=\"lecturer\"><span>Hei\u00f0ar Lind Hansson; Jan Dalsten S\u00f8rensen, Danmark; Hrafnkell L\u00e1russon<\/span><\/div>\n            <\/div>\n\n\n                                <div style=\"background-color:#ced3ff; position: absolute !important ; height: 4px !important; left: 4px; right: 4px; bottom : 2px !important;  border\"><\/div>\n            \n          <\/div>\n\n      \n          <div class=\"event event-extra\"\n            data-id=\"1ec6c811-c3df-6d68-bf72-06740b380f04\"\n            data-project=\"1ec62755-9b51-6318-9c6c-06740b380f04\"\n            data-title=\"Kaffepaus\"\n            data-abs-nbr=\"\"\n            data-ystart=\"14.75\"\n            data-yend=\"15.25\"\n            data-time=\"14:45-15:15\"\n            data-room=\"6\"\n            data-room-id=\"1ec6c818-5b77-6238-be18-06740b380f04\"\n            data-room-name=\"Konferensfoaj\u00e9\"\n            data-day=\"1\"\n            data-abs-path=\"\"\n            data-speaker=\"\"\n            data-speakercell=\"\"\n            data-info=\"\"\n            data-category=\"Socialt\"\n            data-category-ids=\"1254\"\n            data-span-all=\"1\"\n                          style=\"background-color: #dddddd; color: white;\"\n                      >\n\n            <div class=\"event_content\">\n              <div class=\"title\">\n                                <span>Kaffepaus<\/span>\n              <\/div>\n              <div class=\"span_room\"><span>Konferensfoaj\u00e9<br\/><\/span><\/div>\n              <div class=\"time\">\n                <span>\n                  14:45-15:15                <\/span><\/div>\n\n              \n            <\/div>\n\n\n                                <div style=\"background-color:#dddddd; position: absolute !important ; height: 4px !important; left: 4px; right: 4px; bottom : 2px !important;  border\"><\/div>\n            \n          <\/div>\n\n      \n          <div class=\"event event-extra\"\n            data-id=\"1ec6c813-021b-6824-a3c0-06740b380f04\"\n            data-project=\"1ec62755-9b51-6318-9c6c-06740b380f04\"\n            data-title=\"Presentation av gemensamt st\u00e4llningstagande\"\n            data-abs-nbr=\"\"\n            data-ystart=\"15.25\"\n            data-yend=\"15.75\"\n            data-time=\"15:15-15:45\"\n            data-room=\"0\"\n            data-room-id=\"1ec6275b-dcb9-6ab6-b842-06740b380f04\"\n            data-room-name=\"Lokal B123 - Webbs\u00e4nds - Plenary\"\n            data-day=\"1\"\n            data-abs-path=\"\"\n            data-speaker=\"\"\n            data-speakercell=\"\"\n            data-info=\"&lt;p&gt;Panelsamtal med riksarkivarierna.&lt;\/p&gt;\n&lt;p&gt;&lt;iframe src=&quot;https:\/\/player.vimeo.com\/video\/755247618?h=6415562bae&quot; width=&quot;640&quot; height=&quot;564&quot; frameborder=&quot;0&quot; allowfullscreen=&quot;&quot;&gt;&lt;\/iframe&gt;&lt;\/p&gt;&lt;br&gt;&lt;br&gt;&lt;b&gt;Dokument: &lt;\/b&gt;&lt;br&gt;&lt;a href='https:\/\/beyond-production.objects.dc-sto1.glesys.net\/projects\/1ec62755-9b51-6318-9c6c-06740b380f04\/documents\/iBb1rqAvootw12Ed99A10xjBUBgBIH0909dnPKt5.pdf' target='_blank'&gt;Presentation av gemensamt st\u00e4llningstagande.pdf&lt;\/a&gt;&lt;br&gt;&lt;a href='https:\/\/beyond-production.objects.dc-sto1.glesys.net\/projects\/1ec62755-9b51-6318-9c6c-06740b380f04\/documents\/WX3SUg9QYHo3cPwU0TgLvd05avZ9FXmfz7y0u7AE.pdf' target='_blank'&gt;15.15 - Karin \u00c5str\u00f6m Iko - Gemensamt st\u00e4llningstagande-korrigerad.pdf&lt;\/a&gt;&lt;br&gt;&lt;br&gt;\"\n            data-category=\"Gemensamt program\"\n            data-category-ids=\"1250\"\n            data-span-all=\"1\"\n                          style=\"background-color: #c2e798; color: white;\"\n                      >\n\n            <div class=\"event_content\">\n              <div class=\"title\">\n                                <span>Presentation av gemensamt st\u00e4llningstagande<\/span>\n              <\/div>\n              <div class=\"span_room\"><span>Lokal B123 - Webbs\u00e4nds - Plenary<br\/><\/span><\/div>\n              <div class=\"time\">\n                <span>\n                  15:15-15:45                <\/span><\/div>\n\n              \n            <\/div>\n\n\n                                <div style=\"background-color:#c2e798; position: absolute !important ; height: 4px !important; left: 4px; right: 4px; bottom : 2px !important;  border\"><\/div>\n            \n          <\/div>\n\n      \n          <div class=\"event event-extra\"\n            data-id=\"1ec6c815-22ec-6646-8f37-06740b380f04\"\n            data-project=\"1ec62755-9b51-6318-9c6c-06740b380f04\"\n            data-title=\"Konferensen avslutas\"\n            data-abs-nbr=\"\"\n            data-ystart=\"15.75\"\n            data-yend=\"16\"\n            data-time=\"15:45-16:00\"\n            data-room=\"0\"\n            data-room-id=\"1ec6275b-dcb9-6ab6-b842-06740b380f04\"\n            data-room-name=\"Lokal B123 - Webbs\u00e4nds - Plenary\"\n            data-day=\"1\"\n            data-abs-path=\"\"\n            data-speaker=\"\"\n            data-speakercell=\"\"\n            data-info=\"&lt;p&gt;Inbjudan till Nordiska Arkivdagarna 2025 i Norge&lt;\/p&gt;&lt;br&gt;&lt;br&gt;\"\n            data-category=\"Gemensamt program\"\n            data-category-ids=\"1250\"\n            data-span-all=\"1\"\n                          style=\"background-color: #c2e798; color: white;\"\n                      >\n\n            <div class=\"event_content\">\n              <div class=\"title\">\n                                <span>Konferensen avslutas<\/span>\n              <\/div>\n              <div class=\"span_room\"><span>Lokal B123 - Webbs\u00e4nds - Plenary<br\/><\/span><\/div>\n              <div class=\"time\">\n                <span>\n                  15:45-16:00                <\/span><\/div>\n\n              \n            <\/div>\n\n\n                                <div style=\"background-color:#c2e798; position: absolute !important ; height: 4px !important; left: 4px; right: 4px; bottom : 2px !important;  border\"><\/div>\n            \n          <\/div>\n\n      \n          <div class=\"event event-extra\"\n            data-id=\"1ed22e12-50ad-65bc-92ed-020287552602\"\n            data-project=\"1ec62755-9b51-6318-9c6c-06740b380f04\"\n            data-title=\"Only digital sessions\"\n            data-abs-nbr=\"\"\n            data-ystart=\"16\"\n            data-yend=\"20\"\n            data-time=\"16:00-20:00\"\n            data-room=\"8\"\n            data-room-id=\"1ed22e14-47df-69ba-a91c-020287552602\"\n            data-room-name=\"Only digital sessions\"\n            data-day=\"1\"\n            data-abs-path=\"\"\n            data-speaker=\"\"\n            data-speakercell=\"\"\n            data-info=\"&lt;h2&gt;Only digital pre-recorded sessions&lt;\/h2&gt;\n&lt;p&gt;Below you will find information about the pre-recorded session that will only be available here on the digital platform.&amp;nbsp;&lt;br \/&gt;&lt;br \/&gt;&lt;\/p&gt;\n&lt;hr \/&gt;\n&lt;h3&gt;&lt;br \/&gt;Bevarande och gallringspolicyn och skyddet av k&amp;auml;nslig information - hur balanseras motstridiga intressen?&lt;\/h3&gt;\n&lt;p&gt;&lt;strong&gt;Tytti Voutilainen, Finland&lt;\/strong&gt;&lt;\/p&gt;\n&lt;p&gt;Tytti Voutilainen &amp;auml;r filosofie magister i Finlands historia vid &amp;Aring;bo universitet. Hon har ocks&amp;aring; studerat informationsforskning vid Tammerfors universitet. Hon har arbetat som arkivarie i &amp;ouml;ver 30 &amp;aring;r: nio &amp;aring;r som landsarkivarie vid S:t Michels l&amp;auml;nsstyrelse och senare som &amp;ouml;verinspekt&amp;ouml;r och direkt&amp;ouml;r vid S:t Michels landsarkiv. Numera &amp;auml;r hon specialsakkunnig vid Riksarkivet inom forsknings- och experttj&amp;auml;nster. Hennes specialiteter &amp;auml;r bevarande och gallring samt arkivteori.&lt;\/p&gt;\n&lt;p&gt;&amp;nbsp;&lt;\/p&gt;\n&lt;p&gt;&lt;strong&gt;Presentationen handlar om:&lt;\/strong&gt;&lt;\/p&gt;\n&lt;p&gt;Fastst&amp;auml;llandet av bevarandev&amp;auml;rde inneb&amp;auml;r ofta avv&amp;auml;gningar mellan motstridiga intressen. Detta g&amp;auml;ller s&amp;auml;rskilt personuppgifter, som till f&amp;ouml;ljd av EU:s dataskyddsf&amp;ouml;rordning har st&amp;auml;llts i fokus f&amp;ouml;r bevarandeanalysen och gallringen. Vid arkiveringen av personuppgifter m&amp;aring;ste man avv&amp;auml;ga deras betydelse med tanke p&amp;aring; &amp;aring;tminstone kulturella r&amp;auml;ttigheter, yttrandefrihet och skyddet f&amp;ouml;r privatlivet. Presentationen beskriver Riksarkivets nya bevarande- och gallringspolicy, som &amp;auml;gnar s&amp;auml;rskild uppm&amp;auml;rksamhet &amp;aring;t arkiveringen av personuppgifter. Presentationen ger exempel p&amp;aring; hur Riksarkivet vid bevarandeanalysen av personuppgifter till&amp;auml;mpat de m&amp;aring;l och kriterier som beskrivs i policydokumentet.&lt;br \/&gt;&lt;br \/&gt;&lt;\/p&gt;\n&lt;hr \/&gt;\n&lt;h3&gt;&lt;br \/&gt;Nationella anskaffningspolitiken i Finland&lt;\/h3&gt;\n&lt;p&gt;&lt;strong&gt;Vuokko Joki, Finland&lt;\/strong&gt;&lt;\/p&gt;\n&lt;p&gt;FM i historia, olika kortare arbetsf&amp;ouml;rh&amp;aring;llanden vid Ule&amp;aring;borgs landsarkiv och Riksarkivet. &amp;Ouml;verinspekt&amp;ouml;r 1988- (tj&amp;auml;nst) och direkt&amp;ouml;r f&amp;ouml;r landsarkivet i Ule&amp;aring;borg 2002 &amp;ndash; 2016. Direkt&amp;ouml;r f&amp;ouml;r privatarkivverksamhet vid Riksarkivet och lokal direkt&amp;ouml;r f&amp;ouml;r verksamhetsst&amp;auml;llet Ule&amp;aring;borg sedan 1.1.2017. Riksarkivets dataskyddsansvarig 2020-&lt;\/p&gt;\n&lt;p&gt;Finlands Hembygdsf&amp;ouml;rbund, fullm&amp;auml;ktigeledamot och specialsakkunnig i arkivfr&amp;aring;gor 2009-;&amp;nbsp; H&amp;aring;llit kurser f&amp;ouml;r hembygdsarkiv sedan slutet av 1980-talet och en av f&amp;ouml;rfattarna till en handbok f&amp;ouml;r dessa arkiv.&lt;\/p&gt;\n&lt;p&gt;&amp;nbsp;&lt;\/p&gt;\n&lt;p&gt;&lt;strong&gt;Presentationen handlar om:&lt;\/strong&gt;&lt;\/p&gt;\n&lt;p&gt;Riksarkivet, 11 s.k. statsunderst&amp;ouml;dsarkiv samt Musikarkivet kom &amp;ouml;verens om en nationell arbetsf&amp;ouml;rdelning &amp;aring;r 2017. Vi g&amp;aring;r mot en utvidgad nationell anskaffningspolitisk arbetsf&amp;ouml;rdelning. I den s.k. tredje v&amp;aring;gen inbjuds special- och regionala museer samt st&amp;ouml;rre st&amp;auml;der att delta. Fr&amp;aring;gor som lyfts fram &amp;auml;r t.ex. digitala och digitaliserade privatarkiv. Har vi p&amp;aring; l&amp;aring;ng sikt endast en minnesorganisation som tar hand om hela kulturarvet? Hur tas material fr&amp;aring;n sociala medier till vara? Har de nya akt&amp;ouml;rerna beredskap att iaktta olika arkivprinciper och har de ekonomiska resurser f&amp;ouml;r verksamheten? Har alla dessa akt&amp;ouml;rer r&amp;auml;tt och m&amp;ouml;jlighet att ur dataskyddslagstiftningens synvinkel agera i arkiveringssyfte i f&amp;ouml;rh&amp;aring;llande till de m&amp;aring;l av allm&amp;auml;nt intresse som efterstr&amp;auml;vas? En ny arkivlag &amp;auml;r under beredning och den ska enligt planerna tr&amp;auml;da i kraft i b&amp;ouml;rjan av 2023, &amp;auml;ven detta kan ha sina verkningar p&amp;aring; den nationella anskaffningspolitiken.&lt;br \/&gt;&lt;br \/&gt;&lt;\/p&gt;\n&lt;hr \/&gt;\n&lt;h3&gt;&lt;br \/&gt;Teaching Archival Studies&lt;\/h3&gt;\n&lt;p&gt;&lt;strong&gt;Helga J&amp;oacute;na Eir&amp;iacute;ksd&amp;oacute;ttir, Iceland&lt;\/strong&gt;&lt;\/p&gt;\n&lt;p&gt;Helga J&amp;oacute;na Eir&amp;iacute;ksd&amp;oacute;ttir is an assistant professor at the University of Iceland and holds a research position at the NAIS. She is a MA in History and holds a MPA degree.&lt;\/p&gt;\n&lt;p&gt;&amp;nbsp;&lt;\/p&gt;\n&lt;p&gt;&lt;strong&gt;The presentation is about:&lt;\/strong&gt;&lt;\/p&gt;\n&lt;p&gt;Archival studies have been taught at the University of Iceland in collaboration with the National Archives of Iceland for the past two decades. For the longest time it has been in the form of elective courses within the history department and available for students at undergraduate level. Few years back it emerged to a 30 ECTS minor program but last year the program was changed into a 30 ECTS postgraduate diploma in Applied Archival Studies. This change opened new possibilities both in teaching and studying archival science. This lecture will draw on the experience of this change and what the future might hold.&lt;br \/&gt;&lt;br \/&gt;&lt;\/p&gt;\n&lt;hr \/&gt;\n&lt;h3&gt;&lt;br \/&gt;Bland myggor och elefanter &amp;ndash; Om enskilda regionala arkiv i kultursamverkansmodellen&lt;\/h3&gt;\n&lt;p&gt;&lt;strong&gt;Kajsa Ravin&lt;\/strong&gt;&lt;\/p&gt;\n&lt;p&gt;Generaldirekt&amp;ouml;r, Kulturr&amp;aring;det.&lt;\/p&gt;\n&lt;p&gt;&amp;nbsp;&lt;\/p&gt;\n&lt;p&gt;&lt;strong&gt;Presentationen handlar om:&lt;\/strong&gt;&lt;\/p&gt;\n&lt;p&gt;Med utg&amp;aring;ngspunkt i rapporten &amp;rdquo;Ett misch-masch av myggor och elefanter&amp;rdquo;, som handlar om arkiv och film i ett regionalt perspektiv, ber&amp;auml;ttar Kajsa Ravin om f&amp;ouml;ruts&amp;auml;ttningar och m&amp;ouml;jligheter f&amp;ouml;r de enskilda regionala arkiven i Kultursamverkansmodellen. Rapporten har tagits fram tillsammans med Riksarkivet och Filminstitutet.&lt;br \/&gt;&lt;br \/&gt;&lt;\/p&gt;\n&lt;hr \/&gt;\n&lt;h3&gt;&lt;br \/&gt;Bevarande och konservering i Azzolino-samlingen - arbete med att r&amp;auml;dda 1600-talshandlingar med skadligt bl&amp;auml;ck&lt;\/h3&gt;\n&lt;p&gt;&lt;strong&gt;Anna Lagerqvist Alidoost&lt;\/strong&gt;&lt;\/p&gt;\n&lt;p&gt;Anna Lagerqvist Alidoost arbetar sedan 2016 som papperskonservator vid Enheten f&amp;ouml;r Bevarandeteknik och konservering p&amp;aring; Riksarkivet och har dessf&amp;ouml;rinnan arbetat vid Stiftelsen F&amp;ouml;rem&amp;aring;lsv&amp;aring;rd i Kiruna samt i den privata sektorn med konservering och restaurering av interi&amp;ouml;rer i bland annat kyrkor. Anna har en fil kand i kulturv&amp;aring;rd med inriktning papperskonservering fr&amp;aring;n G&amp;ouml;teborgs universitet samt en fil kand och master-examen i humaniora med inriktning konstvetenskap fr&amp;aring;n Uppsala universitet. En viktig del av arbetet vid Riksarkivet innefattar studie av j&amp;auml;rngallusbl&amp;auml;ckets ibland fr&amp;auml;tande effekter p&amp;aring; pappershandlingar, samt behandlingen av dem.&lt;\/p&gt;\n&lt;p&gt;&amp;nbsp;&lt;\/p&gt;\n&lt;p&gt;&lt;strong&gt;Presentationen handlar om:&lt;\/strong&gt;&lt;\/p&gt;\n&lt;p&gt;Azzolino-samlingen i Riksarkivet inneh&amp;aring;ller skrifter och brev skrivna av och till drottning Kristina (1626-1689), mellan fr&amp;auml;mst 1655 och 1690, bland annat Kristinas privata brev till v&amp;auml;nnen Decio Azzolino samt egna, handskrivna texter. Handlingarna innefattar cirka tre hyllmeter, ungef&amp;auml;r 5000 handlingar med framf&amp;ouml;r allt handskriven text som i huvudsak &amp;auml;r skriven med j&amp;auml;rngallusbl&amp;auml;ck. J&amp;auml;rngallusbl&amp;auml;cksfr&amp;auml;tning &amp;auml;r en skada som ofta &amp;aring;terfinns i arkiv. I det h&amp;auml;r best&amp;aring;ndet &amp;auml;r vissa centrala delar i s&amp;aring; d&amp;aring;ligt skick att det finns risk f&amp;ouml;r ren informationsf&amp;ouml;rlust d&amp;auml;r hela delar av text kan f&amp;ouml;rloras. Riksarkivet har i flera delprojekt och delvis i samarbete med Riksantikvarie&amp;auml;mbetet unders&amp;ouml;kt best&amp;aring;ndets tillst&amp;aring;nd, analyserat bl&amp;auml;cket och skadebilden samt utarbetat stabiliseringsmetoder f&amp;ouml;r materialet. Med detta som grund har en v&amp;aring;rdplan utformats f&amp;ouml;r att s&amp;auml;kra det l&amp;aring;ngsiktiga bevarandet av handlingarna f&amp;ouml;r framtiden. Denna presentation kommer redog&amp;ouml;ra f&amp;ouml;r det arbetet.&lt;br \/&gt;&lt;br \/&gt;&lt;\/p&gt;\n&lt;hr \/&gt;\n&lt;h3&gt;&lt;br \/&gt;En ny resurs kring Records Management, LVI och digitalisering fr&amp;aring;n NLA&lt;\/h3&gt;\n&lt;p&gt;&lt;strong&gt;N&amp;auml;ringslivets Arkivr&amp;aring;d, NLA&lt;\/strong&gt;&lt;\/p&gt;\n&lt;p&gt;En ideell f&amp;ouml;rening som vill fr&amp;auml;mja rationell dokumenthantering och arkivering inom f&amp;ouml;retag och organisationer och som arbetar genom kunskapsf&amp;ouml;rmedling och n&amp;auml;tverk.&lt;\/p&gt;\n&lt;p&gt;&lt;strong&gt;Tom Sahlen&lt;\/strong&gt;&lt;\/p&gt;\n&lt;p&gt;Tom har en bakgrund som arkivchef i Sundsvalls kommun men har efter 2011 arbetat som egen konsult, numera som underkonsult hos ArkivIT. Han &amp;auml;r en m&amp;aring;ng&amp;aring;rig medarbetare till N&amp;auml;ringslivets arkivr&amp;aring;d, i vars styrelse han nu ing&amp;aring;r. l boken Informationsf&amp;ouml;rvaltning i offentlig och privat sektor (NLA 2016) har han presenterat ett f&amp;ouml;rslag till ramverk f&amp;ouml;r informationsf&amp;ouml;rvaltning enligt ISO 3030.&lt;\/p&gt;\n&lt;p&gt;&amp;nbsp;&lt;\/p&gt;\n&lt;p&gt;&lt;strong&gt;Presentationen handlar om:&lt;\/strong&gt;&lt;\/p&gt;\n&lt;p&gt;NLA kommer under h&amp;ouml;sten att lansera en webplats kring informationsf&amp;ouml;rvaltning och digitalisering med fokus p&amp;aring; Records Management och Ledningsystem f&amp;ouml;r verksamhetsinformation(LVI). Detta f&amp;ouml;redrag beskriver inneh&amp;aring;ll och uppl&amp;auml;gg och hur NLA och redaktionen planerar att erbjuda kunskap och olika tj&amp;auml;nster f&amp;ouml;r att praktiskt utveckla sin verksamhet. Riksarkivet &amp;auml;r medfinansi&amp;auml;r i projektet.&lt;\/p&gt;\n&lt;p&gt;&amp;nbsp;&lt;\/p&gt;\n&lt;hr \/&gt;\n&lt;h3&gt;Film och video - risker och m&amp;ouml;jligheter \/&amp;nbsp;Film and video - risks and opportunities&lt;\/h3&gt;\n&lt;p&gt;&lt;strong&gt;Beskrivning:&lt;\/strong&gt;&lt;\/p&gt;\n&lt;p&gt;Arm&amp;eacute;-, Marin- och Flygfilm (AMF) &amp;auml;r ett av v&amp;auml;rldens &amp;auml;ldsta filmarkiv, grundat 1920, som i sina samlingar har filmer fr&amp;aring;n det sena 1800-talet och fram&amp;aring;t. Hos AMF finns ca. 10 000 titlar. Vi har en l&amp;aring;ng och gedigen kompetens inom film och video - material som kr&amp;auml;ver mycket specifik f&amp;ouml;rvaring och hantering f&amp;ouml;r att kunna bevaras f&amp;ouml;r framtiden. Med hj&amp;auml;lp av modern teknisk utrustning kan vi omvandla gamla film- och videob&amp;auml;rare till dagens digitala format. I filmen presenterar vi de olika audiovisuella materialens vanligaste &amp;aring;ldersrelaterade skador och hanteringsproblematik samt hur man motverkar dessa. Vi visar ocks&amp;aring; vilka m&amp;ouml;jligheter som finns att &amp;aring;terst&amp;auml;lla skadat material. Och&amp;hellip;..inget arkivmaterial skadades under inspelningen&amp;hellip;.&lt;\/p&gt;\n&lt;p&gt;&amp;nbsp;&lt;\/p&gt;\n&lt;p&gt;&lt;strong&gt;Summary:&lt;\/strong&gt;&lt;\/p&gt;\n&lt;p&gt;Army, Navy and Air Force Film (AMF) is one of the world's oldest film archives, founded in 1920, which has in its collections films from the late 19th century onwards. At AMF there are approximately 10,000 titles. We have a long and solid expertise in film and video - material that requires very specific storage and handling in order to be preserved for the future. With the help of modern technical equipment, we can convert old film and video carriers into today's digital formats. In the film, we present the most common age-related damage and handling problems of the various audiovisual materials, as well as how to counteract these. We also show what possibilities there are for restoring damaged material.&lt;\/p&gt;\n&lt;p&gt;And&amp;hellip;..no archival footage was damaged during filming&amp;hellip;.&lt;\/p&gt;\n&lt;hr \/&gt;&lt;br&gt;&lt;br&gt;1: Tytti Voutilainen, Finland: Bevarande och gallringspolicyn och skyddet av k\u00e4nslig information - hur balanseras motstridiga intressen? (Pre recorded video:)&lt;br&gt;&lt;br\/&gt;2: Vuokko Joki, Finland: Nationella anskaffningspolitiken i Finland (Pre recorded video)&lt;br&gt;&lt;br\/&gt;3: Helga J\u00f3na Eir\u00edksd\u00f3ttir, Iceland: Teaching Archival Studies (Pre recorded video9&lt;br&gt;&lt;br\/&gt;4: Kajsa Ravin: Bland myggor och elefanter \u2013 Om enskilda regionala arkiv i kultursamverkansmodellen (Pre recorded video)&lt;br&gt;&lt;br\/&gt;5: Anna Lagerqvist Alidoost: Bevarande och konservering i Azzolino-samlingen - arbete med att r\u00e4dda 1600-talshandlingar med skadligt bl\u00e4ck (Pre recorded video)&lt;br&gt;&lt;br\/&gt;6: Tom Sahlen: En ny resurs kring Records Management, LVI och digitalisering fr\u00e5n NLA (Pre recorded video)&lt;br&gt;&lt;small&gt;Tom Sahl\u00e9n&lt;\/small&gt;&lt;br&gt;&lt;br\/&gt;7: Arm\u00e9-, Marin- och Flygfilm (AMF): Film och video - risker och m\u00f6jligheter \/ Film and video - risks and opportunities ( Pre recorded video)\"\n            data-category=\"Only digital\"\n            data-category-ids=\"1662\"\n            data-span-all=\"1\"\n                          style=\"background-color: #e00063; color: white;\"\n                      >\n\n            <div class=\"event_content\">\n              <div class=\"title\">\n                                <span>Only digital sessions<\/span>\n              <\/div>\n              <div class=\"span_room\"><span>Only digital sessions<br\/><\/span><\/div>\n              <div class=\"time\">\n                <span>\n                  16:00-20:00                <\/span><\/div>\n\n              \n            <\/div>\n\n\n                                <div style=\"background-color:#e00063; position: absolute !important ; height: 4px !important; left: 4px; right: 4px; bottom : 2px !important;  border\"><\/div>\n            \n          <\/div>\n\n      \n      <div id=\"eventInfo\" class=\"modal fade bs-example-modal-lg\" tabindex=\"-1\" role=\"dialog\" style=\"font-size: medium; line-height: normal; text-transform: none;\">\n        <div class=\"modal-dialog\">\n          <div class=\"modal-content\">\n            <div class=\"modal-header\">\n              <button type=\"button\" class=\"close\" data-dismiss=\"modal\" aria-label=\"Close\">\n                <span aria-hidden=\"true\">&times;<\/span><\/button>\n              <h4 class=\"modal-title\"><\/h4>\n            <\/div>\n            <div class=\"modal-body\">\n              <p class=\"modal-speaker\"><\/p>\n              <p class=\"modal-time\"><\/p>\n              <p class=\"modal-info\"><\/p>\n              <p id=\"modal-abs\"><\/p>\n              <p id=\"modal-abs-oldie\">\n                <span style=\"display: none;\">Du anv\u00e4nder en f\u00f6r\u00e5ldrar webbl\u00e4sare.<\/span>\n                <a id=\"abs-url-oldie\" target=\"_blank\" style=\"display: none;\">Klicka f\u00e4r f\u00f6r att l\u00e4sa bidraget<\/a>\n                <iframe id=\"abs-iframe-oldie\" width=\"100%\" height=\"300px\"><\/iframe>\n              <\/p>\n              <i id=\"modal-abs-spinner\" class=\"fa fa-spinner fa-spin\" aria-hidden=\"true\" style=\"display: none;\"><\/i>\n            <\/div>\n            <div class=\"modal-footer\">\n              <span style=\"text-align: left; float: left;\" class=\"modal-category\"><\/span>\n              <button type=\"button\" class=\"btn btn-default\" data-dismiss=\"modal\">St\u00e4ng<\/button>\n            <\/div>\n          <\/div><!-- \/.modal-content -->\n        <\/div><!-- \/.modal-dialog -->\n      <\/div><!-- \/.modal -->\n\n    <\/div>\n\n  <\/div>\n\n[\/et_pb_text][\/et_pb_column][\/et_pb_row][\/et_pb_section]<\/p>\n","protected":false},"excerpt":{"rendered":"<p>[et_pb_section fb_built=&#8221;1&#8243; _builder_version=&#8221;4.9.2&#8243; _module_preset=&#8221;default&#8221;][et_pb_row _builder_version=&#8221;4.9.2&#8243; _module_preset=&#8221;default&#8221;][et_pb_column _builder_version=&#8221;4.9.2&#8243; _module_preset=&#8221;default&#8221; type=&#8221;4_4&#8243;][et_pb_text _builder_version=&#8221;4.9.2&#8243; _module_preset=&#8221;default&#8221; hover_enabled=&#8221;0&#8243; sticky_enabled=&#8221;0&#8243;][\/et_pb_text][\/et_pb_column][\/et_pb_row][\/et_pb_section]<\/p>\n","protected":false},"author":1,"featured_media":0,"comment_status":"open","ping_status":"open","sticky":false,"template":"","format":"standard","meta":{"_et_pb_use_builder":"on","_et_pb_old_content":"","_et_gb_content_width":""},"categories":[1],"tags":[],"modified_by":"sesam","_links":{"self":[{"href":"https:\/\/program.appinconf.com\/program\/wp-json\/wp\/v2\/posts\/1448"}],"collection":[{"href":"https:\/\/program.appinconf.com\/program\/wp-json\/wp\/v2\/posts"}],"about":[{"href":"https:\/\/program.appinconf.com\/program\/wp-json\/wp\/v2\/types\/post"}],"author":[{"embeddable":true,"href":"https:\/\/program.appinconf.com\/program\/wp-json\/wp\/v2\/users\/1"}],"replies":[{"embeddable":true,"href":"https:\/\/program.appinconf.com\/program\/wp-json\/wp\/v2\/comments?post=1448"}],"version-history":[{"count":3,"href":"https:\/\/program.appinconf.com\/program\/wp-json\/wp\/v2\/posts\/1448\/revisions"}],"predecessor-version":[{"id":1463,"href":"https:\/\/program.appinconf.com\/program\/wp-json\/wp\/v2\/posts\/1448\/revisions\/1463"}],"wp:attachment":[{"href":"https:\/\/program.appinconf.com\/program\/wp-json\/wp\/v2\/media?parent=1448"}],"wp:term":[{"taxonomy":"category","embeddable":true,"href":"https:\/\/program.appinconf.com\/program\/wp-json\/wp\/v2\/categories?post=1448"},{"taxonomy":"post_tag","embeddable":true,"href":"https:\/\/program.appinconf.com\/program\/wp-json\/wp\/v2\/tags?post=1448"}],"curies":[{"name":"wp","href":"https:\/\/api.w.org\/{rel}","templated":true}]}}